{"id":338641,"date":"2026-08-31T04:32:23","date_gmt":"2026-08-31T04:32:23","guid":{"rendered":"https:\/\/www.europesays.com\/no\/338641\/"},"modified":"2026-08-31T04:32:23","modified_gmt":"2026-08-31T04:32:23","slug":"arill-riise-var-doden-naer-kongen-kom-pa-besok","status":"publish","type":"post","link":"https:\/\/www.europesays.com\/no\/338641\/","title":{"rendered":"Arill Riise var d\u00f8den n\u00e6r- Kongen kom p\u00e5 bes\u00f8k"},"content":{"rendered":"\n<ul class=\"_list_145nj_3 _list_64s2r_85 _unordered_145nj_106 text-sans-m\">\n<li class=\"_item_145nj_30\">Arill Riise var ni \u00e5r da et sn\u00f8ras knuste hjemmet hans og drepte tre, inkludert lillebroren Ivar.<\/li>\n<li class=\"_item_145nj_30\">Kong Haralds bes\u00f8k etter tragedien ga tr\u00f8st til familien og lokalsamfunnet.<\/li>\n<li class=\"_item_145nj_30\">Riise deler sin takknemlighet for kongens st\u00f8tte i m\u00f8te med kriser.<\/li>\n<\/ul>\n<p>Vis mer <\/p>\n<p class=\"_paragraph_145nj_4 _paragraph_6fko5_10 layout-component text-serif-m layout-normal text-serif-m layout-padded\">Nyhetsankeret var sikker p\u00e5 at han var d\u00f8d.<\/p>\n<p class=\"_paragraph_145nj_4 _paragraph_6fko5_10 layout-component text-serif-m layout-normal text-serif-m layout-padded\">I tre timer l\u00e5 han begravd i sn\u00f8en.<\/p>\n<p class=\"_paragraph_145nj_4 _paragraph_6fko5_10 layout-component text-serif-m layout-normal text-serif-m layout-padded\">Raset knuste hjemplassen hans. Fire av fem g\u00e5rder ble knust. Mennesker og dyr ble begravd under sn\u00f8massene.<\/p>\n<p class=\"_paragraph_145nj_4 _paragraph_6fko5_10 layout-component text-serif-m layout-normal text-serif-m layout-padded\">Tre mennesker d\u00f8de.<\/p>\n<p class=\"_paragraph_145nj_4 _paragraph_6fko5_10 layout-component text-serif-m layout-normal text-serif-m layout-padded\">Blant dem var lillebroren Ivar p\u00e5 fire \u00e5r.<\/p>\n<p class=\"_paragraph_145nj_4 _paragraph_6fko5_10 layout-component text-serif-m layout-normal text-serif-m layout-padded\">TV 2-profilen Arill Riise (67) var ni \u00e5r gammel da fjellsiden l\u00f8snet over hjemstedet Rise i Hj\u00f8rundfjorden 19. februar 1968.<\/p>\n<p><img alt=\"Foto: Jan Petter Dahl, TV2\" class=\"_image_jw3bv_65 layout-component layout-fullwidth\" data-fullscreen- data-track-element-type=\"Article image fullscreen\" data-track-name=\"ImageFullscreen\" decoding=\"async\" loading=\"lazy\" height=\"1222\" itemprop=\"image\"  src=\"https:\/\/www.europesays.com\/no\/wp-content\/uploads\/2026\/08\/fa48565a-c8a4-3d8a-968b-58bb64852596.jpeg\"  style=\"object-position:0% 0%\" width=\"826\"\/>Foto: Jan Petter Dahl, TV2<\/p>\n<p class=\"_paragraph_145nj_4 _paragraph_6fko5_10 layout-component text-serif-m layout-normal text-serif-m layout-padded\">Arill og lillebroren l\u00e5 og sov p\u00e5 samme rom da sn\u00f8massene raste ned mot det lille klyngetunet p\u00e5 Sunnm\u00f8re. <\/p>\n<p class=\"_paragraph_145nj_4 _paragraph_6fko5_10 layout-component text-serif-m layout-normal text-serif-m layout-padded\">Et 400 meter bredt ras av sn\u00f8 fra 1300 meters h\u00f8yde.<\/p>\n<p class=\"_paragraph_145nj_4 _paragraph_6fko5_10 layout-component text-serif-m layout-normal text-serif-m layout-padded\">\u2013 Jeg v\u00e5knet av en voldsom lyd, og kjente et forferdelig trykk p\u00e5 hele kroppen.<\/p>\n<p class=\"_paragraph_145nj_4 _paragraph_6fko5_10 layout-component text-serif-m layout-normal text-serif-m layout-padded\">Han trodde taket hadde rast sammen.<\/p>\n<p class=\"_paragraph_145nj_4 _paragraph_6fko5_10 layout-component text-serif-m layout-normal text-serif-m layout-padded\">\u2013 Jeg kjente ikke hendene mine, ikke beina.<\/p>\n<p class=\"_paragraph_145nj_4 _paragraph_6fko5_10 layout-component text-serif-m layout-normal text-serif-m layout-padded\">Sn\u00f8en hadde lagt seg som betong rundt kroppen hans.<\/p>\n<p><img alt=\"Foto: Kjell Einar Ljones\/Fra boken \u00abDer ingen var einsam\u00bb\" class=\"_image_jw3bv_65 layout-component layout-fullwidth\" data-fullscreen- data-track-element-type=\"Article image fullscreen\" data-track-name=\"ImageFullscreen\" decoding=\"async\" loading=\"lazy\" height=\"2056\" itemprop=\"image\"  src=\"https:\/\/www.europesays.com\/no\/wp-content\/uploads\/2026\/08\/d307d58d-48fc-32e8-8d2a-380497253948.jpeg\"  style=\"object-position:0% 0%\" width=\"3176\"\/>Foto: Kjell Einar Ljones\/Fra boken \u00abDer ingen var einsam\u00bb<\/p>\n<p class=\"_paragraph_145nj_4 _paragraph_6fko5_10 layout-component text-serif-m layout-normal text-serif-m layout-padded\">\u2013 Jeg pr\u00f8vde \u00e5 rope p\u00e5 moren min. Kanskje gikk det et minutt, kanskje to, s\u00e5 skj\u00f8nte jeg: Dette klarer jeg ikke.<\/p>\n<p class=\"_paragraph_145nj_4 _paragraph_6fko5_10 layout-component text-serif-m layout-normal text-serif-m layout-padded\">Han husker at han pr\u00f8vde \u00e5 sove, \u00e5 slappe av. Det siste han husker er at han tenkte:<\/p>\n<p class=\"_paragraph_145nj_4 _paragraph_6fko5_10 layout-component text-serif-m layout-normal text-serif-m layout-padded\">N\u00e5 gir jeg meg over. Herre, n\u00e5 legger jeg mitt liv i dine hender.<\/p>\n<p class=\"_paragraph_145nj_4 _paragraph_6fko5_10 layout-component text-serif-m layout-normal text-serif-m layout-padded\">\u2013 Jeg kjente p\u00e5 en enorm ro, sier Riise.<\/p>\n<p class=\"_paragraph_145nj_4 _paragraph_6fko5_10 layout-component text-serif-m layout-normal text-serif-m layout-padded\">S\u00e5 var han borte.<\/p>\n<p class=\"_paragraph_145nj_4 _paragraph_6fko5_10 layout-component text-serif-m layout-normal text-serif-m layout-padded\">Moren, faren og s\u00f8steren ble ogs\u00e5 begravd i sn\u00f8massene. Moren og faren var ved bevissthet hele tiden og ble funnet f\u00f8rst da redningen endelig kom.<\/p>\n<p class=\"_paragraph_145nj_4 _paragraph_6fko5_10 layout-component text-serif-m layout-normal text-serif-m layout-padded\">\u2013 Moren min har senere fortalt at det verste med \u00e5 ligge begravet slik, var at hun h\u00f8rte at barna sluttet \u00e5 rope.<\/p>\n<p class=\"_paragraph_145nj_4 _paragraph_6fko5_10 layout-component text-serif-m layout-normal text-serif-m layout-padded\">Det verste var stillheten.<\/p>\n<p><img alt=\"Familien Riise 1965. Fra v. S\u00f8ster Anne Berit, Arill, mor Ragna, far John med Ivar p\u00e5 fanget og bror Martinus Riise. \u2013 Han gjekk p\u00e5 folkeh\u00f8gskule i \u00d8rsta d\u00e5 raset kom og var heldigvis ikkje heime.  Foto:  Foto: J\u00f8rgen Hustadnes\" class=\"_image_jw3bv_65 layout-component layout-fullwidth\" data-fullscreen- data-track-element-type=\"Article image fullscreen\" data-track-name=\"ImageFullscreen\" decoding=\"async\" loading=\"lazy\" height=\"2586\" itemprop=\"image\"  src=\"https:\/\/www.europesays.com\/no\/wp-content\/uploads\/2026\/08\/0e69023c-02c8-37a8-849e-78dd41f47182.jpeg\"  style=\"object-position:0% 0%\" width=\"2163\"\/>Familien Riise 1965. Fra v. S\u00f8ster Anne Berit, Arill, mor Ragna, far John med Ivar p\u00e5 fanget og bror Martinus Riise. \u2013 Han gjekk p\u00e5 folkeh\u00f8gskule i \u00d8rsta d\u00e5 raset kom og var heldigvis ikkje heime.  Foto:  Foto: J\u00f8rgen Hustadnes<\/p>\n<p class=\"_paragraph_145nj_4 _paragraph_6fko5_10 layout-component text-serif-m layout-normal text-serif-m layout-padded\">Lillebroren var d\u00f8d da rednings\u00admannskapet fant ham. Han hadde f\u00e5tt hele ytter\u00adveggen over seg. En bjelke hadde lagt seg over Arill, s\u00e5 han hadde munnen og nesen fri.<\/p>\n<p class=\"_paragraph_145nj_4 _paragraph_6fko5_10 layout-component text-serif-m layout-normal text-serif-m layout-padded\">\u2013 Det reddet meg.<\/p>\n<p class=\"_paragraph_145nj_4 _paragraph_6fko5_10 layout-component text-serif-m layout-normal text-serif-m layout-padded\">Dagen etter <a href=\"https:\/\/www.vg.no\/tag\/kong-harald?utm_source=vg-article&amp;utm_medium=auto-tagger&amp;utm_campaign=430299\" class=\"_link_145nj_39\" rel=\"nofollow noopener\" target=\"_blank\">kong Haralds<\/a> bortgang sitter Riise hjemme i Bergen og forteller om tragedien som rammet ham og familien hans og ei hel bygd for snart 60 \u00e5r siden.<\/p>\n<p class=\"_paragraph_145nj_4 _paragraph_6fko5_10 layout-component text-serif-m layout-normal text-serif-m layout-padded\"><strong class=\"_strong_145nj_25\">Og om hvor mye kong Harald har betydd for hvordan de har klart \u00e5 leve med sorgen etterp\u00e5.<\/strong><\/p>\n<p class=\"_paragraph_145nj_4 _paragraph_6fko5_10 layout-component text-serif-m layout-normal text-serif-m layout-padded\">\u2013 N\u00e5r du ser p\u00e5 \u00f8deleggelsene, er det helt ufattelig at man kan overleve noe s\u00e5nt, sier Riise i dag.<\/p>\n<p><img alt=\"Et eldre ektepar og Arills lillebror p\u00e5 fire \u00e5r omkom.  Foto: Kjell Einar Ljones\/Fra boken \u00abDer ingen var einsam\u00bb\" class=\"_image_jw3bv_65 layout-component layout-fullwidth\" data-fullscreen- data-track-element-type=\"Article image fullscreen\" data-track-name=\"ImageFullscreen\" decoding=\"async\" loading=\"lazy\" height=\"1048\" itemprop=\"image\"  src=\"https:\/\/www.europesays.com\/no\/wp-content\/uploads\/2026\/08\/57314668-e982-3688-b5df-9e04b30a8a20.png\"  style=\"object-position:0% 0%\" width=\"1024\"\/>Et eldre ektepar og Arills lillebror p\u00e5 fire \u00e5r omkom.  Foto: Kjell Einar Ljones\/Fra boken \u00abDer ingen var einsam\u00bb<\/p>\n<p class=\"_paragraph_145nj_4 _paragraph_6fko5_10 layout-component text-serif-m layout-normal text-serif-m layout-padded\">Da han v\u00e5knet i stuen hos naboen, i det eneste huset som ikke var knust av raset, trodde ni \u00e5r gamle Arill at han v\u00e5knet i himmelen.<\/p>\n<p class=\"_paragraph_145nj_4 _paragraph_6fko5_10 layout-component text-serif-m layout-normal text-serif-m layout-padded\">\u2013 Jeg l\u00e5 p\u00e5 gulvet ved en vedovn, foreldrene mine og s\u00f8steren min l\u00e5 ved siden av meg. Under et laken l\u00e5 Ivar.<\/p>\n<p><img alt=\"Foto: Kjell Einar Ljones\/Fra boken \u00abDer ingen var einsam\u00bb\" class=\"_image_jw3bv_65 layout-component layout-normal\" data-fullscreen- data-track-element-type=\"Article image fullscreen\" data-track-name=\"ImageFullscreen\" decoding=\"async\" loading=\"lazy\" height=\"2080\" itemprop=\"image\"  src=\"https:\/\/www.europesays.com\/no\/wp-content\/uploads\/2026\/08\/2d6ffd44-ddaa-31aa-9a01-d533cd5a53cb.jpeg\"  style=\"object-position:0% 0%\" width=\"3208\"\/>Foto: Kjell Einar Ljones\/Fra boken \u00abDer ingen var einsam\u00bb<\/p>\n<p class=\"_paragraph_145nj_4 _paragraph_6fko5_10 layout-component text-serif-m layout-normal text-serif-m layout-padded\">Knapt to uker senere kom en ung mann til det \u00f8delagte g\u00e5rdstunet.<\/p>\n<p class=\"_paragraph_145nj_4 _paragraph_6fko5_10 layout-component text-serif-m layout-normal text-serif-m layout-padded\">Det var dav\u00e6rende kronprins Harald. Det var faren Arill, lensmannen John Riise som ledet omvisningen p\u00e5 rasstedet.<\/p>\n<p class=\"_paragraph_145nj_4 _paragraph_6fko5_10 layout-component text-serif-m layout-normal text-serif-m layout-padded\">\u2013 Det var visst f\u00f8rste gang kronprinsen bes\u00f8kte en stor ulykke eller naturkatastrofe som denne, sier Riise.<\/p>\n<p class=\"_paragraph_145nj_4 _paragraph_6fko5_10 layout-component text-serif-m layout-normal text-serif-m layout-padded\">Kronprinsen skulle egentlig til NM i alpint 1968 i \u00d8rsta, men valgte \u00e5 ta turen til den rasrammede bygda f\u00f8rst. Det ble bestemt bare dagen i forveien.<\/p>\n<p class=\"_paragraph_145nj_4 _paragraph_6fko5_10 layout-component text-serif-m layout-normal text-serif-m layout-padded\">\u2013 Vi var jo i dyp sorg. Jeg hadde akkurat mistet lillebroren min. Men da far spurte om jeg ville m\u00f8te kronprinsen og dele v\u00e5r tragedie, ville jeg det.<\/p>\n<p class=\"_paragraph_145nj_4 _paragraph_6fko5_10 layout-component text-serif-m layout-normal text-serif-m layout-padded\">Riise husker at kronprinsen var godt kledd da han kom g\u00e5ende i sn\u00f8en, et godt stykke fra bilparkeringen. Han tok kronprinsen i h\u00e5nden og ga ham en blomsterbukett.<\/p>\n<p class=\"_paragraph_145nj_4 _paragraph_6fko5_10 layout-component text-serif-m layout-normal text-serif-m layout-padded\">\u2013 Det var plast rundt blomstene og jeg husker at jeg tenkte at man ikke kan gi en kongelig blomsterbukett med plast.<\/p>\n<p class=\"_paragraph_145nj_4 _paragraph_6fko5_10 layout-component text-serif-m layout-normal text-serif-m layout-padded\">Men kronprinsen brydde seg ikke om det.<\/p>\n<p class=\"_paragraph_145nj_4 _paragraph_6fko5_10 layout-component text-serif-m layout-normal text-serif-m layout-padded\">Mellom veltede hus og knuste fj\u00f8s, fortalte ni \u00e5r gamle Arill om sn\u00f8en som kjentes som betong rundt kroppen, om at han var sikker p\u00e5 at han skulle d\u00f8, og om lillebroren p\u00e5 bare fire \u00e5r som n\u00e5 var i himmelen.<\/p>\n<p><img alt=\"Arill Riise (9) m\u00f8tte dav\u00e6rende kronprins Harald etter sn\u00f8raset som tok tre liv, deriblant Arills lillebror Ivar (4).  Foto: Anders Hustadnes\/Fra boken \u00abDer ingen var einsam\u00bb\" class=\"_image_jw3bv_65 layout-component layout-fullwidth\" data-fullscreen- data-track-element-type=\"Article image fullscreen\" data-track-name=\"ImageFullscreen\" decoding=\"async\" loading=\"lazy\" height=\"1226\" itemprop=\"image\"  src=\"https:\/\/www.europesays.com\/no\/wp-content\/uploads\/2026\/08\/8d12eeff-16a3-35f9-9e87-2a594088a11f.png\"  style=\"object-position:0% 0%\" width=\"1516\"\/>Arill Riise (9) m\u00f8tte dav\u00e6rende kronprins Harald etter sn\u00f8raset som tok tre liv, deriblant Arills lillebror Ivar (4).  Foto: Anders Hustadnes\/Fra boken \u00abDer ingen var einsam\u00bb<\/p>\n<p class=\"_paragraph_145nj_4 _paragraph_6fko5_10 layout-component text-serif-m layout-normal text-serif-m layout-padded\">Og kronprinsen lyttet.<\/p>\n<p class=\"_paragraph_145nj_4 _paragraph_6fko5_10 layout-component text-serif-m layout-normal text-serif-m layout-padded\">\u2013 Jeg opplevde ham som veldig til stede og interessert. Jeg hadde en historie \u00e5 fortelle, og jeg f\u00f8lte at han brydde seg. Han var der.<\/p>\n<p class=\"_paragraph_145nj_4 _paragraph_6fko5_10 layout-component text-serif-m layout-normal text-serif-m layout-padded\">Han tok seg god tid.<\/p>\n<p class=\"_paragraph_145nj_4 _paragraph_6fko5_10 layout-component text-serif-m layout-normal text-serif-m layout-padded\">\u2013 For meg, akkurat da, var han bare en mann som var villig til \u00e5 h\u00f8re p\u00e5.<\/p>\n<p class=\"_paragraph_145nj_4 _paragraph_6fko5_10 layout-component text-serif-m layout-normal text-serif-m layout-padded\">Men betydningen av bes\u00f8ket var ogs\u00e5 st\u00f8rre.<\/p>\n<p class=\"_paragraph_145nj_4 _paragraph_6fko5_10 layout-component text-serif-m layout-normal text-serif-m layout-padded\">\u2013 At han kom utl\u00f8ste omtanke fra andre. Vi f\u00f8lte at andre forsto hvor enormt omfattende denne tragedien var. Et helt lite samfunn var utslettede.<\/p>\n<p class=\"_paragraph_145nj_4 _paragraph_6fko5_10 layout-component text-serif-m layout-normal text-serif-m layout-padded\">En dag kom det en klokke i posten fra en dame i Oslo. En annen dag et kort med fine hilsninger fra noen de ikke kjente.<\/p>\n<p><img alt=\"Ni \u00e5r gamle Arill med klokken p\u00e5 armen.  Foto: Privat\" class=\"_image_jw3bv_65 layout-component layout-normal\" data-fullscreen- data-track-element-type=\"Article image fullscreen\" data-track-name=\"ImageFullscreen\" decoding=\"async\" loading=\"lazy\" height=\"1280\" itemprop=\"image\"  src=\"https:\/\/www.europesays.com\/no\/wp-content\/uploads\/2026\/08\/d7794f31-8f9e-3039-bd2d-8d7955c84b9e.jpeg\"  style=\"object-position:0% 0%\" width=\"1246\"\/>Ni \u00e5r gamle Arill med klokken p\u00e5 armen.  Foto: Privat<\/p>\n<p class=\"_paragraph_145nj_4 _paragraph_6fko5_10 layout-component text-serif-m layout-normal text-serif-m layout-padded\">\u2013 Vi ble sett i sorgen. Det var tr\u00f8st i det, sier Riise.<\/p>\n<p class=\"_paragraph_145nj_4 _paragraph_6fko5_10 layout-component text-serif-m layout-normal text-serif-m layout-padded\">Senere har Riise sett hvor stor betydning bes\u00f8ket har hatt, ogs\u00e5 for andre.<\/p>\n<p class=\"_paragraph_145nj_4 _paragraph_6fko5_10 layout-component text-serif-m layout-normal text-serif-m layout-padded\">\u2013 Bes\u00f8ket var starten p\u00e5 en tradisjon han som konge senere har fulgt opp: \u00e5 m\u00f8te folk som er rammet av ulykker og katastrofer, folk i kriser og sorg, sier Riise.<\/p>\n<p><img alt=\"Mor, far og kronprinsesse Sonja fotografert i 1980 da kronprinsessen var p\u00e5 bes\u00f8k p\u00e5 Rise i forbindelse med en fjelltur p\u00e5 Sunnm\u00f8re.  Foto: Arill Riise\/Fra boken \u00abDer ingen var einsam\u00bb\" class=\"_image_jw3bv_65 layout-component layout-normal\" data-fullscreen- data-track-element-type=\"Article image fullscreen\" data-track-name=\"ImageFullscreen\" decoding=\"async\" loading=\"lazy\" height=\"1614\" itemprop=\"image\"  src=\"https:\/\/www.europesays.com\/no\/wp-content\/uploads\/2026\/08\/dcde46a7-44a6-3214-bfb0-e873c88d33e4.jpeg\"  style=\"object-position:0% 0%\" width=\"1074\"\/>Mor, far og kronprinsesse Sonja fotografert i 1980 da kronprinsessen var p\u00e5 bes\u00f8k p\u00e5 Rise i forbindelse med en fjelltur p\u00e5 Sunnm\u00f8re.  Foto: Arill Riise\/Fra boken \u00abDer ingen var einsam\u00bb<\/p>\n<p class=\"_paragraph_145nj_4 _paragraph_6fko5_10 layout-component text-serif-m layout-normal text-serif-m layout-padded\">\u2013 \u00c5 m\u00f8te folk midt i en krise er en veldig god m\u00e5te \u00e5 komme n\u00e6r folket p\u00e5. Det skj\u00f8nte kongen og det har han gjort mange ganger siden.<\/p>\n<p><img alt=\"Etter terrorangrepene 22. juli 2011 bes\u00f8kte kongen og dronning Sonja skadede p\u00e5 Ullev\u00e5l sykehus dagen etter angrepet.  Foto: Mattis Sandblad \/ VG\" class=\"_image_jw3bv_65 layout-component layout-normal\" data-fullscreen- data-track-element-type=\"Article image fullscreen\" data-track-name=\"ImageFullscreen\" decoding=\"async\" loading=\"lazy\" height=\"1362\" itemprop=\"image\"  src=\"https:\/\/www.europesays.com\/no\/wp-content\/uploads\/2026\/08\/320cb997-dbfd-33f9-a2b0-9f559dac6349.jpeg\"  style=\"object-position:0% 0%\" width=\"1824\"\/>Etter terrorangrepene 22. juli 2011 bes\u00f8kte kongen og dronning Sonja skadede p\u00e5 Ullev\u00e5l sykehus dagen etter angrepet.  Foto: Mattis Sandblad \/ VG<\/p>\n<p class=\"_paragraph_145nj_4 _paragraph_6fko5_10 layout-component text-serif-m layout-normal text-serif-m layout-padded\">Noen dager etter kronprinsens bes\u00f8k forlovet Harald seg med sin Sonja. <\/p>\n<p class=\"_paragraph_145nj_4 _paragraph_6fko5_10 layout-component text-serif-m layout-normal text-serif-m layout-padded\">L\u00f8rdag skulle kongeparet ha feiret 58-\u00e5rs bryllupsdag.<\/p>\n<p class=\"_paragraph_145nj_4 _paragraph_6fko5_10 layout-component text-serif-m layout-normal text-serif-m layout-padded\">Lokalbefolkningen bygde husene p\u00e5 Riise opp igjen.<\/p>\n<p class=\"_paragraph_145nj_4 _paragraph_6fko5_10 layout-component text-serif-m layout-normal text-serif-m layout-padded\">\u2013 At de klarte det, ga dem tro p\u00e5 en ny hverdag og et nytt h\u00e5p. Men sporene og minnene sitter fortsatt, sier Arill Riise.<\/p>\n<p><img alt=\"Rise f\u00f8r rastragedien 19. februar 1968.  Foto: Kjell Einar Ljones\/Fra boken \u00abDer ingen var einsam\u00bb\" class=\"_image_jw3bv_65 layout-component layout-normal\" data-fullscreen- data-track-element-type=\"Article image fullscreen\" data-track-name=\"ImageFullscreen\" decoding=\"async\" loading=\"lazy\" height=\"1382\" itemprop=\"image\"  src=\"https:\/\/www.europesays.com\/no\/wp-content\/uploads\/2026\/08\/c44bb3c8-a5ec-36d0-be70-995e5f0144b1.jpeg\"  style=\"object-position:0% 0%\" width=\"2321\"\/>Rise f\u00f8r rastragedien 19. februar 1968.  Foto: Kjell Einar Ljones\/Fra boken \u00abDer ingen var einsam\u00bb<\/p>\n<p class=\"_paragraph_145nj_4 _paragraph_6fko5_10 layout-component text-serif-m layout-normal text-serif-m layout-padded\">Selv flyttet han og familien etter hvert til \u00d8rsta hvor faren var lensmann. <\/p>\n<p class=\"_paragraph_145nj_4 _paragraph_6fko5_10 layout-component text-serif-m layout-normal text-serif-m layout-padded\">Der bodde Riise til han ble student og flyttet til Bergen hvor han n\u00e5 bor med sin kone, som han m\u00f8tte da han var 17 \u00e5r gammel.<\/p>\n<p><img alt=\"Arill og kona Inger Lid Riise.  Foto: Selfie\" class=\"_image_jw3bv_65 layout-component layout-normal\" data-fullscreen- data-track-element-type=\"Article image fullscreen\" data-track-name=\"ImageFullscreen\" decoding=\"async\" loading=\"lazy\" height=\"1432\" itemprop=\"image\"  src=\"https:\/\/www.europesays.com\/no\/wp-content\/uploads\/2026\/08\/e94ba8f4-8681-30ae-ae0d-cd3be0ec77b5.png\"  style=\"object-position:0% 0%\" width=\"1195\"\/>Arill og kona Inger Lid Riise.  Foto: Selfie<\/p>\n<p class=\"_paragraph_145nj_4 _paragraph_6fko5_10 layout-component text-serif-m layout-normal text-serif-m layout-padded\">Riise har b\u00e5ret med seg m\u00f8tet med kongen i over et halvt \u00e5rhundre.<\/p>\n<p class=\"_paragraph_145nj_4 _paragraph_6fko5_10 layout-component text-serif-m layout-normal text-serif-m layout-padded\">\u2013 Jeg kjenner p\u00e5 stor takknemlighet, sier han.<\/p>\n<p class=\"_paragraph_145nj_4 _paragraph_6fko5_10 layout-component text-serif-m layout-normal text-serif-m layout-padded\">Og det er s\u00e6rlig en ting han har tatt med seg.<\/p>\n<p class=\"_paragraph_145nj_4 _paragraph_6fko5_10 layout-component text-serif-m layout-normal text-serif-m layout-padded\">Da kronprinsen skulle dra videre til alpinrenn den s\u00f8ndagen i mars i 1968, overh\u00f8rte ni \u00e5r gamle Arill kronprinsen si til faren:<\/p>\n<p class=\"_paragraph_145nj_4 _paragraph_6fko5_10 layout-component text-serif-m layout-normal text-serif-m layout-padded\">\u00abHan er en gl\u00f8gg-gutt\u00bb.<\/p>\n<p class=\"_paragraph_145nj_4 _paragraph_6fko5_10 layout-component text-serif-m layout-normal text-serif-m layout-padded\">\u2013 Det har jeg tatt med meg gjennom livet.<\/p>\n<p class=\"_paragraph_145nj_4 _paragraph_6fko5_10 layout-component text-serif-m layout-normal text-serif-m layout-padded\">Riise smiler i mobilen.<\/p>\n<p><img alt=\"Arill Rise ble takket avi november i fjor etter flere ti\u00e5r p\u00e5 skjermen. Jeg er sikker p\u00e5 at Kong Haakon kommer til \u00e5 videref\u00f8re tradisjonen med \u00e5 v\u00e6re n\u00e6r folket i tunge tider, sier Arill Riise i dag.  Foto: Jan-Petter Dahl, TV 2 \/ TV 2 \/ NTB\" class=\"_image_jw3bv_65 layout-component layout-normal\" data-fullscreen- data-track-element-type=\"Article image fullscreen\" data-track-name=\"ImageFullscreen\" decoding=\"async\" loading=\"lazy\" height=\"5464\" itemprop=\"image\"  src=\"https:\/\/www.europesays.com\/no\/wp-content\/uploads\/2026\/08\/b8eeaf1b-b22c-3eb9-9a65-097b12b591e4.jpeg\"  style=\"object-position:0% 0%\" width=\"8192\"\/>Arill Rise ble takket avi november i fjor etter flere ti\u00e5r p\u00e5 skjermen. Jeg er sikker p\u00e5 at Kong Haakon kommer til \u00e5 videref\u00f8re tradisjonen med \u00e5 v\u00e6re n\u00e6r folket i tunge tider, sier Arill Riise i dag.  Foto: Jan-Petter Dahl, TV 2 \/ TV 2 \/ NTB<\/p>\n<p class=\"_paragraph_145nj_4 _paragraph_6fko5_10 layout-component text-serif-m layout-normal text-serif-m layout-padded\">I fjor gikk han av med pensjon etter over 40 \u00e5r som journalist og TV-anker i NRK og TV 2. <\/p>\n<p class=\"_paragraph_145nj_4 _paragraph_6fko5_10 layout-component text-serif-m layout-normal text-serif-m layout-padded\">Han har skrevet tre b\u00f8ker, sist boken om oppveksten sin i Hj\u00f8rundfjorden p\u00e5 Sunnm\u00f8re p\u00e5 1960-tallet: \u00abDer ingen var einsam\u00bb. N\u00e5 jobber han som foredragsholder og debattleder p\u00e5 oppdrag.<\/p>\n<p class=\"_paragraph_145nj_4 _paragraph_6fko5_10 layout-component text-serif-m layout-normal text-serif-m layout-padded\">Han fikk d\u00f8den altfor n\u00e6r i altfor ung alder.<\/p>\n<p class=\"_paragraph_145nj_4 _paragraph_6fko5_10 layout-component text-serif-m layout-normal text-serif-m layout-padded\">\u2013 Barn skal ikke v\u00e6re s\u00e5 n\u00e6r d\u00f8den. Barn skal tro at de lever uendelig, sier 67-\u00e5ringen.<\/p>\n<p class=\"_paragraph_145nj_4 _paragraph_6fko5_10 layout-component text-serif-m layout-normal text-serif-m layout-padded\">Selv er han ikke redd for d\u00f8den. Det har han ikke v\u00e6rt siden han l\u00e5 begravet i sn\u00f8en.<\/p>\n<p class=\"_paragraph_145nj_4 _paragraph_6fko5_10 layout-component text-serif-m layout-normal text-serif-m layout-padded\">Han husker enn\u00e5 den roen han f\u00f8lte.<\/p>\n<p class=\"_paragraph_145nj_4 _paragraph_6fko5_10 layout-component text-serif-m layout-normal text-serif-m layout-padded\">\u2013 Jeg frykter ikke d\u00f8den, sier Riise.<\/p>\n<p class=\"_paragraph_145nj_4 _paragraph_6fko5_10 layout-component text-serif-m layout-normal text-serif-m layout-padded\">\u2013 Derimot er det viktig \u00e5 leve alt du kan. For som forfatteren Ingvar Moe sier i diktet \u00abPerspektiv\u00bb:<\/p>\n<p class=\"_paragraph_145nj_4 _paragraph_6fko5_10 layout-component text-serif-m layout-normal text-serif-m layout-padded\">\u00abMe skal leve s\u00e5 kort og vara daue s\u00e5 skrekkjele lenge\u00bb.<\/p>\n<p class=\"_paragraph_145nj_4 _paragraph_6fko5_10 layout-component text-serif-m layout-normal layout-padded\"><strong class=\"_strong_145nj_25\">Les ogs\u00e5:<\/strong> <a href=\"https:\/\/www.vg.no\/i\/7p49m3\" data-track-element-type=\"Link\" data-track-id=\"link:7p49m3\" class=\"_link_145nj_39\" rel=\"nofollow noopener\" target=\"_blank\">De fikk kongens tr\u00f8st<\/a><\/p>\n<p><img alt=\"Slik s\u00e5 det ut i slutten av mai, da sn\u00f8en hadde smeltet.  Foto: Kjell Einar Ljones\/Fra boken \u00abDer ingen var einsam\u00bb\" class=\"_image_jw3bv_65 layout-component layout-normal\" data-fullscreen- data-track-element-type=\"Article image fullscreen\" data-track-name=\"ImageFullscreen\" decoding=\"async\" loading=\"lazy\" height=\"2119\" itemprop=\"image\"  src=\"https:\/\/www.europesays.com\/no\/wp-content\/uploads\/2026\/08\/4ca1e50c-f87f-35b8-b7b2-60a76179d636.jpeg\"  style=\"object-position:0% 0%\" width=\"3032\"\/>Slik s\u00e5 det ut i slutten av mai, da sn\u00f8en hadde smeltet.  Foto: Kjell Einar Ljones\/Fra boken \u00abDer ingen var einsam\u00bb    <\/p>\n","protected":false},"excerpt":{"rendered":"Arill Riise var ni \u00e5r da et sn\u00f8ras knuste hjemmet hans og drepte tre, inkludert lillebroren Ivar. Kong&hellip;\n","protected":false},"author":2,"featured_media":338642,"comment_status":"","ping_status":"","sticky":false,"template":"","format":"standard","meta":{"footnotes":"","_share_on_mastodon":"0"},"categories":[10],"tags":[20,21,24,25,15,6068,26105,22,23,13,30,28,29,14,16,26,27],"class_list":["post-338641","post","type-post","status-publish","format-standard","has-post-thumbnail","category-norge","tag-breaking-news","tag-breakingnews","tag-featured-news","tag-featurednews","tag-headlines","tag-hjorundfjorden","tag-kong-harald-5","tag-latest-news","tag-latestnews","tag-news","tag-no","tag-norge","tag-norway","tag-nyheter","tag-overskrifter","tag-top-stories","tag-topstories"],"share_on_mastodon":{"url":"https:\/\/pubeurope.com\/@no\/117188254715091183","error":""},"_links":{"self":[{"href":"https:\/\/www.europesays.com\/no\/wp-json\/wp\/v2\/posts\/338641","targetHints":{"allow":["GET"]}}],"collection":[{"href":"https:\/\/www.europesays.com\/no\/wp-json\/wp\/v2\/posts"}],"about":[{"href":"https:\/\/www.europesays.com\/no\/wp-json\/wp\/v2\/types\/post"}],"author":[{"embeddable":true,"href":"https:\/\/www.europesays.com\/no\/wp-json\/wp\/v2\/users\/2"}],"replies":[{"embeddable":true,"href":"https:\/\/www.europesays.com\/no\/wp-json\/wp\/v2\/comments?post=338641"}],"version-history":[{"count":0,"href":"https:\/\/www.europesays.com\/no\/wp-json\/wp\/v2\/posts\/338641\/revisions"}],"wp:featuredmedia":[{"embeddable":true,"href":"https:\/\/www.europesays.com\/no\/wp-json\/wp\/v2\/media\/338642"}],"wp:attachment":[{"href":"https:\/\/www.europesays.com\/no\/wp-json\/wp\/v2\/media?parent=338641"}],"wp:term":[{"taxonomy":"category","embeddable":true,"href":"https:\/\/www.europesays.com\/no\/wp-json\/wp\/v2\/categories?post=338641"},{"taxonomy":"post_tag","embeddable":true,"href":"https:\/\/www.europesays.com\/no\/wp-json\/wp\/v2\/tags?post=338641"}],"curies":[{"name":"wp","href":"https:\/\/api.w.org\/{rel}","templated":true}]}}