{"id":338647,"date":"2026-08-31T04:37:29","date_gmt":"2026-08-31T04:37:29","guid":{"rendered":"https:\/\/www.europesays.com\/no\/338647\/"},"modified":"2026-08-31T04:37:29","modified_gmt":"2026-08-31T04:37:29","slug":"naeringsliv-naeringslivsloggen-naeringslivsloggen-tomt-for-penger-i-konkursbo","status":"publish","type":"post","link":"https:\/\/www.europesays.com\/no\/338647\/","title":{"rendered":"N\u00e6ringsliv, N\u00e6ringslivsloggen | N\u00e6ringslivsloggen: Tomt for penger i konkursbo"},"content":{"rendered":"<p>  Endring av styre og daglig leder<\/p>\n<p><b>DVLP AS<\/b> i Klepp har f\u00e5tt nytt styre med Trond Lunde fra Brekkest\u00f8 som styrets leder og Kjell Norvald Skj\u00f8lingstad som styremedlem. Selskapet holder til p\u00e5 Bedriftsvegen 2 p\u00e5 Klepp Stasjon.<\/p>\n<p>Innstilt bobehandling<\/p>\n<p><b>Ekkjo Steel AS<\/b> p\u00e5 Orre i Klepp har f\u00e5tt innstilt bobehandlingen ved S\u00f8r-Rogaland tingrett fordi boets midler ikke kan dekke omkostningene ved fortsatt behandling. Kjennelsen ble avsagt 27. august med en m\u00e5neds ankefrist. Selskapet holdt til i Nordsj\u00f8vegen 110.<\/p>\n<p>Oppl\u00f8sning<\/p>\n<p><b>J\u00e6rkokken AS<\/b> p\u00e5 N\u00e6rb\u00f8 i H\u00e5 er meldt oppl\u00f8st. Eventuelle krav m\u00e5 meldes styrets leder Heine Grov p\u00e5 Kvileitet 6 innen seks uker.<\/p>\n<p>Sletting<\/p>\n<p><b>Arka Rogaland AS<\/b> p\u00e5 Klepp Stasjon i Klepp er slettet etter fusjon med Trucknor AS i Bergen. Det slettede selskapet holdt til i M\u00f8llevegen 8.<\/p>\n<p><b>Ekkjo Steel AS <\/b>p\u00e5 Orre i Klepp er slettet i Foretaksregisteret etter konkursen.<\/p>\n<p>Endring av kapital<\/p>\n<p><b>J\u00e6ren Fargesenter AS<\/b> p\u00e5 N\u00e6rb\u00f8 i H\u00e5 har nedsatt aksjekapitalen fra 700.000 til 500.000 kroner. Nedsettelsesbel\u00f8pet p\u00e5 200.000 kroner skal tilbakebetales til aksjeeierne. Selskapet holder til i Jadarvegen 6A.<\/p>\n<p>Endring av revisor<\/p>\n<p><b>N\u00e6rland Maskin og Eiendom AS<\/b> i Klepp har skiftet til Erga Revisjon AS i Stavanger som ny revisor. Selskapet holder til i Lalandsvegen 33 i Bryne.<\/p>\n<p><b>TGAA Holding AS<\/b> i H\u00e5 har skiftet til Fryd Revisjon AS p\u00e5 Kvernaland som ny revisor. Selskapet holder til i Kr\u00e5kevegen 10 i Varhaug.<\/p>\n<p>Godkjente \u00e5rsregnskap<\/p>\n<p><b>I Time:<\/b><\/p>\n<p><b>I Klepp:<\/b><\/p>\n<p>N\u00e6ringslivsloggen er laget med hjelp av spr\u00e5kmodellen Claude 3.5 Sonnet fra Anthropic, basert p\u00e5 kunngj\u00f8ringer hentet fra Br\u00f8nn\u00f8ysundregistrene.<\/p>\n","protected":false},"excerpt":{"rendered":"Endring av styre og daglig leder DVLP AS i Klepp har f\u00e5tt nytt styre med Trond Lunde fra&hellip;\n","protected":false},"author":2,"featured_media":338648,"comment_status":"","ping_status":"","sticky":false,"template":"","format":"standard","meta":{"footnotes":"","_share_on_mastodon":"0"},"categories":[56],"tags":[36,60,61,1471,1470,62,1676,30,28,29,1510,1469],"class_list":["post-338647","post","type-post","status-publish","format-standard","has-post-thumbnail","category-naeringsliv","tag-art","tag-business","tag-economy","tag-ha","tag-klepp","tag-naeringsliv","tag-naeringslivsloggen","tag-no","tag-norge","tag-norway","tag-story","tag-time"],"share_on_mastodon":{"url":"https:\/\/pubeurope.com\/@no\/117188273270519154","error":""},"_links":{"self":[{"href":"https:\/\/www.europesays.com\/no\/wp-json\/wp\/v2\/posts\/338647","targetHints":{"allow":["GET"]}}],"collection":[{"href":"https:\/\/www.europesays.com\/no\/wp-json\/wp\/v2\/posts"}],"about":[{"href":"https:\/\/www.europesays.com\/no\/wp-json\/wp\/v2\/types\/post"}],"author":[{"embeddable":true,"href":"https:\/\/www.europesays.com\/no\/wp-json\/wp\/v2\/users\/2"}],"replies":[{"embeddable":true,"href":"https:\/\/www.europesays.com\/no\/wp-json\/wp\/v2\/comments?post=338647"}],"version-history":[{"count":0,"href":"https:\/\/www.europesays.com\/no\/wp-json\/wp\/v2\/posts\/338647\/revisions"}],"wp:featuredmedia":[{"embeddable":true,"href":"https:\/\/www.europesays.com\/no\/wp-json\/wp\/v2\/media\/338648"}],"wp:attachment":[{"href":"https:\/\/www.europesays.com\/no\/wp-json\/wp\/v2\/media?parent=338647"}],"wp:term":[{"taxonomy":"category","embeddable":true,"href":"https:\/\/www.europesays.com\/no\/wp-json\/wp\/v2\/categories?post=338647"},{"taxonomy":"post_tag","embeddable":true,"href":"https:\/\/www.europesays.com\/no\/wp-json\/wp\/v2\/tags?post=338647"}],"curies":[{"name":"wp","href":"https:\/\/api.w.org\/{rel}","templated":true}]}}