{"id":338649,"date":"2026-08-31T04:39:12","date_gmt":"2026-08-31T04:39:12","guid":{"rendered":"https:\/\/www.europesays.com\/no\/338649\/"},"modified":"2026-08-31T04:39:12","modified_gmt":"2026-08-31T04:39:12","slug":"vann-renner-fortsatt-nedover-adressa-no","status":"publish","type":"post","link":"https:\/\/www.europesays.com\/no\/338649\/","title":{"rendered":"Vann renner fortsatt nedover &#8211; adressa.no"},"content":{"rendered":"\n<p>Tor Svarva  Daglig leder, Steinkjer N\u00e6ringsforening<\/p>\n<p class=\"lead\">Norsk vannkraft begynte med en ganske enkel observasjon: Vann renner nedover.<\/p>\n<p>Publisert:<br \/>\n  30. august 2026 kl. 22:29<br \/>\n  Oppdatert:<br \/>\n  30. august 2026 kl. 22:29\n <\/p>\n<p>Dette er et debattinnlegg. Det gir uttrykk for debattantens egen holdning.<\/p>\n<p><img decoding=\"async\" src=\"data:image\/gif;base64,R0lGODlhEAAJAIAAAP\/\/\/wAAACH5BAEAAAAALAAAAAAQAAkAAAIKhI+py+0Po5yUFQA7\" alt=\"\"\/><br \/>\n  Tor Svarva<br \/>\n  <strong>Foto:<\/strong> Privat<\/p>\n<p><strong>Av dette bygde vi<\/strong> industri, arbeidsplasser og et av landets viktigste konkurransefortrinn. Fossene var v\u00e5re. Kraftverkene var v\u00e5re. Str\u00f8mmen var billig fordi vi tilfeldigvis bodde i et land med fjell, regn og ganske d\u00e5rlig drenering.<\/p>\n<p>Det var lenge en fordel.<\/p>\n<p>S\u00e5 skjedde det noe med b\u00e5de kraften og spr\u00e5ket rundt den.<\/p>\n<p><strong>I dag krever det <\/strong>gjerne en \u00f8konom, to meteorologer, en kraftanalytiker i dressbukse, bl\u00e5 skjorte og Patagonia-vest for \u00e5 forklare hvorfor vannet som rant nedover i g\u00e5r, koster tre ganger s\u00e5 mye i dag.<\/p>\n<p>Forklaringen kan v\u00e6re kulde. Eller varme. Lite regn. Sen sn\u00f8smelting. Lite vind i Tyskland. Gass i Europa. En kabel. En annen kabel. El Ni\u00f1o. I sommer ogs\u00e5 solform\u00f8rkelsen.<\/p>\n<p><strong>Da str\u00f8mmen fortsatt<\/strong> var dyr etter at m\u00e5nen hadde flyttet seg, viste det seg at \u00e5rsaken kunne v\u00e6re varmt v\u00e6r og lite vind.<\/p>\n<p>Det fine med kraftmarkedet er at man sjelden g\u00e5r tom for v\u00e6r.<\/p>\n<p>Kulde er uheldig fordi vi bruker mer str\u00f8m. Varme kan v\u00e6re uheldig fordi det kan bl\u00e5se mindre. Lite regn er d\u00e5rlig. Sn\u00f8 er bra, med mindre den smelter for sent.<\/p>\n<p><strong>Og s\u00e5 er det<\/strong> magasinene. Er de tomme, kan det skyldes lite regn, sen sn\u00f8smelting, kulde, t\u00f8rke eller at vannet allerede er brukt fordi det bl\u00e5ste for lite. Er de fulle, er heller ikke det n\u00f8dvendigvis ideelt.<\/p>\n<p>Vann viser seg \u00e5 v\u00e6re langt vanskeligere \u00e5 h\u00e5ndtere enn da det bare rant nedover.<\/p>\n<p>Det eneste vi enn\u00e5 ikke har f\u00e5tt, er m\u00e5ka som lander p\u00e5 feil sted, sl\u00e5r ut en kabel over Skagerrak og sender spotprisen opp 38 \u00f8re. Men \u00e5ret er ikke slutt.<\/p>\n<p><a href=\"https:\/\/www.adressa.no\/debatt\/i\/ArQA1q\/toget-som-gaar-rett-forbi-rotvoll\" rel=\"nofollow noopener\" target=\"_blank\"> <img decoding=\"async\" src=\"data:image\/gif;base64,R0lGODlhEAAJAIAAAP\/\/\/wAAACH5BAEAAAAALAAAAAAQAAkAAAIKhI+py+0Po5yUFQA7\" alt=\"\"\/>   Toget som g\u00e5r (rett forbi Rotvoll)  <\/a> <a href=\"https:\/\/www.adressa.no\/debatt\/i\/gkyGLk\/er-drikkevann-paa-flaske-den-nye-oljen\" rel=\"nofollow noopener\" target=\"_blank\"> <img decoding=\"async\" src=\"data:image\/gif;base64,R0lGODlhEAAJAIAAAP\/\/\/wAAACH5BAEAAAAALAAAAAAQAAkAAAIKhI+py+0Po5yUFQA7\" alt=\"\"\/>   Er drikkevann p\u00e5 flaske den nye oljen?  <\/a> <\/p>\n<p><strong>Det interessante er<\/strong> ikke at forklaringene n\u00f8dvendigvis er gale. Det interessante er hvor mange av dem det etter hvert finnes. Nesten enhver meteorologisk, geopolitisk eller ornitologisk hendelse kan tilsynelatende ende samme sted: p\u00e5 str\u00f8mregningen.<\/p>\n<p>N\u00e5r prisen er lav, virker markedet.<\/p>\n<p>N\u00e5r prisen er h\u00f8y, skyldes det v\u00e6ret, Europa, kablene, magasinene, Putin, vinden eller forhold som ingen kunne forutse f\u00f8r de ble forklart i detalj dagen etter.<\/p>\n<p><strong>Hva skjedde <\/strong>med ideen om at mye egen kraft skulle v\u00e6re en fordel?<\/p>\n<p>I generasjoner bygde vi industri p\u00e5 nettopp dette fortrinnet. Kraftkrevende fabrikker ble lagt hit fordi vi hadde noe andre manglet: mye billig kraft. Geografien var et konkurransefortrinn.<\/p>\n<p>N\u00e5 behandles den samme kraften i \u00f8kende grad som en r\u00e5vare som skal prises etter hvor mye det bl\u00e5ser utenfor Hamburg.<\/p>\n<p><strong>Det er en betydelig<\/strong> forflytning: fra kraft som industripolitikk til kraft som marked. Fra et varig fortrinn til en spotpris.<\/p>\n<p>Spr\u00e5ket har fulgt etter. Prissignaler, flaskehalser, markedsintegrasjon og kraftbalanse er presise ord. De har ogs\u00e5 den fordelen at de f\u00e5r oss til \u00e5 glemme hvor enkelt utgangspunktet var:<\/p>\n<p>Vi hadde mye billig energi. Og vi mente det skulle v\u00e6re en fordel. Vi eier fortsatt fossene, vannet og store deler av kraftsystemet.<\/p>\n<p>Men for \u00e5 forst\u00e5 hva str\u00f8mmen koster, trenger vi n\u00e5 v\u00e6rmeldingen for Nordrhein-Westfalen.<\/p>\n<p><strong>Hva mener du? Send inn din tekst til <a href=\"https:\/\/www.adressa.no\/debatt\/i\/8p7bWG\/mailto:debatt@adresseavisen.no\" rel=\"noopener nofollow\" target=\"_blank\">debatt@adresseavisen.no<\/a> eller delta i debatten i kommentarfeltet nederst \u2013 og husk fullt navn!<\/strong><\/p>\n","protected":false},"excerpt":{"rendered":"Tor Svarva Daglig leder, Steinkjer N\u00e6ringsforening Norsk vannkraft begynte med en ganske enkel observasjon: Vann renner nedover. Publisert:&hellip;\n","protected":false},"author":2,"featured_media":338650,"comment_status":"","ping_status":"","sticky":false,"template":"","format":"standard","meta":{"footnotes":"","_share_on_mastodon":"0"},"categories":[10],"tags":[20,21,37,24,25,15,2276,22,23,13,30,28,29,14,16,1810,9621,1501,26,27,1917,3543,7585],"class_list":["post-338649","post","type-post","status-publish","format-standard","has-post-thumbnail","category-norge","tag-breaking-news","tag-breakingnews","tag-debatt","tag-featured-news","tag-featurednews","tag-headlines","tag-kraft","tag-latest-news","tag-latestnews","tag-news","tag-no","tag-norge","tag-norway","tag-nyheter","tag-overskrifter","tag-regn","tag-spotpris","tag-strompriser","tag-top-stories","tag-topstories","tag-vann","tag-vannkraft","tag-vind"],"share_on_mastodon":{"url":"https:\/\/pubeurope.com\/@no\/117188281171049245","error":""},"_links":{"self":[{"href":"https:\/\/www.europesays.com\/no\/wp-json\/wp\/v2\/posts\/338649","targetHints":{"allow":["GET"]}}],"collection":[{"href":"https:\/\/www.europesays.com\/no\/wp-json\/wp\/v2\/posts"}],"about":[{"href":"https:\/\/www.europesays.com\/no\/wp-json\/wp\/v2\/types\/post"}],"author":[{"embeddable":true,"href":"https:\/\/www.europesays.com\/no\/wp-json\/wp\/v2\/users\/2"}],"replies":[{"embeddable":true,"href":"https:\/\/www.europesays.com\/no\/wp-json\/wp\/v2\/comments?post=338649"}],"version-history":[{"count":0,"href":"https:\/\/www.europesays.com\/no\/wp-json\/wp\/v2\/posts\/338649\/revisions"}],"wp:featuredmedia":[{"embeddable":true,"href":"https:\/\/www.europesays.com\/no\/wp-json\/wp\/v2\/media\/338650"}],"wp:attachment":[{"href":"https:\/\/www.europesays.com\/no\/wp-json\/wp\/v2\/media?parent=338649"}],"wp:term":[{"taxonomy":"category","embeddable":true,"href":"https:\/\/www.europesays.com\/no\/wp-json\/wp\/v2\/categories?post=338649"},{"taxonomy":"post_tag","embeddable":true,"href":"https:\/\/www.europesays.com\/no\/wp-json\/wp\/v2\/tags?post=338649"}],"curies":[{"name":"wp","href":"https:\/\/api.w.org\/{rel}","templated":true}]}}