{"id":338781,"date":"2026-08-31T07:44:35","date_gmt":"2026-08-31T07:44:35","guid":{"rendered":"https:\/\/www.europesays.com\/no\/338781\/"},"modified":"2026-08-31T07:44:35","modified_gmt":"2026-08-31T07:44:35","slug":"skal-ove-pa-kongens-begravelse","status":"publish","type":"post","link":"https:\/\/www.europesays.com\/no\/338781\/","title":{"rendered":"Skal \u00f8ve p\u00e5 kongens begravelse"},"content":{"rendered":"<p class=\"subtitle t30\" style=\"\">Soldater flere steder i landet trener for \u00e5 delta f\u00f8r og under kong Haralds gravferd. &#8211; Et forbilde for oss, sier oberstl\u00f8ytnant.<\/p>\n<p>\n    TRENER: Soldater p\u00e5 flere steder i landet trener for \u00e5 bist\u00e5 i begravelsen. Bildet er fra Bardufoss i forbindelse med Cold response i mars 2026. Foto: Lise \u00c5serud \/ NTB\n  <\/p>\n<p>Forsvaret har en sentral rolle i forbindelse med kong Haralds d\u00f8d.<\/p>\n<p class=\"font-weight-bold m-font-weight-bold\" data-lab-font_weight=\"font-weight-bold\">N\u00e5 trener soldater flere steder i landet,\u00a0blant annet for \u00e5 delta som b\u00e5revakt og under gravferden.<\/p>\n<p>Det bekrefter oberstl\u00f8ytnant Stine Barclay Gaasland, som er stedfortredende kommunikasjonssjef i Forsvaret.\u00a0<\/p>\n<p>        <img loading=\"lazy\" decoding=\"async\" itemprop=\"image\" src=\"https:\/\/www.europesays.com\/no\/wp-content\/uploads\/2026\/08\/85085281.webp\" width=\"180\" height=\"180\" alt=\"\"\/><\/p>\n<p>                    Stine Barclay Gaasland<br \/>\n                        Stine<br \/>\n                        Barclay Gaasland<\/p>\n<p>                    Stine Barclay Gaasland<br \/>\n                        Oberstl\u00f8ytnant<\/p>\n<p>&#8211; Han<br \/>\nhar v\u00e6rt et forbilde<br \/>\nog en stor inspirasjon for alle oss i Forsvaret.<br \/>\nOg han er v\u00e5r \u00f8verste krigsherre, s\u00e5 for oss er det veldig spesielt \u00e5 ta del i<br \/>\ndette, sier Barclay Gaasland til Dagbladet.<\/p>\n<p>        <img loading=\"lazy\" decoding=\"async\" src=\"https:\/\/www.europesays.com\/no\/wp-content\/uploads\/2026\/08\/85085443.webp\" width=\"688\" height=\"393\" alt=\"\" class=\"\" style=\"--aspect-ratio-image: 1.75; \"\/><\/p>\n<p>\n        FORBILDE: Kong Harald m\u00f8tte vernepliktige fra Jarfjord grensestasjon I Finnmark i mars 2023. Foto: Jan Langhaug \/ NTB\n    <\/p>\n<p class=\"font-weight-normal m-font-weight-normal\" data-lab-font_weight=\"font-weight-normal\">Kong Harald tiltr\u00e5dte<br \/>\ni Forsvaret i 1955 ved Kavaleriets befalsskole p\u00e5 Trandum, og gikk Krigsskolen i<br \/>\nOslo fra 1957 til 1959, if\u00f8lge <a href=\"https:\/\/www.forsvaret.no\/aktuelt-og-presse\/aktuelt\/kongen-takker-og-hilser-til-forsvarets-personell\" rel=\"nofollow noopener\" target=\"_blank\">Forsvaret<\/a>.<\/p>\n<p class=\"font-weight-normal m-font-weight-normal\" data-lab-font_weight=\"font-weight-normal\">Han var general i H\u00e6ren og Luftforsvaret og admiral i<br \/>\nSj\u00f8forsvaret, og var landets \u00f8verste befalingsmann. <\/p>\n<p>    <a itemprop=\"url\" href=\"https:\/\/www.dagbladet.no\/meninger\/store-stovler-a-fylle\/85084058\" rel=\"nofollow noopener\" target=\"_blank\"><\/p>\n<p>        <img loading=\"lazy\" decoding=\"async\" src=\"https:\/\/www.europesays.com\/no\/wp-content\/uploads\/2026\/08\/85084078.webp\" width=\"180\" height=\"81\" alt=\"\" class=\"lazyload\" style=\"--aspect-ratio-image: 2.22; \"\/><\/p>\n<p>        Store st\u00f8vler \u00e5 fylle<\/p>\n<p>    <\/a><\/p>\n<p>Permitterte rekrutter<\/p>\n<p> Kongen skal begraves 9. september. De <a href=\"https:\/\/www.dagbladet.no\/kjendis\/stedes-til-hvile-9-september\/85085646\" rel=\"nofollow noopener\" target=\"_blank\">bekreftet Slottet i en pressemelding <\/a>s\u00f8ndag.\u00a0<\/p>\n<p>Oberstl\u00f8ytnant Barclay Gaasland sier at forberedelsene skjer p\u00e5\u00a0alle krigsskolene, og i ulike avdelinger i Forsvaret.<\/p>\n<p> Norge har tre krigsskoler organisert under Forsvarets h\u00f8gskole: Krigsskolen i Oslo (H\u00e6ren), Sj\u00f8krigsskolen i Bergen (Sj\u00f8forsvaret) og Luftkrigsskolen i Trondheim (Luftforsvaret). <\/p>\n<p class=\"font-weight-bold m-font-weight-bold\" data-lab-font_weight=\"font-weight-bold\"> P\u00e5 Madlaleiren i Stavanger er rekrutter sendt p\u00e5 permisjon for \u00e5 frigj\u00f8re kapasitet, slik\u00a0<a href=\"https:\/\/www.nrk.no\/rogaland\/far-permisjon-fra-madlaleiren-1.18007772\" rel=\"nofollow noopener\" target=\"_blank\">NRK<\/a>\u00a0og\u00a0<a href=\"https:\/\/www.aftenbladet.no\/lokalt\/i\/q6bjgm\/rekrutter-sendes-paa-permisjon-for-aa-frigjoere-kapasitet\" rel=\"nofollow noopener\" target=\"_blank\">Stavanger Aftenblad<\/a>\u00a0har omtalt. <\/p>\n<p>&#8211; Noe av personellet som ikke har en direkte rolle i forbindelse med tronskiftet har vi valgt \u00e5 dimittere i en periode, for da har vi ikke like mye kapasitet til \u00e5 ivareta dem, sier\u00a0Barclay Gaasland.<\/p>\n<p>        <img loading=\"lazy\" decoding=\"async\" src=\"https:\/\/www.europesays.com\/no\/wp-content\/uploads\/2026\/08\/85085353.webp\" width=\"688\" height=\"393\" alt=\"\" class=\"\" style=\"--aspect-ratio-image: 1.75; \"\/><\/p>\n<p>\n        HEDRET: Forsvaret hedret kong Harald V med s\u00f8rgesalutt fra Akershus festning fredag. Foto: Fredrik Varfjell \/ NTB\n    <\/p>\n<p>N\u00f8yaktig hvordan soldatene n\u00e5 \u00f8ver vil hun ikke g\u00e5 inn p\u00e5, siden de har forskjellige roller.<\/p>\n<p>&#8211; Personellet som skal delta p\u00e5 disse ulike arrangementene som en del av d\u00f8dsfallet, de \u00f8ver jo p\u00e5 det de skal gj\u00f8re. Den \u00f8vingsaktiviteten og opptreningen, den skjer lokalt der de er n\u00e5, frem til de ankommer hovedstaden og skal gj\u00f8re det i praksis. <\/p>\n<p>    Hva er Forsvarets oppgaver ved kongens d\u00f8d?<\/p>\n<ul>\n<li class=\"lab-bodytext-line\">Edsavleggelsen (1. september): Personell fra H\u00e6ren (inkludert Hans Majestets Kongens Garde), Sj\u00f8forsvaret og Luftforsvaret er oppstilt langs Karl Johans gate fra Slottet til Stortinget, n\u00e5r H.M. Kong Haakon VIII avlegger sin ed.<\/li>\n<li class=\"lab-bodytext-line\">B\u00e5revakt: Kadetter fra Forsvarets krigsskoler holder honn\u00f8rvakt ved H.M. Kong Harald Vs b\u00e5re i Slottskapellet d\u00f8gnet rundt frem til gravferden \u2013 fire kadetter og ett befal om gangen. Forsvarets sanitet stiller med sanitetspost p\u00e5 Slottsplassen.<\/li>\n<li class=\"lab-bodytext-line\">Gravferden: Personell fra hele Forsvaret deltar. En kanonlavett frakter kisten fra Slottet til Oslo domkirke, og videre til Akershus festning etter seremonien.<\/li>\n<li class=\"lab-bodytext-line font-weight-bold m-font-weight-bold\" data-lab-font_weight=\"font-weight-bold\">Annet: Marinefart\u00f8y, eventuelt ogs\u00e5 internasjonale, ankommer Oslo f\u00f8r gravferden. Forsvarets daglige beredskap og suverenitetshevdelse opprettholdes som normalt.<br \/>Kilde: <a href=\"https:\/\/www.forsvaret.no\/aktuelt-og-presse\/aktuelt\/hmk-forsvaret\" rel=\"nofollow noopener\" target=\"_blank\">Forsvaret<\/a><\/li>\n<\/ul>\n<p>      Vis mer<br \/>\n      Vis mindre<\/p>\n<p>&#8211; Inspirasjon<\/p>\n<p>Da kongens d\u00f8d ble kjent fredag, skrev\u00a0forsvarssjef general Eirik Kristoffersen f\u00f8lgende:\u00a0<\/p>\n<p> &#8211;\u00a0Det er med stor sorg Forsvaret og jeg har mottatt budskapet om Hans Majestet Kong Harald Vs d\u00f8d. Hans Majestet var et forbilde og en stor inspirasjon for oss alle.\u00a0<\/p>\n<p>Han omtalte kongen som \u00aben samlende, omsorgsfull og en klok regent som vil bli dypt savnet\u00bb.<\/p>\n<p>&#8211; Jeg har satt stor pris p\u00e5 Kongens personlige engasjement og mange bes\u00f8k til Forsvaret. Vi kjente alltid p\u00e5 Kongens n\u00e6rhet. N\u00e5 er v\u00e5r varmeste medf\u00f8lelse med kongefamilien, sa Kristoffersen.<\/p>\n<p>        EDSAVLEGGELSE: I dag, s\u00f8ndag 30. august, ble det avholdt s\u00f8rgegudstjenester for kong Harald i hele landet. Tirsdag skal kong Haakon avlegge ed i Stortinget. <\/p>\n","protected":false},"excerpt":{"rendered":"Soldater flere steder i landet trener for \u00e5 delta f\u00f8r og under kong Haralds gravferd. &#8211; Et forbilde&hellip;\n","protected":false},"author":2,"featured_media":338782,"comment_status":"","ping_status":"","sticky":false,"template":"","format":"standard","meta":{"footnotes":"","_share_on_mastodon":"0"},"categories":[10],"tags":[20,21,24,25,15,2539,26069,22,23,13,30,28,29,14,16,26,27],"class_list":["post-338781","post","type-post","status-publish","format-standard","has-post-thumbnail","category-norge","tag-breaking-news","tag-breakingnews","tag-featured-news","tag-featurednews","tag-headlines","tag-innenriks","tag-kong-harald-dod","tag-latest-news","tag-latestnews","tag-news","tag-no","tag-norge","tag-norway","tag-nyheter","tag-overskrifter","tag-top-stories","tag-topstories"],"share_on_mastodon":{"url":"https:\/\/pubeurope.com\/@no\/117189009166110997","error":""},"_links":{"self":[{"href":"https:\/\/www.europesays.com\/no\/wp-json\/wp\/v2\/posts\/338781","targetHints":{"allow":["GET"]}}],"collection":[{"href":"https:\/\/www.europesays.com\/no\/wp-json\/wp\/v2\/posts"}],"about":[{"href":"https:\/\/www.europesays.com\/no\/wp-json\/wp\/v2\/types\/post"}],"author":[{"embeddable":true,"href":"https:\/\/www.europesays.com\/no\/wp-json\/wp\/v2\/users\/2"}],"replies":[{"embeddable":true,"href":"https:\/\/www.europesays.com\/no\/wp-json\/wp\/v2\/comments?post=338781"}],"version-history":[{"count":0,"href":"https:\/\/www.europesays.com\/no\/wp-json\/wp\/v2\/posts\/338781\/revisions"}],"wp:featuredmedia":[{"embeddable":true,"href":"https:\/\/www.europesays.com\/no\/wp-json\/wp\/v2\/media\/338782"}],"wp:attachment":[{"href":"https:\/\/www.europesays.com\/no\/wp-json\/wp\/v2\/media?parent=338781"}],"wp:term":[{"taxonomy":"category","embeddable":true,"href":"https:\/\/www.europesays.com\/no\/wp-json\/wp\/v2\/categories?post=338781"},{"taxonomy":"post_tag","embeddable":true,"href":"https:\/\/www.europesays.com\/no\/wp-json\/wp\/v2\/tags?post=338781"}],"curies":[{"name":"wp","href":"https:\/\/api.w.org\/{rel}","templated":true}]}}