{"id":338785,"date":"2026-08-31T07:48:22","date_gmt":"2026-08-31T07:48:22","guid":{"rendered":"https:\/\/www.europesays.com\/no\/338785\/"},"modified":"2026-08-31T07:48:22","modified_gmt":"2026-08-31T07:48:22","slug":"ingrid-simensen-har-fodt","status":"publish","type":"post","link":"https:\/\/www.europesays.com\/no\/338785\/","title":{"rendered":"Ingrid Simensen har f\u00f8dt"},"content":{"rendered":"\n<p class=\"_lead_145nj_2 _lead_6fko5_53 layout-component text-serif-m layout-normal text-serif-l layout-component layout-wide layout-padded _wide_17hqh_1 layout-padded\">Ingrid Simensen og mannen Maciek Ofstad har f\u00e5tt sitt f\u00f8rste barn. <\/p>\n<p><img alt=\"BABYLYKKE: Ingrid Simensen har blitt mamma. Bilde fra et intervju med VG tidligere i \u00e5r. Foto: Helene Mariussen \/ VG\" class=\"_image_jw3bv_65 layout-component layout-wide\" data-fullscreen- data-track-element-type=\"Article image fullscreen\" data-track-name=\"ImageFullscreen\" fetchpriority=\"high\" decoding=\"sync\" loading=\"eager\" height=\"5970\" itemprop=\"image\"  src=\"https:\/\/www.europesays.com\/no\/wp-content\/uploads\/2026\/08\/a75f8269-e4e0-3d5c-9c38-542de14544d6.jpeg\"  style=\"object-position:61.136478944698126% 32.52931323283082%\" width=\"3942\"\/>BABYLYKKE: Ingrid Simensen har blitt mamma. Bilde fra et intervju med VG tidligere i \u00e5r. Foto: Helene Mariussen \/ VG<\/p>\n<ul aria-hidden=\"true\" class=\"_images_ntbth_112\">\n<li><a class=\"_link_ntbth_117\" href=\"https:\/\/www.vg.no\/forfatter\/ida-brun\" style=\"z-index:1\" title=\"Ida Brun\" rel=\"nofollow noopener\" target=\"_blank\"><img alt=\"Bilde av Ida Brun\" class=\"_image_ntbth_93\" fetchpriority=\"low\" loading=\"lazy\" decoding=\"async\" itemprop=\"image\"  src=\"https:\/\/www.europesays.com\/no\/wp-content\/uploads\/2026\/08\/1788162499_657_78bc21fe-8bc7-43e9-80ad-fe809ccc8aac.jpeg\"  width=\"480\"\/><\/a><\/li>\n<\/ul>\n<p> Oppdatert mandag 31. august kl. 09:19     <\/p>\n<p class=\"_paragraph_145nj_4 _paragraph_6fko5_10 layout-component text-serif-m layout-normal text-serif-m layout-padded\">Tidligere NRK P3-journalist og \u00abFarmen kjendis\u00bb-deltaker Ingrid Simensen og Maciek Ofstad, gitarist i <a href=\"https:\/\/www.vg.no\/tag\/kvelertak?utm_source=vg-article&amp;utm_medium=auto-tagger&amp;utm_campaign=k0p8yA\" class=\"_link_145nj_39\" rel=\"nofollow noopener\" target=\"_blank\">Kvelertak<\/a>, har blitt foreldre.<\/p>\n<p class=\"_paragraph_145nj_4 _paragraph_6fko5_10 layout-component text-serif-m layout-normal text-serif-m layout-padded\">Paret deler gladnyheten i et innlegg p\u00e5 Instagram med teksten \u00abhei hei verden\u00bb. <\/p>\n<p class=\"_paragraph_145nj_4 _paragraph_6fko5_10 layout-component text-serif-m layout-normal text-serif-m layout-padded\"><a href=\"https:\/\/www.minmote.no\/mote\/brud\/a\/XjKdMo\/giftet-seg-i-mammas-brudekjole-fra-1993\" class=\"_link_145nj_39\" rel=\"nofollow noopener\" target=\"_blank\">I 2025 giftet paret seg i Polen,<\/a> Ofstads hjemland.<\/p>\n<p class=\"_paragraph_145nj_4 _paragraph_6fko5_10 layout-component text-serif-m layout-normal text-serif-m layout-padded\"><a href=\"https:\/\/www.minmote.no\/mote\/brud\/a\/XjKdMo\/giftet-seg-i-mammas-brudekjole-fra-1993\" class=\"_link_145nj_39\" rel=\"nofollow noopener\" target=\"_blank\">Til MinMote kunne Simensen fortelle at paret m\u00f8ttes i 2019.<\/a><\/p>\n<p class=\"_paragraph_145nj_4 _paragraph_6fko5_10 layout-component text-serif-m layout-normal text-serif-m layout-padded\">\u2013 Jeg husker jeg tenkte at han er den kuleste jeg noen gang har m\u00f8tt, men at jeg sikkert ikke hadde sjanse.<\/p>\n<p class=\"_paragraph_145nj_4 _paragraph_6fko5_10 layout-component text-serif-m layout-normal text-serif-m layout-padded\">Det var hun som fridde til Ofstad i 2023, p\u00e5 broen der de hadde sitt f\u00f8rste kyss.<\/p>\n<p class=\"_paragraph_145nj_4 _paragraph_6fko5_10 layout-component text-serif-m layout-normal text-serif-m layout-padded\">Kj\u00e6rligheten feiret de med hele to bryllup. F\u00f8rst p\u00e5 r\u00e5dhuset i Oslo, deretter ble det en storsl\u00e5tt fest p\u00e5 et slott i Elbl\u0105g i Polen.<\/p>\n<p class=\"_paragraph_145nj_4 _paragraph_6fko5_10 layout-component text-serif-m layout-normal text-serif-m layout-padded\">N\u00e5 venter et nytt kapittel for paret.<\/p>\n<p><img alt=\"1 + 1 = 3!  Foto: Kristoffer Kumar \/ VG\" class=\"_image_jw3bv_65 layout-component layout-normal\" data-fullscreen- data-track-element-type=\"Article image fullscreen\" data-track-name=\"ImageFullscreen\" decoding=\"async\" loading=\"lazy\" height=\"7252\" itemprop=\"image\"  src=\"https:\/\/www.europesays.com\/no\/wp-content\/uploads\/2026\/08\/ad0f3fef-e3af-3cd7-83ee-5be0ef9ee646.jpeg\"  style=\"object-position:55.70518092105263% 42.471042471042466%\" width=\"4864\"\/>1 + 1 = 3!  Foto: Kristoffer Kumar \/ VG<\/p>\n<p class=\"_paragraph_145nj_4 _paragraph_6fko5_10 layout-component text-serif-m layout-normal text-serif-m layout-padded\">Simensen jobber i dag som farger\u00e5dgiver og er ogs\u00e5 aktuell med en bok om farger. <a href=\"https:\/\/www.vg.no\/forbruker\/i\/OkoE4w\/fargeraadgiveren-ikke-vaer-redd-for-farger\" data-track-element-type=\"Link\" data-track-id=\"link:OkoE4w\" class=\"_link_145nj_39\" rel=\"nofollow noopener\" target=\"_blank\">Til VG kunne hun tidligere i v\u00e5r fortelle at folk ikke m\u00e5 v\u00e6re redde for farger<\/a>:<\/p>\n<p class=\"_paragraph_145nj_4 _paragraph_6fko5_10 layout-component text-serif-m layout-normal text-serif-m layout-padded\">\u2013 Det er faktisk ikke skummelt i det hele tatt.<\/p>\n<p>    <img decoding=\"async\" alt=\"Tips oss illustrasjon\" src=\"https:\/\/www.europesays.com\/no\/wp-content\/uploads\/2026\/08\/1788162502_835_pssst-small.webp\"\/>    <\/p>\n<p class=\"title-serif-s\">Har du tips?<\/p>\n<p class=\"text-sans-m\">Send oss informasjon, bilder eller video.<\/p>\n<p>  <a href=\"https:\/\/www.vg.no\/tips-oss\" rel=\"nofollow noopener\" target=\"_blank\"> Tips oss <\/a>      <\/p>\n","protected":false},"excerpt":{"rendered":"Ingrid Simensen og mannen Maciek Ofstad har f\u00e5tt sitt f\u00f8rste barn. BABYLYKKE: Ingrid Simensen har blitt mamma. Bilde&hellip;\n","protected":false},"author":2,"featured_media":338786,"comment_status":"","ping_status":"","sticky":false,"template":"","format":"standard","meta":{"footnotes":"","_share_on_mastodon":"0"},"categories":[58],"tags":[31,71,6287,2875,30,28,29,72],"class_list":["post-338785","post","type-post","status-publish","format-standard","has-post-thumbnail","category-underholdning","tag-breaking","tag-entertainment","tag-kvelertak","tag-mamma","tag-no","tag-norge","tag-norway","tag-underholdning"],"share_on_mastodon":{"url":"https:\/\/pubeurope.com\/@no\/117189025460899309","error":""},"_links":{"self":[{"href":"https:\/\/www.europesays.com\/no\/wp-json\/wp\/v2\/posts\/338785","targetHints":{"allow":["GET"]}}],"collection":[{"href":"https:\/\/www.europesays.com\/no\/wp-json\/wp\/v2\/posts"}],"about":[{"href":"https:\/\/www.europesays.com\/no\/wp-json\/wp\/v2\/types\/post"}],"author":[{"embeddable":true,"href":"https:\/\/www.europesays.com\/no\/wp-json\/wp\/v2\/users\/2"}],"replies":[{"embeddable":true,"href":"https:\/\/www.europesays.com\/no\/wp-json\/wp\/v2\/comments?post=338785"}],"version-history":[{"count":0,"href":"https:\/\/www.europesays.com\/no\/wp-json\/wp\/v2\/posts\/338785\/revisions"}],"wp:featuredmedia":[{"embeddable":true,"href":"https:\/\/www.europesays.com\/no\/wp-json\/wp\/v2\/media\/338786"}],"wp:attachment":[{"href":"https:\/\/www.europesays.com\/no\/wp-json\/wp\/v2\/media?parent=338785"}],"wp:term":[{"taxonomy":"category","embeddable":true,"href":"https:\/\/www.europesays.com\/no\/wp-json\/wp\/v2\/categories?post=338785"},{"taxonomy":"post_tag","embeddable":true,"href":"https:\/\/www.europesays.com\/no\/wp-json\/wp\/v2\/tags?post=338785"}],"curies":[{"name":"wp","href":"https:\/\/api.w.org\/{rel}","templated":true}]}}