{"id":338809,"date":"2026-08-31T08:16:10","date_gmt":"2026-08-31T08:16:10","guid":{"rendered":"https:\/\/www.europesays.com\/no\/338809\/"},"modified":"2026-08-31T08:16:10","modified_gmt":"2026-08-31T08:16:10","slug":"tv-serie-med-martha-louise-og-durek-verrett-utsettes","status":"publish","type":"post","link":"https:\/\/www.europesays.com\/no\/338809\/","title":{"rendered":"TV-serie med M\u00e4rtha Louise og Durek Verrett utsettes"},"content":{"rendered":"\n<p class=\"_lead_145nj_2 _lead_6fko5_53 layout-component text-serif-m layout-normal text-serif-l layout-component layout-wide layout-padded _wide_17hqh_1 layout-padded\">Serien hadde opprinnelig premiere 2. september.<\/p>\n<p><img alt=\"ALTERNATIVE: Durek Verrett og prinsesse M\u00e4rtha Louise, her avbildet i Hollywood i 2024. Foto: OLIVIA WONG \/ AFP \/ NTB\" class=\"_image_jw3bv_65 layout-component layout-wide\" data-fullscreen- data-track-element-type=\"Article image fullscreen\" data-track-name=\"ImageFullscreen\" fetchpriority=\"high\" decoding=\"sync\" loading=\"eager\" height=\"4433\" itemprop=\"image\"  src=\"https:\/\/www.europesays.com\/no\/wp-content\/uploads\/2026\/08\/a4a897e0-f3de-322e-876f-8b745b33b405.jpeg\"  style=\"object-position:0% 0%\" width=\"5633\"\/>ALTERNATIVE: Durek Verrett og prinsesse M\u00e4rtha Louise, her avbildet i Hollywood i 2024. Foto: OLIVIA WONG \/ AFP \/ NTB<\/p>\n<ul aria-hidden=\"true\" class=\"_images_ntbth_112\">\n<li><a class=\"_link_ntbth_117\" href=\"https:\/\/www.vg.no\/forfatter\/elise-roennevig-andersen\" style=\"z-index:2\" title=\"Elise R\u00f8nnevig Andersen\" rel=\"nofollow noopener\" target=\"_blank\"><img alt=\"Bilde av Elise R\u00f8nnevig Andersen\" class=\"_image_ntbth_93\" fetchpriority=\"low\" loading=\"lazy\" decoding=\"async\" itemprop=\"image\"  src=\"https:\/\/www.europesays.com\/no\/wp-content\/uploads\/2026\/08\/1788164170_768_d4a69b78-dc9a-4021-89fd-0783e681325f.jpeg\"  width=\"480\"\/><\/a><\/li>\n<li><a class=\"_link_ntbth_117\" href=\"https:\/\/www.vg.no\/forfatter\/steffen-pettersen-2\" style=\"z-index:1\" title=\"Steffen Pettersen\" rel=\"nofollow noopener\" target=\"_blank\"><img alt=\"Bilde av Steffen Pettersen\" class=\"_image_ntbth_93\" fetchpriority=\"low\" loading=\"lazy\" decoding=\"async\" itemprop=\"image\"  src=\"https:\/\/www.europesays.com\/no\/wp-content\/uploads\/2026\/08\/f87e4696-f764-48be-9666-b8fd9843b694.png\"  width=\"480\"\/><\/a><\/li>\n<\/ul>\n<p> Oppdatert mandag 31. august kl. 10:01     <\/p>\n<p class=\"_paragraph_145nj_4 _paragraph_6fko5_10 layout-component text-serif-m layout-normal text-serif-m layout-padded\">\u00abAlternative Norge\u00bb er en serie som f\u00f8lger en rekke ulike mennesker og milj\u00f8er, og <a href=\"https:\/\/www.vg.no\/tag\/martha-louise?utm_source=vg-article&amp;utm_medium=auto-tagger&amp;utm_campaign=3pzWoX\" class=\"_link_145nj_39\" rel=\"nofollow noopener\" target=\"_blank\">M\u00e4rtha Louise<\/a> og Durek Verrett er to av flere deltakere i programmet.<\/p>\n<p class=\"_paragraph_145nj_4 _paragraph_6fko5_10 layout-component text-serif-m layout-normal text-serif-m layout-padded\">Kong Harald d\u00f8de fredag 28. august. N\u00e5 utsettes premieredatoen.<\/p>\n<p class=\"_paragraph_145nj_4 _paragraph_6fko5_10 layout-component text-serif-m layout-normal text-serif-m layout-padded\">\u2013 Vi gj\u00f8r alltid l\u00f8pende vurderinger av v\u00e5rt programtilbud. N\u00e5 har vi tatt en ny vurdering av utspillingen av serien \u00abAlternative Norge\u00bb, og besluttet \u00e5 utsette premieredatoen til 16. september 2026, opplyser pressekontakt Madeleine Liereng i Viaplay til VG.<\/p>\n<p class=\"_paragraph_145nj_4 _paragraph_6fko5_10 layout-component text-serif-m layout-normal text-serif-m layout-padded\">Da VG tok kontakt forrige uke vedr\u00f8rende planene for serien, sa hun:<\/p>\n<p class=\"_paragraph_145nj_4 _paragraph_6fko5_10 layout-component text-serif-m layout-normal text-serif-m layout-padded\">\u2013 Vi kondolerer til kongefamilien og Kongens n\u00e6rmeste. V\u00e5re tanker g\u00e5r til familien og alle som er ber\u00f8rt av Kongens bortgang.<br \/>Kongens bortgang ber\u00f8rer hele Norge, og vi er opptatt av \u00e5 m\u00f8te situasjonen med den respekten og verdigheten den fortjener. Samtidig vil store deler av v\u00e5rt ordin\u00e6re programtilbud fortsette som planlagt, med n\u00f8dvendige tilpasninger, opplyser hun.<\/p>\n<p class=\"_paragraph_145nj_4 _paragraph_6fko5_10 layout-component text-serif-m layout-normal text-serif-m layout-padded\">\u2013 Forel\u00f8pig planlegger vi derfor for \u00e5 sende programmet som oppsatt, samtidig gj\u00f8r vi l\u00f8pende vurderinger av v\u00e5rt programtilbud og foretar endringer dersom vi mener situasjonen tilsier det.<\/p>\n","protected":false},"excerpt":{"rendered":"Serien hadde opprinnelig premiere 2. september. ALTERNATIVE: Durek Verrett og prinsesse M\u00e4rtha Louise, her avbildet i Hollywood i&hellip;\n","protected":false},"author":2,"featured_media":338810,"comment_status":"","ping_status":"","sticky":false,"template":"","format":"standard","meta":{"footnotes":"","_share_on_mastodon":"0"},"categories":[10],"tags":[20,21,24,25,15,1803,22,23,4186,13,30,28,29,14,16,26,27],"class_list":["post-338809","post","type-post","status-publish","format-standard","has-post-thumbnail","category-norge","tag-breaking-news","tag-breakingnews","tag-featured-news","tag-featurednews","tag-headlines","tag-kongehuset","tag-latest-news","tag-latestnews","tag-martha-louise","tag-news","tag-no","tag-norge","tag-norway","tag-nyheter","tag-overskrifter","tag-top-stories","tag-topstories"],"share_on_mastodon":{"url":"https:\/\/pubeurope.com\/@no\/117189135200648200","error":""},"_links":{"self":[{"href":"https:\/\/www.europesays.com\/no\/wp-json\/wp\/v2\/posts\/338809","targetHints":{"allow":["GET"]}}],"collection":[{"href":"https:\/\/www.europesays.com\/no\/wp-json\/wp\/v2\/posts"}],"about":[{"href":"https:\/\/www.europesays.com\/no\/wp-json\/wp\/v2\/types\/post"}],"author":[{"embeddable":true,"href":"https:\/\/www.europesays.com\/no\/wp-json\/wp\/v2\/users\/2"}],"replies":[{"embeddable":true,"href":"https:\/\/www.europesays.com\/no\/wp-json\/wp\/v2\/comments?post=338809"}],"version-history":[{"count":0,"href":"https:\/\/www.europesays.com\/no\/wp-json\/wp\/v2\/posts\/338809\/revisions"}],"wp:featuredmedia":[{"embeddable":true,"href":"https:\/\/www.europesays.com\/no\/wp-json\/wp\/v2\/media\/338810"}],"wp:attachment":[{"href":"https:\/\/www.europesays.com\/no\/wp-json\/wp\/v2\/media?parent=338809"}],"wp:term":[{"taxonomy":"category","embeddable":true,"href":"https:\/\/www.europesays.com\/no\/wp-json\/wp\/v2\/categories?post=338809"},{"taxonomy":"post_tag","embeddable":true,"href":"https:\/\/www.europesays.com\/no\/wp-json\/wp\/v2\/tags?post=338809"}],"curies":[{"name":"wp","href":"https:\/\/api.w.org\/{rel}","templated":true}]}}