{"id":338819,"date":"2026-08-31T08:23:10","date_gmt":"2026-08-31T08:23:10","guid":{"rendered":"https:\/\/www.europesays.com\/no\/338819\/"},"modified":"2026-08-31T08:23:10","modified_gmt":"2026-08-31T08:23:10","slug":"politikk-forbruker-i-morgen-stiger-bensin","status":"publish","type":"post","link":"https:\/\/www.europesays.com\/no\/338819\/","title":{"rendered":"Politikk, Forbruker | I morgen stiger bensin"},"content":{"rendered":"\n<p>Avgiftshoppet vil f\u00f8re til at pumpeprisen p\u00e5 bensin \u00f8ker med 4,41 kroner per liter, mens for diesel vil den \u00f8ke med 2,85 kroner per liter.<\/p>\n<p>Dermed kan det v\u00e6re lurt \u00e5 fylle tanken i l\u00f8pet av mandagen.\u00a0<\/p>\n<p>Avgiftene har v\u00e6rt midlertidig kuttet fram til 1. september etter et vedtak i Stortinget f\u00f8r p\u00e5ske.<\/p>\n<p>Den gang var det de borgerlige partiene i allianse med Senterpartiet som tvang fram avgiftskuttet &#8211; mot regjeringens vilje.<\/p>\n<p>Engens Oljesenter AS p\u00e5 Hamar merket den \u00f8kte ettersp\u00f8rselen sist uke.\u00a0<\/p>\n<p>De leverer drivstoff til b\u00f8nder i hele Innlandet.<\/p>\n<p>\u2013 Det er ikke bare b\u00f8nder heller. Det er ogs\u00e5 mange privatpersoner og en del entrepren\u00f8rer, sa transportansvarlig hos Engens, Anders Seberg.<\/p>\n<p>  <a href=\"https:\/\/www.ostlendingen.no\/80-69-317849\" class=\"related-teaser has-image article--c-MkAkR\" rel=\"nofollow noopener\" target=\"_blank\"><\/p>\n<p>    <img decoding=\"async\" width=\"155\"  loading=\"lazy\"  src=\"https:\/\/www.europesays.com\/no\/wp-content\/uploads\/2026\/08\/1788164590_938_IMG_1520 2.jpg\" alt=\"\" class=\"brick-c-cFOWSL\" style=\"\"\/><\/p>\n<p>\n            Les ogs\u00e5<\/p>\n<p>            Har f\u00e5tt \u00e9n beskjed f\u00f8r helga: \u2013 Vi ser det\n        <\/p>\n<p>  <\/a><br \/>\n  Ble ikke forlenget<\/p>\n<p>Da Frp og Senterpartiet etter sommeren pr\u00f8vde \u00e5 f\u00e5 med seg de andre partiene p\u00e5 en forlengelse videre etter 1. september, sa H\u00f8yre nei, og det var ikke noe flertall i Stortinget.<\/p>\n<p>Dermed g\u00e5r avgiftene tilbake til vanlig niv\u00e5.<\/p>\n<p>Partiene p\u00e5 Stortinget har g\u00e5tt inn i en s\u00f8rgeperiode etter kong Haralds d\u00f8d og har varslet at de vil avst\u00e5 fra politisk debatt fram til etter begravelsen.<\/p>\n<p>NTB har derfor ikke fors\u00f8kt \u00e5 innhente noen politiske kommentarer i forbindelse med avgiftshoppet.<\/p>\n<p>Flere forbund er ogs\u00e5 bekymret over de kommende \u00f8kte kostnadene.\u00a0<\/p>\n<p>Leiv Peter Blakstad i Maskinentrepren\u00f8renes Forbund (MEF) og Jim Nyb\u00f8 i Norges Lastebileier-Forbund (NLF) frykter det verste.<\/p>\n<p>De frykter tap av arbeidsplasser i distriktene, dyrere mat, svekket beredskap og \u00f8kte priser p\u00e5 varer og tjenester.<\/p>\n<p>\u2013 Jeg blir litt skremt, sier Nyb\u00f8 om tankene p\u00e5 framtida.<\/p>\n<p><a class=\"simple-relation related-teaser article--c-eBQpMJ\" href=\"https:\/\/www.ostlendingen.no\/frykter-regninga-skal-koste-arbeidsplasser-jeg-blir-litt-skremt\/s\/80-69-317153\" rel=\"nofollow noopener\" target=\"_blank\">Frykter regninga skal koste arbeidsplasser: \u2013 Jeg blir litt skremt<\/a><\/p>\n<p>G\u00e5r opp for anlegg og b\u00e5ter ogs\u00e5<\/p>\n<p>Bakgrunnen for det midlertidige avgiftskuttet var krigen i Midt\u00f8sten, som sendte drivstoffprisene kraftig oppover i vinter.<\/p>\n<p>If\u00f8lge SSB l\u00e5 bensinprisen i snitt p\u00e5 19,59 kroner per liter i juli, inkludert avgiftskuttene, mens dieselen kostet 20,25 kroner.<\/p>\n<p>I mars, f\u00f8r avgiftskuttet, l\u00e5 prisene p\u00e5 23,50 kroner per liter for bensin og 24,54 kroner for diesel.<\/p>\n<p>Det er ikke bare drivstoffet til biltrafikken som har v\u00e6rt midlertidig kuttet. Stortinget vedtok ogs\u00e5 kutt i avgiftene for anleggsdiesel, i drivstoffavgiftene til fiske og fangst i n\u00e6re farvann og til innenriks sj\u00f8fart.<\/p>\n<p>Alle disse g\u00e5r n\u00e5 ogs\u00e5 opp til niv\u00e5et fra f\u00f8r det midlertidige kuttet.<\/p>\n","protected":false},"excerpt":{"rendered":"Avgiftshoppet vil f\u00f8re til at pumpeprisen p\u00e5 bensin \u00f8ker med 4,41 kroner per liter, mens for diesel vil&hellip;\n","protected":false},"author":2,"featured_media":338820,"comment_status":"","ping_status":"","sticky":false,"template":"","format":"standard","meta":{"footnotes":"","_share_on_mastodon":"0"},"categories":[10],"tags":[36,3542,20,21,24,25,823,15,22,23,13,30,28,29,14,16,41,1510,26,27],"class_list":["post-338819","post","type-post","status-publish","format-standard","has-post-thumbnail","category-norge","tag-art","tag-bil-og-motor","tag-breaking-news","tag-breakingnews","tag-featured-news","tag-featurednews","tag-forbruker","tag-headlines","tag-latest-news","tag-latestnews","tag-news","tag-no","tag-norge","tag-norway","tag-nyheter","tag-overskrifter","tag-politikk","tag-story","tag-top-stories","tag-topstories"],"share_on_mastodon":{"url":"https:\/\/pubeurope.com\/@no\/117189162587489554","error":""},"_links":{"self":[{"href":"https:\/\/www.europesays.com\/no\/wp-json\/wp\/v2\/posts\/338819","targetHints":{"allow":["GET"]}}],"collection":[{"href":"https:\/\/www.europesays.com\/no\/wp-json\/wp\/v2\/posts"}],"about":[{"href":"https:\/\/www.europesays.com\/no\/wp-json\/wp\/v2\/types\/post"}],"author":[{"embeddable":true,"href":"https:\/\/www.europesays.com\/no\/wp-json\/wp\/v2\/users\/2"}],"replies":[{"embeddable":true,"href":"https:\/\/www.europesays.com\/no\/wp-json\/wp\/v2\/comments?post=338819"}],"version-history":[{"count":0,"href":"https:\/\/www.europesays.com\/no\/wp-json\/wp\/v2\/posts\/338819\/revisions"}],"wp:featuredmedia":[{"embeddable":true,"href":"https:\/\/www.europesays.com\/no\/wp-json\/wp\/v2\/media\/338820"}],"wp:attachment":[{"href":"https:\/\/www.europesays.com\/no\/wp-json\/wp\/v2\/media?parent=338819"}],"wp:term":[{"taxonomy":"category","embeddable":true,"href":"https:\/\/www.europesays.com\/no\/wp-json\/wp\/v2\/categories?post=338819"},{"taxonomy":"post_tag","embeddable":true,"href":"https:\/\/www.europesays.com\/no\/wp-json\/wp\/v2\/tags?post=338819"}],"curies":[{"name":"wp","href":"https:\/\/api.w.org\/{rel}","templated":true}]}}