{"id":338855,"date":"2026-08-31T08:55:20","date_gmt":"2026-08-31T08:55:20","guid":{"rendered":"https:\/\/www.europesays.com\/no\/338855\/"},"modified":"2026-08-31T08:55:20","modified_gmt":"2026-08-31T08:55:20","slug":"vgs-matbors-her-handler-du-billigst","status":"publish","type":"post","link":"https:\/\/www.europesays.com\/no\/338855\/","title":{"rendered":"VGs matb\u00f8rs: Her handler du billigst"},"content":{"rendered":"\n<ul class=\"_list_145nj_3 _list_64s2r_85 _unordered_145nj_106 text-sans-m\">\n<li class=\"_item_145nj_30\">VGs prissjekk viser at Extra n\u00e5 er billigste lavpriskjede.<\/li>\n<li class=\"_item_145nj_30\">Brokkolini var produktet med st\u00f8rst prisforskjell.<\/li>\n<li class=\"_item_145nj_30\">Flere produkter har blitt billigere sammenlignet med i fjor, spesielt gr\u00f8nnsaker.<\/li>\n<li class=\"_item_145nj_30\">Noen varer har derimot \u00f8kt i pris, som hvetemel og lettr\u00f8mme.<\/li>\n<\/ul>\n<p>Vis mer <\/p>\n<p class=\"_paragraph_145nj_4 _paragraph_6fko5_10 layout-component text-serif-m layout-normal text-serif-m layout-padded\">VG har igjen prissjekket de s\u00e5kalte lavpriskjedene Rema 1000, Kiwi og Extra. Vi handlet inn 84 vanlige og popul\u00e6re varer i Drammens- og Lier-omr\u00e5det, vest for Oslo.<\/p>\n<p class=\"_paragraph_145nj_4 _paragraph_6fko5_10 layout-component text-serif-m layout-normal text-serif-m layout-padded\">Og i VGs augustmatb\u00f8rs var det en sv\u00e6rt knepen seier for en \u2013 i VG-sammenheng \u2013 utfordrer i toppen.<\/p>\n<p class=\"_paragraph_145nj_4 _paragraph_6fko5_10 layout-component text-serif-m layout-normal text-serif-m layout-padded\"><strong class=\"_strong_145nj_25\">Extra, som kun har <a href=\"https:\/\/www.vg.no\/spesial\/matborsen\/\" class=\"_link_145nj_39\" rel=\"nofollow noopener\" target=\"_blank\">vunnet \u00e9n matb\u00f8rs<\/a> de siste fem \u00e5rene, stakk av med seieren, snaue 7 kroner billigere enn Kiwi:<\/strong><\/p>\n<p class=\"_paragraph_145nj_4 _paragraph_6fko5_10 layout-component text-serif-m layout-normal text-serif-m layout-padded\">Av de 84 varene i kurven hadde 59 identisk pris i alle butikkene, noe som viser at kjedene f\u00f8lger hverandre tett p\u00e5 pris. <\/p>\n<p class=\"_paragraph_145nj_4 _paragraph_6fko5_10 layout-component text-serif-m layout-normal text-serif-m layout-padded\">\u2013 Hva skyldes det, i en situasjon hvor det <a href=\"https:\/\/konkurransetilsynet.no\/konkurransetilsynet-far-fullt-medhold-i-prisjegersaken\/\" class=\"_link_145nj_39\" rel=\"nofollow noopener\" target=\"_blank\">ikke er \u00ablov\u00bb<\/a> \u00e5 bruke prisjegere?<\/p>\n<p class=\"_paragraph_145nj_4 _paragraph_6fko5_10 layout-component text-serif-m layout-normal text-serif-m layout-padded\">\u2013 Selv om en butikk gjerne har 4000 til 5000 ulike varer, er det en liten gruppe p\u00e5 maksimalt noen hundre som det er fokus p\u00e5 med hensyn til prisforskjeller. Og de fleste av produktene i denne sjekken er nok blant disse. Og det er ikke vanskelig \u00e5 f\u00f8lge med p\u00e5 disse produktene hos konkurrentene, sier \u00d8ystein Foros, professor i \u00f8konomi ved Norges Handelsh\u00f8yskole, til VG.<\/p>\n<p class=\"_paragraph_145nj_4 _paragraph_6fko5_10 layout-component text-serif-m layout-normal text-serif-m layout-padded\"><strong class=\"_strong_145nj_25\">For Extra var det s\u00e6rlig \u00e9n vare som utgjorde forskjellen og ga dem seieren i b\u00f8rsen, nemlig nykommeren brokkolini! <\/strong><\/p>\n<p><img alt=\"Brokkolini  Foto: J\u00f8rn E. Kaalstad, VG\" class=\"_image_jw3bv_65 layout-component layout-normal\" data-fullscreen- data-track-element-type=\"Article image fullscreen\" data-track-name=\"ImageFullscreen\" decoding=\"async\" loading=\"lazy\" height=\"2787\" itemprop=\"image\"  src=\"https:\/\/www.europesays.com\/no\/wp-content\/uploads\/2026\/08\/acafac9d-4bb1-3fe4-82ed-fedc71a35a98.jpeg\"  style=\"object-position:0% 0%\" width=\"4209\"\/>Brokkolini  Foto: J\u00f8rn E. Kaalstad, VG<\/p>\n<p class=\"_paragraph_145nj_4 _paragraph_6fko5_10 layout-component text-serif-m layout-normal text-serif-m layout-padded\"><strong class=\"_strong_145nj_25\">Brokkolini:<\/strong> Dette er et nytt produkt som er i ferd med \u00e5 bli popul\u00e6rt. Extras 200 grams pakke koster 24,90 kroner, mens Kiwi og Rema tar 39,90. Det er hele 60 prosent dyrere.<\/p>\n<p class=\"_paragraph_145nj_4 _paragraph_6fko5_10 layout-component text-serif-m layout-normal text-serif-m layout-padded\">For \u00f8vrig var det denne gangen tre varer som skilte spesielt mye i pris:<\/p>\n<p class=\"_paragraph_145nj_4 _paragraph_6fko5_10 layout-component text-serif-m layout-normal text-serif-m layout-padded\"><strong class=\"_strong_145nj_25\">WC-gel:<\/strong> Hos Rema 1000 og Extra koster billigste produkt 23,90. Kiwi tar 34,90. Det er 46 prosent dyrere.<\/p>\n<p class=\"_paragraph_145nj_4 _paragraph_6fko5_10 layout-component text-serif-m layout-normal text-serif-m layout-padded\"><strong class=\"_strong_145nj_25\">Kj\u00f8ttdeig av kylling:<\/strong> Her var Kiwi billigst med 110,67 kroner kiloen. Rema var utsolgt for sitt billigprodukt, s\u00e5 der ble kiloprisen 149,75 kroner.<\/p>\n<p class=\"_paragraph_145nj_4 _paragraph_6fko5_10 layout-component text-serif-m layout-normal text-serif-m layout-padded\"><strong class=\"_strong_145nj_25\">Epler:<\/strong> B\u00e5de Extra og Kiwi hadde poser med billige epler til 29,90 kroner kiloen. Hos Rema var det tomt for disse ogs\u00e5, og vi m\u00e5tte kj\u00f8pe epler i l\u00f8svekt til 39,90.<\/p>\n<p>Melke-sjokk-olade<\/p>\n<p class=\"_paragraph_145nj_4 _paragraph_6fko5_10 layout-component text-serif-m layout-normal text-serif-m layout-padded\">200 grams plater med Freia melkesjokolade er et sv\u00e6rt popul\u00e6rt produkt hos lavpriskjedene, og prisen har tradisjonelt v\u00e6rt lavere enn for mindre varianter. <\/p>\n<p class=\"_paragraph_145nj_4 _paragraph_6fko5_10 layout-component text-serif-m layout-normal text-serif-m layout-padded\"><strong class=\"_strong_145nj_25\">Men denne gangen er 200-gramsplaten det dyreste alternativet i hylla \u2013 hos alle kjedene! <\/strong><\/p>\n<p><img alt=\"MYE \u00c5 VELGE I: Ute etter 200 gram sjokolade? Ikke kj\u00f8p 200 gram sjokolade!  Foto: \u00d8yvind Engan, VG\" class=\"_image_jw3bv_65 layout-component layout-normal\" data-fullscreen- data-track-element-type=\"Article image fullscreen\" data-track-name=\"ImageFullscreen\" decoding=\"async\" loading=\"lazy\" height=\"2180\" itemprop=\"image\"  src=\"https:\/\/www.europesays.com\/no\/wp-content\/uploads\/2026\/08\/c4030482-251a-331c-b8cb-2ea4f17def61.jpeg\"  style=\"object-position:0% 0%\" width=\"1934\"\/>MYE \u00c5 VELGE I: Ute etter 200 gram sjokolade? Ikke kj\u00f8p 200 gram sjokolade!  Foto: \u00d8yvind Engan, VG<\/p>\n<p class=\"_paragraph_145nj_4 _paragraph_6fko5_10 layout-component text-serif-m layout-normal text-serif-m layout-padded\">Mens 200-grammeren kostet 49,90, kostet 100-gramsplaten 20 kroner \u2013 som alts\u00e5 tilsvarer 40 kroner for 200 gram.<\/p>\n<p class=\"_paragraph_145nj_4 _paragraph_6fko5_10 layout-component text-serif-m layout-normal text-serif-m layout-padded\">Extra hadde i tillegg en ekstra stor plate p\u00e5 240 gram, og den kostet ogs\u00e5 bare 40 kroner.<\/p>\n<p class=\"_paragraph_145nj_4 _paragraph_6fko5_10 layout-component text-serif-m layout-normal text-serif-m layout-padded\">Aller billigst var Kiwi, som fremdeles har 150-gramsvarianten \u00abAlt for Norge\u00bb igjen i mange av butikkene sine \u2013 til bare 19,90 kroner.<\/p>\n<p class=\"_paragraph_145nj_4 _paragraph_6fko5_10 layout-component text-serif-m layout-normal text-serif-m layout-padded\">Sjekk bilde-karusellen \u2013 sjokoladeprisen fra billigst til dyrest:<\/p>\n<p>BILLIGST: \u00abAlt for Norge\u00bb-sjokolade hos Kiwi. Foto: \u00d8yvind Engan, VG<\/p>\n<p class=\"_paragraph_145nj_4 _paragraph_6fko5_10 layout-component text-serif-m layout-normal text-serif-m layout-padded\">Hos Extra s\u00e5 vi en kunde som gikk rett forbi salgsplakaten for den billigste store platen og tok med seg en 200 grams plate, som er dyrest. Hun s\u00e5 heller ikke p\u00e5 100 grams platen (som ogs\u00e5 er billigere), som l\u00e5 litt under i samme hylle! <\/p>\n<p class=\"_paragraph_145nj_4 _paragraph_6fko5_10 layout-component text-serif-m layout-normal text-serif-m layout-padded\">\u2013 Hva i all verden skjer med Freia Melkesjokolade?<\/p>\n<p class=\"_paragraph_145nj_4 _paragraph_6fko5_10 layout-component text-serif-m layout-normal text-serif-m layout-padded\">\u2013 Sjokoladeprisene har g\u00e5tt ned. Mens hvorfor Freia melkesjokolade skiller seg ut, skyldes vel mer at det har blitt utl\u00f8st priskonkurranse p\u00e5 den, sier NHH-professoren.<\/p>\n<p> Billigere enn i fjor!<\/p>\n<p class=\"_paragraph_145nj_4 _paragraph_6fko5_10 layout-component text-serif-m layout-normal text-serif-m layout-padded\">Interessant nok viser denne prissjekken at handlekurven i VGs matb\u00f8rs er blitt billigere siden oktober 2025. Legger man sammen prisene i 31 like produkter fra i fjor til i \u00e5r, ser man at b\u00f8rsvinner Extra er blitt 3,7 prosent billigere. <\/p>\n<p class=\"_paragraph_145nj_4 _paragraph_6fko5_10 layout-component text-serif-m layout-normal text-serif-m layout-padded\">Se bare her:<\/p>\n<p class=\"_paragraph_145nj_4 _paragraph_6fko5_10 layout-component text-serif-m layout-normal text-serif-m layout-padded\"><strong class=\"_strong_145nj_25\">Findus Spr\u00f8bakte fiskefileter:<\/strong> 74,90 kroner i fjor \u2013 25,80 n\u00e5. Nesten to tredeler av prisen er forduftet.<\/p>\n<p class=\"_paragraph_145nj_4 _paragraph_6fko5_10 layout-component text-serif-m layout-normal text-serif-m layout-padded\"><strong class=\"_strong_145nj_25\">Brokkoli:<\/strong> 29,90 kroner i fjor \u2013 14,90 kroner n\u00e5. Halv pris.<\/p>\n<p class=\"_paragraph_145nj_4 _paragraph_6fko5_10 layout-component text-serif-m layout-normal text-serif-m layout-padded\"><strong class=\"_strong_145nj_25\">Blomk\u00e5l:<\/strong> 29,90 i fjor \u2013 19,90 n\u00e5. Det er 10 kroner billigere.<\/p>\n<p class=\"_paragraph_145nj_4 _paragraph_6fko5_10 layout-component text-serif-m layout-normal text-serif-m layout-padded\"><strong class=\"_strong_145nj_25\">Grovbr\u00f8d: <\/strong>22,90 i fjor \u2013 17,90 kroner n\u00e5. Fem kroner billigere.<\/p>\n<p class=\"_paragraph_145nj_4 _paragraph_6fko5_10 layout-component text-serif-m layout-normal text-serif-m layout-padded\">\u2013 Hva skyldes denne prisnedgangen?<\/p>\n<p class=\"_paragraph_145nj_4 _paragraph_6fko5_10 layout-component text-serif-m layout-normal text-serif-m layout-padded\">\u2013 Generelt har prisveksten p\u00e5 mat flatet ut, men det er fortsatt vekst p\u00e5 litt over 1 prosent fra juli i fjor til juli i \u00e5r. S\u00e5 dette speiler ikke den generelle utviklingen. Det kan kanskje se ut som priskrigen som typisk kommer i l\u00f8pet av h\u00f8sten, har startet tidlig, sier Foros.<\/p>\n<p class=\"_paragraph_145nj_4 _paragraph_6fko5_10 layout-component text-serif-m layout-normal text-serif-m layout-padded\">Han sier at det er skarpt fokus p\u00e5 matb\u00f8rs-varene, og at de dermed vil g\u00e5 ned mer enn andre varer n\u00e5r konkurransen spisser seg.<\/p>\n<p class=\"_paragraph_145nj_4 _paragraph_6fko5_10 layout-component text-serif-m layout-normal text-serif-m layout-padded\">\u2013 Mange gr\u00f8nnsaker er blitt billigere, hvorfor?<\/p>\n<p class=\"_paragraph_145nj_4 _paragraph_6fko5_10 layout-component text-serif-m layout-normal text-serif-m layout-padded\">\u2013 For gr\u00f8nnsaker er det sesongavgj\u00f8rende, og denne prissjekken er gjort i august, fjor\u00e5rets i oktober. Avokado er spesielt ved at prisen fyker opp og ned med importprisene. I tillegg er frukt og gr\u00f8nt en av de f\u00e5 varegruppene hvor det ikke er s\u00e5kalte nasjonale priser, s\u00e5 her kan det ogs\u00e5 v\u00e6re forskjeller rundt omkring i landet.<\/p>\n<p><img alt=\"Her ser du noen av de 84 produktene i denne matb\u00f8rsen.\" class=\"_image_jw3bv_65 layout-component layout-normal\" data-fullscreen- data-track-element-type=\"Article image fullscreen\" data-track-name=\"ImageFullscreen\" decoding=\"async\" loading=\"lazy\" height=\"2628\" itemprop=\"image\"  src=\"https:\/\/www.europesays.com\/no\/wp-content\/uploads\/2026\/08\/0459e762-8300-398f-8c92-d8b3d6f85f47.jpeg\"  style=\"object-position:0% 0%\" width=\"4000\"\/>Foto: Vegar Jansen \/ VGDette er blitt dyrere<\/p>\n<p class=\"_paragraph_145nj_4 _paragraph_6fko5_10 layout-component text-serif-m layout-normal text-serif-m layout-padded\"><strong class=\"_strong_145nj_25\">Hvetemel:<\/strong> I fjor fikk vi mel til 19,90 kroner kiloen. N\u00e5, ett \u00e5r senere, er prisen \u00f8kt til 31,90. Det er faktisk en \u00f8kning p\u00e5 60 prosent.<\/p>\n<p class=\"_paragraph_145nj_4 _paragraph_6fko5_10 layout-component text-serif-m layout-normal text-serif-m layout-padded\"><strong class=\"_strong_145nj_25\">Lettr\u00f8mme:<\/strong> 20 kroner kostet 3 dl-boksen i oktober 2025. N\u00e5 er prisen 23,90. Det er en \u00f8kning p\u00e5 snaut 20 prosent.<\/p>\n<p class=\"_paragraph_145nj_4 _paragraph_6fko5_10 layout-component text-serif-m layout-normal text-serif-m layout-padded\"><strong class=\"_strong_145nj_25\">Stabbur-makrell:<\/strong> Den ovale 170-gramsboksen kostet 25 kroner for ett \u00e5r siden. N\u00e5 koster den 34,90 \u2013 en \u00f8kning p\u00e5 nesten 40 prosent.<\/p>\n<p>Mindre og dyrere<\/p>\n<p class=\"_paragraph_145nj_4 _paragraph_6fko5_10 layout-component text-serif-m layout-normal text-serif-m layout-padded\">Det er ikke alle varer som blir st\u00f8rre og billigere. Noen krymper og blir dyrere. Som for eksempel Omos nye produkt for farget t\u00f8y: Omo Farget.<\/p>\n<p><img alt=\"Color er blitt Farget.  Foto: J\u00f8rn E. Kaalstad\" class=\"_image_jw3bv_65 layout-component layout-normal\" data-fullscreen- data-track-element-type=\"Article image fullscreen\" data-track-name=\"ImageFullscreen\" decoding=\"async\" loading=\"lazy\" height=\"3020\" itemprop=\"image\"  src=\"https:\/\/www.europesays.com\/no\/wp-content\/uploads\/2026\/08\/7c3f290c-df22-37dc-bd7f-db7abbf6d8b9.jpeg\"  style=\"object-position:0% 0%\" width=\"3734\"\/>Color er blitt Farget.  Foto: J\u00f8rn E. Kaalstad<\/p>\n<p class=\"_paragraph_145nj_4 _paragraph_6fko5_10 layout-component text-serif-m layout-normal text-serif-m layout-padded\">Produktet het f\u00f8r Omo Color og veide 1,17 kilo (27 vask). N\u00e5 har boksen f\u00e5tt nytt navn og innholdet veier bare 1,0 kilo (25 vask). Sist VG sjekket prisen var i mars 2025, og da kostet Color 37,60 (for 1,17 kg). I dag koster det \u00abnye\u00bb og mindre produktet Farget 59,90.<\/p>\n<p class=\"_paragraph_145nj_4 _paragraph_6fko5_10 layout-component text-serif-m layout-normal text-serif-m layout-padded\">Alts\u00e5: litt mindre, men 22 kroner dyrere!   <\/p>\n<p>Maksimum basilikum<\/p>\n<p class=\"_paragraph_145nj_4 _paragraph_6fko5_10 layout-component text-serif-m layout-normal text-serif-m layout-padded\">Basilikum-plante i potte er et nytt produkt i denne matb\u00f8rsen.<\/p>\n<p class=\"_paragraph_145nj_4 _paragraph_6fko5_10 layout-component text-serif-m layout-normal text-serif-m layout-padded\">Prismessig skapte det ikke s\u00e5 store b\u00f8lger i regnestykket: Prisen var identisk i alle tre kjedene.<\/p>\n<p class=\"_paragraph_145nj_4 _paragraph_6fko5_10 layout-component text-serif-m layout-normal text-serif-m layout-padded\">Produktet var derimot ikke identisk. Rema 1000 hadde den klart st\u00f8rste og tyngste potten, alts\u00e5 med mest jord. Kanskje vil den klare seg lengst p\u00e5 kj\u00f8kkenbenken hvis du passer p\u00e5 \u00e5 vanne den.<\/p>\n<p><img alt=\"Tre ulike basilikum-planter til samme pris. Fra venstre: Extra, Rema 1000 og Kiwi.  Foto: \u00d8yvind Engan, VG\" class=\"_image_jw3bv_65 layout-component layout-normal\" data-fullscreen- data-track-element-type=\"Article image fullscreen\" data-track-name=\"ImageFullscreen\" decoding=\"async\" loading=\"lazy\" height=\"2039\" itemprop=\"image\"  src=\"https:\/\/www.europesays.com\/no\/wp-content\/uploads\/2026\/08\/63d6e028-b9c6-320c-833f-7ba253ee125c.jpeg\"  style=\"object-position:0% 0%\" width=\"3664\"\/>Tre ulike basilikum-planter til samme pris. Fra venstre: Extra, Rema 1000 og Kiwi.  Foto: \u00d8yvind Engan, VG<\/p>\n<p class=\"_paragraph_145nj_4 _paragraph_6fko5_10 layout-component text-serif-m layout-normal text-serif-m layout-padded\">Til gjengjeld hadde planten fra Extra klart mest basilikumblader \u00e5 by p\u00e5: 20 gram \u2013 mot 14 og 13 gram hos henholdsvis Rema og Kiwi, if\u00f8lge VGs kj\u00f8kkenvekt.<\/p>\n<p class=\"_paragraph_145nj_4 _paragraph_6fko5_10 layout-component text-serif-m layout-normal text-serif-m layout-padded\">Men var noen av bladene fra Extra litt t\u00f8rre, kanskje? Hvis vi luket ut de stygge bladene, satt vi igjen med omtrent like mye fin basilikum fra alle tre.<\/p>\n<p class=\"_paragraph_145nj_4 _paragraph_6fko5_10 layout-component text-serif-m layout-normal text-serif-m layout-padded\">Vi gj\u00f8r det enkelt og lar en plante telle som en plante i regnestykket denne gangen. R\u00e5det er: Bruk \u00f8ynene og plukk en stor og fin urteplante n\u00e5r du er i butikken.<\/p>\n<p>\u00abLaveste pris\u00bb ikke laveste pris<\/p>\n<p class=\"_paragraph_145nj_4 _paragraph_6fko5_10 layout-component text-serif-m layout-normal text-serif-m layout-padded\">Skal du handle hele kaffeb\u00f8nner, gjelder det ogs\u00e5 \u00e5 ha \u00f8ynene med seg. Hos Rema 1000 skulle man kanskje tro at Prima-posen med p\u00e5skriften \u00abV\u00e5r laveste pris\u00bb er billigst.<\/p>\n<p><img alt=\"NEI VEL? Ikke tro at disse kaffeb\u00f8nnene er billigst!  Foto: \u00d8yvind Engan, VG\" class=\"_image_jw3bv_65 layout-component layout-normal\" data-fullscreen- data-track-element-type=\"Article image fullscreen\" data-track-name=\"ImageFullscreen\" decoding=\"async\" loading=\"lazy\" height=\"962\" itemprop=\"image\"  src=\"https:\/\/www.europesays.com\/no\/wp-content\/uploads\/2026\/08\/8a8dcad1-2719-3459-aea4-2371865c1b31.jpeg\"  style=\"object-position:0% 0%\" width=\"1385\"\/>NEI VEL? Ikke tro at disse kaffeb\u00f8nnene er billigst!  Foto: \u00d8yvind Engan, VG<\/p>\n<p class=\"_paragraph_145nj_4 _paragraph_6fko5_10 layout-component text-serif-m layout-normal text-serif-m layout-padded\">Men det er den ikke. En vanlig pose fra Friele er billigere.<\/p>\n<p class=\"_paragraph_145nj_4 _paragraph_6fko5_10 layout-component text-serif-m layout-normal text-serif-m layout-padded\">\u2013 Prima Lavpris 225 gram er vanligvis v\u00e5r billigste kaffe. Friele 500 g er derimot n\u00e5 p\u00e5 kampanje hos en lavpriskonkurrent i en begrenset periode. N\u00e5r lavpriskonkurrentene v\u00e5re kj\u00f8rer kampanjer, matcher vi prisen. Det gj\u00f8r vi for \u00e5 sikre at kundene v\u00e5re f\u00e5r den laveste sluttsummen, opplyser kategori- og innkj\u00f8psdirekt\u00f8r Line Aarnes i Rema 1000 via e-post.<\/p>\n<p>Hva med Oda?<\/p>\n<p class=\"_paragraph_145nj_4 _paragraph_6fko5_10 layout-component text-serif-m layout-normal text-serif-m layout-padded\">Nettbutikken Oda er ikke landsdekkende, og ikke med i VGs matb\u00f8rs denne gangen. VG har likevel tatt en sjekk av hva varene i handlekurven koster hos Oda p\u00e5 samme tidspunkt som vi handlet i lavpriskjedene, selv om vi ikke la det i handlekurven. <\/p>\n<p class=\"_paragraph_145nj_4 _paragraph_6fko5_10 layout-component text-serif-m layout-normal text-serif-m layout-padded\"><strong class=\"_strong_145nj_25\">Det er bare noen f\u00e5 varer der Odas pris er rimeligere enn dagligvarekjedene:<\/strong><\/p>\n<ul class=\"_list_145nj_3 _list_6fko5_9 _unordered_145nj_106 layout-component text-serif-m layout-normal text-serif-m layout-padded\">\n<li class=\"_item_145nj_30\"><strong class=\"_strong_145nj_25\">Lerum bringeb\u00e6rsyltet\u00f8y<\/strong> koster 32,24 kroner hos Oda mot 39,90 hos alle tre lavpriskjedene.<\/li>\n<li class=\"_item_145nj_30\"><strong class=\"_strong_145nj_25\">M\u00f6ller\u2019s tran 500 ml naturell:<\/strong> 242,91 kroner hos Oda mot 269,90 kroner hos konkurrentene.<\/li>\n<li class=\"_item_145nj_30\"><strong class=\"_strong_145nj_25\">Grovbr\u00f8d: <\/strong>Koster 16,40 kroner hos Oda mot 17,90 hos alle tre lavpriskjedene.<\/li>\n<li class=\"_item_145nj_30\"><strong class=\"_strong_145nj_25\">Lettr\u00f8mme: <\/strong>Koster 22,50 hos Oda mot 23,90 hos alle konkurrentene.<\/li>\n<\/ul>\n<p class=\"_paragraph_145nj_4 _paragraph_6fko5_10 layout-component text-serif-m layout-normal text-serif-m layout-padded\"><strong class=\"_strong_145nj_25\">P\u00e5 andre varer er Oda dyrere:<\/strong><\/p>\n<ul class=\"_list_145nj_3 _list_6fko5_9 _unordered_145nj_106 layout-component text-serif-m layout-normal text-serif-m layout-padded\">\n<li class=\"_item_145nj_30\"><strong class=\"_strong_145nj_25\">En kilo gulr\u00f8tter<\/strong> koster 34,90 hos Oda og 23,90 hos konkurrentene.<\/li>\n<li class=\"_item_145nj_30\"><strong class=\"_strong_145nj_25\">En pakke med frossen laks<\/strong>, 4 x 125 gram, koster 84,90 kroner hos Oda. Hos Rema 1000 og Kiwi koster den samme pakken 74,90 kroner, mens Extra tar 75 kroner.<\/li>\n<\/ul>\n<p class=\"_paragraph_145nj_4 _paragraph_6fko5_10 layout-component text-serif-m layout-normal text-serif-m layout-padded\">Flere av varene i Matb\u00f8rsen kan ikke sammenlignes direkte med Odas varer, blant annet fordi Oda ikke selger alle frukt- og gr\u00f8ntvarer i l\u00f8svekt og derfor har andre pakningsst\u00f8rrelser.<\/p>\n<p class=\"_paragraph_145nj_4 _paragraph_6fko5_10 layout-component text-serif-m layout-normal text-serif-m layout-padded\">\u2013 Som lavpris nettbutikk gj\u00f8r Oda noen ting litt annerledes. I stedet for l\u00f8svekt, plukker vi varene for kundene v\u00e5re. Det gj\u00f8r at vi blant annet kan kj\u00f8le varene optimalt helt frem til d\u00f8ren, og dermed levere frukt og gr\u00f8nt av h\u00f8y kvalitet. Kunden unng\u00e5r dessuten at mange andre har klemt p\u00e5 avokadoen eller tomaten i en butikk f\u00f8r den havner p\u00e5 middagsbordet, sier Robert Ekrem, kommersiell direkt\u00f8r i Oda.<\/p>\n<p class=\"_paragraph_145nj_4 _paragraph_6fko5_10 layout-component text-serif-m layout-normal text-serif-m layout-padded\">Det er verdt \u00e5 merke seg at Oda ogs\u00e5 har begrensninger p\u00e5 hvor mange eksemplarer kunden kan kj\u00f8pe av enkelte varer. For eksempel f\u00e5r man bare kj\u00f8pe tre Pizza Grandiosa til 39,90 kroner. <\/p>\n<p class=\"_paragraph_145nj_4 _paragraph_6fko5_10 layout-component text-serif-m layout-normal text-serif-m layout-padded\">\u2013 I likhet med andre dagligvarebutikker har Oda kj\u00f8psbegrensning p\u00e5 enkelte kampanjevarer. Det er for \u00e5 sikre at slike gode tilbud som billig Grandiosa kommer flest mulig til gode, sier Ekrem.<\/p>\n<p>Kiwi og Rema 1000 svarer<\/p>\n<p class=\"_paragraph_145nj_4 _paragraph_6fko5_10 layout-component text-serif-m layout-normal text-serif-m layout-padded\">Med 84 produkter og en handlekurv p\u00e5 n\u00e6rmere 3600 kroner, er det selvsagt surt \u00e5 kun ligge noen f\u00e5 kronestykker etter konkurrenten. Men det skal n\u00e5 v\u00e6re fikset, opplyser Kiwis kommunikasjonsdirekt\u00f8r Kristine Aakvaag Arvin.<\/p>\n<p><img decoding=\"async\" alt=\"Bilde av Kristine Aakvaag Arvin\" class=\"_image_148z4_25\" height=\"40\" itemprop=\"image\" loading=\"lazy\"  src=\"https:\/\/www.europesays.com\/no\/wp-content\/uploads\/2026\/08\/6310c2b7-6b67-3c5a-b747-7ce1e1adc9fb.jpeg\"  width=\"40\"\/><strong class=\"_name_148z4_34 title-serif-xs\">Kristine Aakvaag Arvin<\/strong><\/p>\n<p class=\"_paragraph_145nj_4 text-sans-m _description_148z4_39\">Kommunikasjonsdirekt\u00f8r i Kiwi<\/p>\n<p class=\"_paragraph_145nj_4 _paragraph_6fko5_10 layout-component text-serif-m layout-normal text-serif-m layout-padded\">\u2013 Kiwi skal alltid v\u00e6re billigst, s\u00e5 vi er selvsagt ikke forn\u00f8yde med resultatet, selv om forskjellen kun er p\u00e5 0,19 prosent. Testen viser at vi har flest varer med lavest pris, men at vi p\u00e5 noen f\u00e5 enkeltvarer ikke har fanget opp prisforskjellene raskt nok. Disse prisene er n\u00e5 justert. V\u00e5re 2,4 millioner Kiwi Pluss-kunder vinner uansett, med femten prosent bonus p\u00e5 frukt og gr\u00f8nt, i tillegg til \u00e9n prosent bonus p\u00e5 alle varer, skriver Arvin i en e-post til VG.<\/p>\n<p class=\"_paragraph_145nj_4 _paragraph_6fko5_10 layout-component text-serif-m layout-normal text-serif-m layout-padded\">Hos Rema 1000, som vi k\u00e5ret til billigste butikk tidligere i sommer, er det forst\u00e5elig nok heller ikke spesielt stas \u00e5 havne sist p\u00e5 rangeringen.<\/p>\n<p><img decoding=\"async\" alt=\"Bilde av Line Aarnes\" class=\"_image_148z4_25\" height=\"40\" itemprop=\"image\" loading=\"lazy\"  src=\"https:\/\/www.europesays.com\/no\/wp-content\/uploads\/2026\/08\/e8f1f448-1ae5-4bd0-88a4-5dd4481e1e1d.jpeg\"  width=\"40\"\/><strong class=\"_name_148z4_34 title-serif-xs\">Line Aarnes<\/strong><\/p>\n<p class=\"_paragraph_145nj_4 text-sans-m _description_148z4_39\">Kategori- og innkj\u00f8psdirekt\u00f8r i Rema 1000<\/p>\n<p class=\"_paragraph_145nj_4 _paragraph_6fko5_10 layout-component text-serif-m layout-normal text-serif-m layout-padded\">\u2013 Vi er ikke forn\u00f8yde med dette resultatet. Rema 1000 skal v\u00e6re billigst p\u00e5 dagligvarer i Norge, slik VGs matb\u00f8rs i juni viste. En tredjeplass er derfor ikke godt nok for oss. Gjennom \u00e5ret har vi kuttet og l\u00e5st prisen p\u00e5 en rekke viktige hverdagsvarer for \u00e5 sikre kundene v\u00e5re lave og forutsigbare priser. Det skal vi fortsette med, sier kategori- og innkj\u00f8psdirekt\u00f8r Line Aarnes.<\/p>\n<p>Slik er testen gjennomf\u00f8rt<\/p>\n<p class=\"_paragraph_145nj_4 _paragraph_6fko5_10 _paragraph_1kitn_11 layout-component text-serif-m layout-normal text-sans-m layout-padded\">\u25cf Varene er handlet inn av VGs journalister i Drammen og Lier-omr\u00e5det 24. august 2026.<\/p>\n<p class=\"_paragraph_145nj_4 _paragraph_6fko5_10 _paragraph_1kitn_11 layout-component text-serif-m layout-normal text-sans-m layout-padded\">\u25cf Butikkene vi har prissjekket er Extra, Kiwi og Rema 1000. Vi noterte oss ogs\u00e5 priser hos Oda i samme tidsrom, men handlet ikke inn varene.<\/p>\n<p class=\"_paragraph_145nj_4 _paragraph_6fko5_10 _paragraph_1kitn_11 layout-component text-serif-m layout-normal text-sans-m layout-padded\">\u25cf Prisene i VGs matb\u00f8rs er i hovedsak basert p\u00e5 kassekvittering, og forutsetter at det er registrert riktig pris.<\/p>\n<p class=\"_paragraph_145nj_4 _paragraph_6fko5_10 _paragraph_1kitn_11 layout-component text-serif-m layout-normal text-sans-m layout-padded\">\u25cf Journalistene har opptr\u00e5dt anonymt, som vanlige kunder, og handelen er avsluttet p\u00e5 omtrent samme tidspunkt i alle butikkene.<\/p>\n<p class=\"_paragraph_145nj_4 _paragraph_6fko5_10 _paragraph_1kitn_11 layout-component text-serif-m layout-normal text-sans-m layout-padded\">\u25cf Vareutvalget best\u00e5r i denne testen av 84 varer. B\u00e5de merkevarer, kjedenes egne merkevarer og billigste vare er representert i utvalget. Mengde, st\u00f8rrelse og antall som vi har etterspurt, fremg\u00e5r av tabellen.<\/p>\n<p class=\"_paragraph_145nj_4 _paragraph_6fko5_10 _paragraph_1kitn_11 layout-component text-serif-m layout-normal text-sans-m layout-padded\">\u25cf N\u00e5r vi ettersp\u00f8r \u00abbilligste vare\u00bb, er kvalitet ikke hensyntatt.<\/p>\n<p class=\"_paragraph_145nj_4 _paragraph_6fko5_10 _paragraph_1kitn_11 layout-component text-serif-m layout-normal text-sans-m layout-padded\">\u25cf Med \u00abbilligste vare\u00bb mener vi billigste tilgjengelige vare. I praksis betyr det at hvis den billigste er utsolgt, kj\u00f8per vi den nest billigste.<\/p>\n<p class=\"_paragraph_145nj_4 _paragraph_6fko5_10 _paragraph_1kitn_11 layout-component text-serif-m layout-normal text-sans-m layout-padded\">\u25cf Utgangspunktet for prisene er vareutvalget i den enkelte butikk p\u00e5 kj\u00f8psdagen.<\/p>\n<p class=\"_paragraph_145nj_4 _paragraph_6fko5_10 _paragraph_1kitn_11 layout-component text-serif-m layout-normal text-sans-m layout-padded\">\u25cf Prisene er hentet inn uten kjedenes medvirkning, og alle varene er kj\u00f8pt og betalt av VG.<\/p>\n<p class=\"_paragraph_145nj_4 _paragraph_6fko5_10 _paragraph_1kitn_11 layout-component text-serif-m layout-normal text-sans-m layout-padded\">\u25cf Tilbudsvarer p\u00e5 kj\u00f8psdagen er tatt med. Det er ikke benyttet rabattordninger, medlemskap eller tilbud p\u00e5 grunn av dato.<\/p>\n<p class=\"_paragraph_145nj_4 _paragraph_6fko5_10 _paragraph_1kitn_11 layout-component text-serif-m layout-normal text-sans-m layout-padded\">\u25cf N\u00e5r vi ettersp\u00f8r en vare av en viss mengde\/st\u00f8rrelse, har vi i noen tilfeller valgt tilsvarende produkter s\u00e5 n\u00e6r etterspurt mengde som mulig.<\/p>\n<p class=\"_paragraph_145nj_4 _paragraph_6fko5_10 _paragraph_1kitn_11 layout-component text-serif-m layout-normal text-sans-m layout-padded\">\u25cf Der pakningsst\u00f8rrelsen avviker, er prisen omregnet til etterspurt vekt\/st\u00f8rrelse.<\/p>\n<p class=\"_paragraph_145nj_4 _paragraph_6fko5_10 _paragraph_1kitn_11 layout-component text-serif-m layout-normal text-sans-m layout-padded\">\u25cf Kjedene har f\u00e5tt sjekke sine egne priser etter at VG har innhentet dem.<\/p>\n<p class=\"_paragraph_145nj_4 _paragraph_6fko5_10 _paragraph_1kitn_11 layout-component text-serif-m layout-normal text-sans-m layout-padded\">\u25cf Vi tar forbehold om at prisene i VGs matb\u00f8rs kan v\u00e6re endret etter kj\u00f8psdato.<\/p>\n<p class=\"_paragraph_145nj_4 _paragraph_6fko5_10 _paragraph_1kitn_11 layout-component text-serif-m layout-normal text-sans-m layout-padded\">\u25cf Matvarene i VGs matb\u00f8rs gis til en veldedig organisasjon etter publisering.<\/p>\n<p>Vis mer    <img decoding=\"async\" alt=\"Tips oss illustrasjon\" src=\"https:\/\/www.europesays.com\/no\/wp-content\/uploads\/2026\/08\/1788166520_240_pssst-small.webp\"\/>    <\/p>\n<p class=\"title-serif-s\">Har du tips?<\/p>\n<p class=\"text-sans-m\">Send oss informasjon, bilder eller video.<\/p>\n<p>  <a href=\"https:\/\/www.vg.no\/tips-oss\" rel=\"nofollow noopener\" target=\"_blank\"> Tips oss <\/a>      <\/p>\n","protected":false},"excerpt":{"rendered":"VGs prissjekk viser at Extra n\u00e5 er billigste lavpriskjede. Brokkolini var produktet med st\u00f8rst prisforskjell. Flere produkter har&hellip;\n","protected":false},"author":2,"featured_media":338856,"comment_status":"","ping_status":"","sticky":false,"template":"","format":"standard","meta":{"footnotes":"","_share_on_mastodon":"0"},"categories":[56],"tags":[31,60,61,1229,62,30,28,29,2930],"class_list":["post-338855","post","type-post","status-publish","format-standard","has-post-thumbnail","category-naeringsliv","tag-breaking","tag-business","tag-economy","tag-matpriser","tag-naeringsliv","tag-no","tag-norge","tag-norway","tag-sjokolade"],"share_on_mastodon":{"url":"https:\/\/pubeurope.com\/@no\/117189288801533659","error":""},"_links":{"self":[{"href":"https:\/\/www.europesays.com\/no\/wp-json\/wp\/v2\/posts\/338855","targetHints":{"allow":["GET"]}}],"collection":[{"href":"https:\/\/www.europesays.com\/no\/wp-json\/wp\/v2\/posts"}],"about":[{"href":"https:\/\/www.europesays.com\/no\/wp-json\/wp\/v2\/types\/post"}],"author":[{"embeddable":true,"href":"https:\/\/www.europesays.com\/no\/wp-json\/wp\/v2\/users\/2"}],"replies":[{"embeddable":true,"href":"https:\/\/www.europesays.com\/no\/wp-json\/wp\/v2\/comments?post=338855"}],"version-history":[{"count":0,"href":"https:\/\/www.europesays.com\/no\/wp-json\/wp\/v2\/posts\/338855\/revisions"}],"wp:featuredmedia":[{"embeddable":true,"href":"https:\/\/www.europesays.com\/no\/wp-json\/wp\/v2\/media\/338856"}],"wp:attachment":[{"href":"https:\/\/www.europesays.com\/no\/wp-json\/wp\/v2\/media?parent=338855"}],"wp:term":[{"taxonomy":"category","embeddable":true,"href":"https:\/\/www.europesays.com\/no\/wp-json\/wp\/v2\/categories?post=338855"},{"taxonomy":"post_tag","embeddable":true,"href":"https:\/\/www.europesays.com\/no\/wp-json\/wp\/v2\/tags?post=338855"}],"curies":[{"name":"wp","href":"https:\/\/api.w.org\/{rel}","templated":true}]}}