{"id":33887,"date":"2025-09-12T20:59:38","date_gmt":"2025-09-12T20:59:38","guid":{"rendered":"https:\/\/www.europesays.com\/no\/33887\/"},"modified":"2025-09-12T20:59:38","modified_gmt":"2025-09-12T20:59:38","slug":"kuriosa-kjerringvik-larvik-losningen-pa-facebook-mysteriet-i-kjerringvik","status":"publish","type":"post","link":"https:\/\/www.europesays.com\/no\/33887\/","title":{"rendered":"Kuriosa, Kjerringvik | Larvik: L\u00f8sningen p\u00e5 Facebook-mysteriet i Kjerringvik"},"content":{"rendered":"\n<p>Bildet ble lagt ut p\u00e5 Facebook-gruppa \u00abLarvik p\u00e5 kryss og tvers\u00bb i forrige uke, og er tatt i n\u00e6rheten av Kjerringvik.<\/p>\n<p><b>Innsenderen sp\u00f8r dem i gruppa hva de tror det er, og flere mener de har l\u00f8sningen med \u00e9n gang \u2013 de foresl\u00e5r at det er der Jotun tester malingstyper.<\/b><\/p>\n<p>\u2013 For \u00e5 se hva de t\u00e5ler av v\u00e6r og vind, skriver en.<\/p>\n<p>Vi ringte Jotun for \u00e5 sjekke.<\/p>\n<p><b>LES OGS\u00c5: <\/b><a class=\"simple-relation related-teaser article--c-eRUmMG article--c-eRUmMG-jKCPdD-design-default article--c-eRUmMG-iBPVJb-cv\" href=\"https:\/\/www.op.no\/na-rives-ikonisk-bygg-i-larvik\/s\/5-36-1819865\" rel=\"nofollow noopener\" target=\"_blank\">N\u00e5 rives ikonisk bygg i Larvik<\/a><\/p>\n<p>M\u00e5 ha ekstremv\u00e6r<\/p>\n<p>Der svarer pressekontakt Gitte M. Aasheim at folk har gjettet riktig.<\/p>\n<p><b>\u2013 Dette er testfeltet v\u00e5rt i Kjerringvik, svarer Aasheim i en e-post. <\/b><\/p>\n<p>Med det svaret er det lett \u00e5 finne fram til informasjonen p\u00e5 Jotuns hjemmesider.<\/p>\n<p><b>Der st\u00e5r det at utend\u00f8rsmaling testes ute i minimum fem \u00e5r, og at det ikke bare er om produktene t\u00e5ler all slags v\u00e6r som testes. Skittopptak, sopp- og algevekst, glans og farge, dekkevne, p\u00e5f\u00f8ring og holdbarhet listes ogs\u00e5 opp. <\/b><\/p>\n<p>Det viser seg at Kjerringvik ikke er det eneste stedet som er h\u00e5ndplukket for sin optimale eksponering mot v\u00e6r. Jotun har tre teststeder i Norge.<\/p>\n<p><b>\u2013 Valgt for optimal eksponering mot nordisk ekstremv\u00e6r, st\u00e5r det. <\/b><\/p>\n<p>  <a href=\"https:\/\/www.op.no\/5-36-1820631\" class=\"related-teaser has-image default-story-teaser article--c-eRUmMG article--c-eRUmMG-jKCPdD-design-default\" rel=\"nofollow noopener\" target=\"_blank\"><\/p>\n<p>    <img decoding=\"async\" loading=\"lazy\"  src=\"https:\/\/www.europesays.com\/no\/wp-content\/uploads\/2025\/09\/h%C3%B8ne-1.jpg\" alt=\"\" class=\"brick-c-cFOWSL\" style=\"\"\/><\/p>\n<p>\n            Les ogs\u00e5<\/p>\n<p>              Kjente igjen h\u00f8na til kollegaen sin: \u2013 Dette er en utrolig historie\n        <\/p>\n<p>  <\/a><br \/>\n  Tester stadig mer<\/p>\n<p>Produktene testes ogs\u00e5 ved virksomhetens \u00f8vrige teststasjoner globalt, som i Dubai for ekstrem soleksponering og h\u00f8y temperatur, i Malaysia for fuktig klima og i Kina for forurensning.<\/p>\n<p><b>\u2013 Betydelige klimaendringer stiller stadig h\u00f8yere krav til maling og beis, og derfor er det n\u00f8dvendig med kontinuerlig testing av eksisterende og nye produkter, st\u00e5r det p\u00e5 hjemmesidene. <\/b><\/p>\n<p>Der fortelles det ogs\u00e5 at fem \u00e5r i 45 graders vinkel tilsvarer 10 \u00e5r p\u00e5 en husvegg.<\/p>\n<p>Og dermed er mysteriet l\u00f8st \u2013 i hvert fall for oss som ikke ante noe om den merkelige \u00abinstallasjonen\u00bb.<\/p>\n<p>  <a href=\"https:\/\/www.op.no\/5-36-1819885\" class=\"related-teaser has-image default-story-teaser article--c-eRUmMG article--c-eRUmMG-jKCPdD-design-default\" rel=\"nofollow noopener\" target=\"_blank\"><\/p>\n<p>    <img decoding=\"async\" loading=\"lazy\"  src=\"https:\/\/www.europesays.com\/no\/wp-content\/uploads\/2025\/09\/086c1bb0-071b-43ae-9688-6fb873984b91-2.jpg\" alt=\"\" class=\"brick-c-cFOWSL\" style=\"\"\/><\/p>\n<p>\n            Les ogs\u00e5<\/p>\n<p>              N\u00e5 har det skjedd igjen: \u2013 Kunne ikke annet enn \u00e5 le\n        <\/p>\n<p>  <\/a><\/p>\n","protected":false},"excerpt":{"rendered":"Bildet ble lagt ut p\u00e5 Facebook-gruppa \u00abLarvik p\u00e5 kryss og tvers\u00bb i forrige uke, og er tatt i&hellip;\n","protected":false},"author":2,"featured_media":33888,"comment_status":"","ping_status":"","sticky":false,"template":"","format":"standard","meta":{"footnotes":""},"categories":[10],"tags":[36,20,21,24,25,15,5423,5422,1321,22,23,2483,13,30,28,29,14,16,1510,26,27],"class_list":{"0":"post-33887","1":"post","2":"type-post","3":"status-publish","4":"format-standard","5":"has-post-thumbnail","7":"category-norge","8":"tag-art","9":"tag-breaking-news","10":"tag-breakingnews","11":"tag-featured-news","12":"tag-featurednews","13":"tag-headlines","14":"tag-jotun","15":"tag-kjerringvik","16":"tag-kuriosa","17":"tag-latest-news","18":"tag-latestnews","19":"tag-maling","20":"tag-news","21":"tag-no","22":"tag-norge","23":"tag-norway","24":"tag-nyheter","25":"tag-overskrifter","26":"tag-story","27":"tag-top-stories","28":"tag-topstories"},"share_on_mastodon":{"url":"","error":""},"_links":{"self":[{"href":"https:\/\/www.europesays.com\/no\/wp-json\/wp\/v2\/posts\/33887","targetHints":{"allow":["GET"]}}],"collection":[{"href":"https:\/\/www.europesays.com\/no\/wp-json\/wp\/v2\/posts"}],"about":[{"href":"https:\/\/www.europesays.com\/no\/wp-json\/wp\/v2\/types\/post"}],"author":[{"embeddable":true,"href":"https:\/\/www.europesays.com\/no\/wp-json\/wp\/v2\/users\/2"}],"replies":[{"embeddable":true,"href":"https:\/\/www.europesays.com\/no\/wp-json\/wp\/v2\/comments?post=33887"}],"version-history":[{"count":0,"href":"https:\/\/www.europesays.com\/no\/wp-json\/wp\/v2\/posts\/33887\/revisions"}],"wp:featuredmedia":[{"embeddable":true,"href":"https:\/\/www.europesays.com\/no\/wp-json\/wp\/v2\/media\/33888"}],"wp:attachment":[{"href":"https:\/\/www.europesays.com\/no\/wp-json\/wp\/v2\/media?parent=33887"}],"wp:term":[{"taxonomy":"category","embeddable":true,"href":"https:\/\/www.europesays.com\/no\/wp-json\/wp\/v2\/categories?post=33887"},{"taxonomy":"post_tag","embeddable":true,"href":"https:\/\/www.europesays.com\/no\/wp-json\/wp\/v2\/tags?post=33887"}],"curies":[{"name":"wp","href":"https:\/\/api.w.org\/{rel}","templated":true}]}}