{"id":338915,"date":"2026-08-31T10:05:18","date_gmt":"2026-08-31T10:05:18","guid":{"rendered":"https:\/\/www.europesays.com\/no\/338915\/"},"modified":"2026-08-31T10:05:18","modified_gmt":"2026-08-31T10:05:18","slug":"kongens-ord-ble-marthes-trost","status":"publish","type":"post","link":"https:\/\/www.europesays.com\/no\/338915\/","title":{"rendered":"Kongens ord ble Marthes tr\u00f8st"},"content":{"rendered":"\n<p class=\"_paragraph_145nj_4 _paragraph_6fko5_10 layout-component text-serif-m layout-normal text-serif-m layout-padded\">Hun var 13 \u00e5r og hadde pyntet seg i skj\u00f8rt og st\u00f8vletter, reist hele veien fra Telemark til Oslo, g\u00e5tt spent inn de store d\u00f8rene p\u00e5 slottet og blitt tatt imot av selveste kongen. <\/p>\n<p class=\"_paragraph_145nj_4 _paragraph_6fko5_10 layout-component text-serif-m layout-normal text-serif-m layout-padded\"><strong class=\"_strong_145nj_25\">Han ville gjerne h\u00f8re om hvordan det er \u00e5 v\u00e6re barn i et utrygt hjem preget av vold. <\/strong><\/p>\n<p class=\"_paragraph_145nj_4 _paragraph_6fko5_10 layout-component text-serif-m layout-normal text-serif-m layout-padded\">Og merkelig nok var det lettere \u00e5 fortelle til kongen enn til noen andre. Ordene flommet ut av Marthe. <\/p>\n<p class=\"_paragraph_145nj_4 _paragraph_6fko5_10 layout-component text-serif-m layout-normal text-serif-m layout-padded\">Da hun var ferdig, s\u00e5 kongen beveget ut. Han holdt blikket hennes og sa alvorlig:<\/p>\n<p class=\"_paragraph_145nj_4 _paragraph_6fko5_10 layout-component text-serif-m layout-normal text-serif-m layout-padded\"><strong class=\"_strong_145nj_25\">\u00abDet er ikke din skyld.\u00bb<\/strong><\/p>\n<p><img alt=\"\" class=\"_image_jw3bv_65 layout-component layout-wide\" data-fullscreen- data-track-element-type=\"Article image fullscreen\" data-track-name=\"ImageFullscreen\" decoding=\"async\" loading=\"lazy\" height=\"5464\" itemprop=\"image\"  src=\"https:\/\/www.europesays.com\/no\/wp-content\/uploads\/2026\/08\/49ed0ca2-ac2e-3731-952e-4eb64a7bcd07.jpeg\"  style=\"object-position:0% 0%\" width=\"8192\"\/><\/p>\n<p class=\"_paragraph_145nj_4 _paragraph_6fko5_10 layout-component text-serif-m layout-normal text-serif-m layout-padded\">\u2013 Det \u00f8yeblikket endret livet mitt, sier Marthe Kristine Paulsen. <\/p>\n<p class=\"_paragraph_145nj_4 _paragraph_6fko5_10 layout-component text-serif-m layout-normal text-serif-m layout-padded\"><strong class=\"_strong_145nj_25\">\u2013 N\u00e5r selveste kongen sa det, s\u00e5 m\u00e5tte det v\u00e6re sant. <\/strong><\/p>\n<p class=\"_paragraph_145nj_4 _paragraph_6fko5_10 layout-component text-serif-m layout-normal text-serif-m layout-padded\">Barn som vokser opp i utrygge og voldelige hjem, strever ofte med skyldf\u00f8lelse \u2013 helt uten grunn. <\/p>\n<p class=\"_paragraph_145nj_4 _paragraph_6fko5_10 layout-component text-serif-m layout-normal text-serif-m layout-padded\">For Marthe hjalp det litt at terapeutene i barnegruppen hos <a href=\"https:\/\/atv-stiftelsen.no\/\" class=\"_link_145nj_39\" rel=\"nofollow noopener\" target=\"_blank\">Alternativ til vold<\/a> fortalte henne at ingenting av det som skjedde hjemme var hennes skyld.<strong class=\"_strong_145nj_25\"> <\/strong><\/p>\n<p class=\"_paragraph_145nj_4 _paragraph_6fko5_10 layout-component text-serif-m layout-normal text-serif-m layout-padded\">Men det hjalp ikke nok. Tilliten til voksne var skadet etter \u00e5 ha blitt sviktet mye. <\/p>\n<p class=\"_paragraph_145nj_4 _paragraph_6fko5_10 layout-component text-serif-m layout-normal text-serif-m layout-padded\">Hun tenkte: <\/p>\n<p class=\"_paragraph_145nj_4 _paragraph_6fko5_10 layout-component text-serif-m layout-normal text-serif-m layout-padded\"><strong class=\"_strong_145nj_25\">Hva om kongen kunne si det? <\/strong><\/p>\n<p class=\"_paragraph_145nj_4 _paragraph_6fko5_10 layout-component text-serif-m layout-normal text-serif-m layout-padded\">Skulle de skrive et brev til ham? <\/p>\n<p><img alt=\"Foto: Elisabeth Altenborg\" class=\"_image_jw3bv_65 layout-component layout-normal\" data-fullscreen- data-track-element-type=\"Article image fullscreen\" data-track-name=\"ImageFullscreen\" decoding=\"async\" loading=\"lazy\" height=\"5464\" itemprop=\"image\"  src=\"https:\/\/www.europesays.com\/no\/wp-content\/uploads\/2026\/08\/bece1df1-12c5-35a4-981f-327c11ebeb65.jpeg\"  style=\"object-position:57.977294921875% 33.18997071742314%\" width=\"8192\"\/>Foto: Elisabeth Altenborg<\/p>\n<p class=\"_paragraph_145nj_4 _paragraph_6fko5_10 layout-component text-serif-m layout-normal text-serif-m layout-padded\">Familier\u00e5dgiver \u00d8ivind Aschjem, som sammen med Wenche Tobiassen ledet samtalene med barna, syntes det var en god id\u00e9. <\/p>\n<p class=\"_paragraph_145nj_4 _paragraph_6fko5_10 layout-component text-serif-m layout-normal text-serif-m layout-padded\">I fellesskap skrev gruppen et brev til kongen, postet det p\u00e5 torget i Langesund og ventet spent p\u00e5 svar. <\/p>\n<p class=\"_paragraph_145nj_4 _paragraph_6fko5_10 layout-component text-serif-m layout-normal text-serif-m layout-padded\">Svarbrevet kom aldri. Isteden fikk \u00d8ivind en telefon: <\/p>\n<p class=\"_paragraph_145nj_4 _paragraph_6fko5_10 layout-component text-serif-m layout-normal text-serif-m layout-padded\"><strong class=\"_strong_145nj_25\">Kong Harald ville m\u00f8te barna personlig, og inviterte dem til slottet.<\/strong><\/p>\n<p class=\"_paragraph_145nj_4 _paragraph_6fko5_10 layout-component text-serif-m layout-normal text-serif-m layout-padded\">\u2013 I 2002 var det ikke s\u00e5 mye fokus p\u00e5 hvor skadelig familievold ogs\u00e5 er for barna som er vitner til volden. Denne barnegruppen ved Alternativ til vold i Langesund var faktisk den f\u00f8rste i sitt slag i landet, sier \u00d8ivind Aschjem. <\/p>\n<p class=\"_paragraph_145nj_4 _paragraph_6fko5_10 layout-component text-serif-m layout-normal text-serif-m layout-padded\"><strong class=\"_strong_145nj_25\">9. desember 2002 var dagen. <\/strong><\/p>\n<p class=\"_paragraph_145nj_4 _paragraph_6fko5_10 layout-component text-serif-m layout-normal text-serif-m layout-padded\">Seks spente barn satte seg inn i en minibuss og ble kj\u00f8rt mot Oslo og Det kongelige slott. <\/p>\n<p><img alt=\"\" class=\"_image_jw3bv_65 layout-component layout-right\" data-fullscreen- data-track-element-type=\"Article image fullscreen\" data-track-name=\"ImageFullscreen\" decoding=\"async\" loading=\"lazy\" height=\"5154\" itemprop=\"image\"  src=\"https:\/\/www.europesays.com\/no\/wp-content\/uploads\/2026\/08\/21dbf0b3-9764-3c09-8f18-bd2b2640e688.jpeg\"  style=\"object-position:42.62326905655493% 36.709351959642994%\" width=\"7727\"\/><img alt=\"\" class=\"_image_jw3bv_65 layout-component layout-left\" data-fullscreen- data-track-element-type=\"Article image fullscreen\" data-track-name=\"ImageFullscreen\" decoding=\"async\" loading=\"lazy\" height=\"5370\" itemprop=\"image\"  src=\"https:\/\/www.europesays.com\/no\/wp-content\/uploads\/2026\/08\/75e3757e-9b2c-3ccd-870d-fc1dc7a73f41.jpeg\"  style=\"object-position:51.48428766612844% 57.27188081936685%\" width=\"8051\"\/><\/p>\n<p class=\"_paragraph_145nj_4 _paragraph_6fko5_10 layout-component text-serif-m layout-normal text-serif-m layout-padded\">\u2013 Det var veldig stort for oss \u00e5 m\u00f8te kong Harald. Vi f\u00f8lte at han tok oss veldig p\u00e5 alvor, sier Marthe. <\/p>\n<p class=\"_paragraph_145nj_4 _paragraph_6fko5_10 layout-component text-serif-m layout-normal text-serif-m layout-padded\">\u00d8ivind satt ved bordet og h\u00f8rte barna dele forferdelige opplevelser som de aldri hadde fortalt i samtalegruppen. <\/p>\n<p class=\"_paragraph_145nj_4 _paragraph_6fko5_10 layout-component text-serif-m layout-normal text-serif-m layout-padded\">Da han senere spurte hvorfor de endelig hadde fortalt dette, var svaret: <\/p>\n<p class=\"_paragraph_145nj_4 _paragraph_6fko5_10 layout-component text-serif-m layout-normal text-serif-m layout-padded\"><strong class=\"_strong_145nj_25\">\u00abVi m\u00e5tte jo det, det var jo kongen!\u00bb.<\/strong><\/p>\n<p class=\"_paragraph_145nj_4 _paragraph_6fko5_10 layout-component text-serif-m layout-normal text-serif-m layout-padded\">Kong Harald ble ogs\u00e5 med \u00abi ringen\u00bb, som var et fast avslutningsritual i samtalegruppen. <\/p>\n<p class=\"_paragraph_145nj_4 _paragraph_6fko5_10 layout-component text-serif-m layout-normal text-serif-m layout-padded\">Da sto de i en ring, h\u00e5nd i h\u00e5nd, og sa til sidemannen: <\/p>\n<p class=\"_paragraph_145nj_4 _paragraph_6fko5_10 layout-component text-serif-m layout-normal text-serif-m layout-padded\"><strong class=\"_strong_145nj_25\">\u00abDu er god nok som du er\u00bb. <\/strong><\/p>\n<p class=\"_paragraph_145nj_4 _paragraph_6fko5_10 layout-component text-serif-m layout-normal text-serif-m layout-padded\">En av guttene i gruppen fikk \u00e6ren av \u00e5 gi den hyggelige beskjeden til kongen.<\/p>\n<p><img alt=\"Foto: Eivind Griffith Br\u00e6nde \/ VG\" class=\"_image_jw3bv_65 layout-component layout-normal\" data-fullscreen- data-track-element-type=\"Article image fullscreen\" data-track-name=\"ImageFullscreen\" decoding=\"async\" loading=\"lazy\" height=\"3888\" itemprop=\"image\"  src=\"https:\/\/www.europesays.com\/no\/wp-content\/uploads\/2026\/08\/571412a1-eb34-3409-98e8-32cd25483728.jpeg\"  style=\"object-position:0% 0%\" width=\"2592\"\/>Foto: Eivind Griffith Br\u00e6nde \/ VG<\/p>\n<p class=\"_paragraph_145nj_4 _paragraph_6fko5_10 layout-component text-serif-m layout-normal text-serif-m layout-padded\">Historien om barna p\u00e5 slottet er gjengitt i barneboken \u00abSinna Mann\u00bb, som senere ogs\u00e5 har blitt film og teater. <\/p>\n<p class=\"_paragraph_145nj_4 _paragraph_6fko5_10 layout-component text-serif-m layout-normal text-serif-m layout-padded\">\u2013 Marthes sp\u00f8rsm\u00e5l, brevet v\u00e5rt, kongens svar og m\u00f8tet p\u00e5 slottet skapte en kjedereaksjon som virkelig fikk oppmerksomheten rettet mot voldsutsatte barn, sier \u00d8ivind Aschjem. <\/p>\n<p class=\"_paragraph_145nj_4 _paragraph_6fko5_10 layout-component text-serif-m layout-normal text-serif-m layout-padded\">Hendelsene fra barndommen har satt dype spor i Marthe. <\/p>\n<p class=\"_paragraph_145nj_4 _paragraph_6fko5_10 layout-component text-serif-m layout-normal text-serif-m layout-padded\">N\u00e5r de vonde tankene kommer, har det hjulpet \u00e5 tenke tilbake p\u00e5 kong Haralds ord. <\/p>\n<p class=\"_paragraph_145nj_4 _paragraph_6fko5_10 layout-component text-serif-m layout-normal text-serif-m layout-padded\">\u2013 Det har alltid v\u00e6rt den st\u00f8rste tr\u00f8sten. Jeg tror faktisk kke jeg hadde v\u00e6rt her i dag hvis det ikke hadde v\u00e6rt for det m\u00f8tet, sier Marthe. <\/p>\n<p class=\"_paragraph_145nj_4 _paragraph_6fko5_10 layout-component text-serif-m layout-normal text-serif-m layout-padded\"><strong class=\"_strong_145nj_25\">\u2013 S\u00e5 det er riktig \u00e5 si at at kongens ord har reddet livet mitt.<\/strong><\/p>\n<p><img alt=\"\" class=\"_image_jw3bv_65 layout-component layout-normal\" data-fullscreen- data-track-element-type=\"Article image fullscreen\" data-track-name=\"ImageFullscreen\" decoding=\"async\" loading=\"lazy\" height=\"5464\" itemprop=\"image\"  src=\"https:\/\/www.europesays.com\/no\/wp-content\/uploads\/2026\/08\/0bf19154-9a6f-3cae-a85c-1578549afc5b.jpeg\"  style=\"object-position:59.283447265625% 53.83418740849195%\" width=\"8192\"\/><\/p>\n<p class=\"_paragraph_145nj_4 _paragraph_6fko5_10 layout-component text-serif-m layout-normal text-serif-m layout-padded\">Hun har f\u00e5tt diagnosen kompleks PTSD, har slitt mye med angst og depresjon og er i dag uf\u00f8r. <\/p>\n<p class=\"_paragraph_145nj_4 _paragraph_6fko5_10 layout-component text-serif-m layout-normal text-serif-m layout-padded\">\u2013 Jeg f\u00f8ler likevel at jeg lever et godt liv, med samboer og fire barn som jeg er veldig glad i, sier Marthe og t\u00f8rker t\u00e5rene. <\/p>\n<p class=\"_paragraph_145nj_4 _paragraph_6fko5_10 layout-component text-serif-m layout-normal text-serif-m layout-padded\">Hun st\u00e5r i blomsterhavet p\u00e5 slottsplassen i Oslo. Det er s\u00f8ndag og hun er her for f\u00f8rste gang siden kongen sovnet inn fredag morgen. <\/p>\n<p class=\"_paragraph_145nj_4 _paragraph_6fko5_10 layout-component text-serif-m layout-normal text-serif-m layout-padded\"><strong class=\"_strong_145nj_25\">\u2013 Jeg gr\u00e5t hele den dagen. Det f\u00f8ltes som \u00e5 miste en bestefar som jeg var skikkelig glad i.<\/strong><\/p>\n<p class=\"_paragraph_145nj_4 _paragraph_6fko5_10 layout-component text-serif-m layout-normal text-serif-m layout-padded\">Datteren Tomine er ogs\u00e5 sv\u00e6rt ber\u00f8rt. <\/p>\n<p class=\"_paragraph_145nj_4 _paragraph_6fko5_10 layout-component text-serif-m layout-normal text-serif-m layout-padded\">\u2013 Mamma har snakket s\u00e5 mye om kongen og drar oss alltid med til Slottsplassen n\u00e5r vi er i Oslo.<\/p>\n<p><img alt=\"\" class=\"_image_jw3bv_65 layout-component layout-left\" data-fullscreen- data-track-element-type=\"Article image fullscreen\" data-track-name=\"ImageFullscreen\" decoding=\"async\" loading=\"lazy\" height=\"5464\" itemprop=\"image\"  src=\"https:\/\/www.europesays.com\/no\/wp-content\/uploads\/2026\/08\/c6d8ffd7-7f42-3b68-ab17-0190a8c90335.jpeg\"  style=\"object-position:60.80322265625% 37.198023426061496%\" width=\"8192\"\/><img alt=\"Datteren Tomine Andrea Brauti Paulsen (19) (t.v.) og s\u00f8steren Linn Andrea Sem Dale (39) er med Marthe til slottsplassen for \u00e5 legge ned blomster.\" class=\"_image_jw3bv_65 layout-component layout-right\" data-fullscreen- data-track-element-type=\"Article image fullscreen\" data-track-name=\"ImageFullscreen\" decoding=\"async\" loading=\"lazy\" height=\"5464\" itemprop=\"image\"  src=\"https:\/\/www.europesays.com\/no\/wp-content\/uploads\/2026\/08\/6357c508-fa2b-350e-ae95-10d90ce43a88.jpeg\"  style=\"object-position:53.961181640625% 45.36054172767203%\" width=\"8192\"\/>Datteren Tomine Andrea Brauti Paulsen (19) (t.v.) og s\u00f8steren Linn Andrea Sem Dale (39) er med Marthe til slottsplassen for \u00e5 legge ned blomster.<\/p>\n<p class=\"_paragraph_145nj_4 _paragraph_6fko5_10 layout-component text-serif-m layout-normal text-serif-m layout-padded\">Marthes stores\u00f8ster Linn forteller at Marthes bes\u00f8k hos kongen betydde mye for hele familien. <\/p>\n<p class=\"_paragraph_145nj_4 _paragraph_6fko5_10 layout-component text-serif-m layout-normal text-serif-m layout-padded\">\u2013 Den jenta som kom ut av minibussen etter det slottsbes\u00f8ket var en helt annen enn hun som dro inn til Oslo om morgenen. Hun spratt gledestr\u00e5lende ut som en liten energibombe og n\u00e6rmest ropte: \u00abKongen sa det assa! Det er ikke er min skyld!\u00bb. <\/p>\n<p class=\"_paragraph_145nj_4 _paragraph_6fko5_10 layout-component text-serif-m layout-normal text-serif-m layout-padded\">Marthe synes det er trist at hun ikke fikk m\u00f8tt kongen i voksen alder for \u00e5 fortelle ham personlig hvor mye m\u00f8tet hadde betydd for henne. <\/p>\n<p class=\"_paragraph_145nj_4 _paragraph_6fko5_10 layout-component text-serif-m layout-normal text-serif-m layout-padded\"><strong class=\"_strong_145nj_25\">Men det er ingen tvil om at m\u00f8tet med barna fra Telemark gjorde inntrykk ogs\u00e5 p\u00e5 kongen. <\/strong><\/p>\n<p class=\"_paragraph_145nj_4 _paragraph_6fko5_10 layout-component text-serif-m layout-normal text-serif-m layout-padded\">Da \u00d8ivind Aschjem mottok Kongens fortjenestemedalje i 2013, havnet han til bords med kong Harald. <\/p>\n<p class=\"_paragraph_145nj_4 _paragraph_6fko5_10 layout-component text-serif-m layout-normal text-serif-m layout-padded\">\u2013 Det var 11 \u00e5r siden vi var p\u00e5 slottet, og kongen spurte: \u00abG\u00e5r det bra med Marthe?\u00bb. <\/p>\n<p class=\"_paragraph_145nj_4 _paragraph_6fko5_10 layout-component text-serif-m layout-normal text-serif-m layout-padded\"><strong class=\"_strong_145nj_25\">\u2013 Husket han meg!? <\/strong><\/p>\n<p class=\"_paragraph_145nj_4 _paragraph_6fko5_10 layout-component text-serif-m layout-normal text-serif-m layout-padded\">Det brister for Marthe n\u00e5r hun f\u00e5r h\u00f8re denne historien. <\/p>\n<p class=\"_paragraph_145nj_4 _paragraph_6fko5_10 layout-component text-serif-m layout-normal text-serif-m layout-padded\">\u2013 For en varm og omsorgsfull mann han var. <\/p>\n<p class=\"_paragraph_145nj_4 _paragraph_6fko5_10 layout-component text-serif-m layout-normal text-serif-m layout-padded\">VG har v\u00e6rt i kontakt med Marthes far og mor om v\u00e5r omtale av hennes barndom. <\/p>\n<p><img alt=\"Foto: Privat\" class=\"_image_jw3bv_65 layout-component layout-normal\" data-fullscreen- data-track-element-type=\"Article image fullscreen\" data-track-name=\"ImageFullscreen\" decoding=\"async\" loading=\"lazy\" height=\"1558\" itemprop=\"image\"  src=\"https:\/\/www.europesays.com\/no\/wp-content\/uploads\/2026\/08\/625d775f-c5a3-3875-a1e9-2fc539b2d4d1.jpeg\"  style=\"object-position:45.08985879332478% 49.80744544287548%\" width=\"1558\"\/>Foto: Privat<\/p>\n<p class=\"_paragraph_145nj_4 _paragraph_6fko5_10 layout-component text-serif-m layout-normal text-serif-m layout-padded\">Psykolog Johanne S. Refseth har delt historien om Marthe og de andre barnas m\u00f8te med kongen p\u00e5 sin Instagram-konto \u00abPsykolog med sovepose\u00bb etter kong Haralds bortgang. <\/p>\n<p class=\"_paragraph_145nj_4 _paragraph_6fko5_10 layout-component text-serif-m layout-normal text-serif-m layout-padded\"><strong class=\"_strong_145nj_25\">Hun forklarer hvorfor historien har gjort s\u00e5 sterkt inntrykk p\u00e5 henne: <\/strong><\/p>\n<p class=\"_paragraph_145nj_4 _paragraph_6fko5_10 layout-component text-serif-m layout-normal text-serif-m layout-padded\">\u2013 Som psykolog har jeg m\u00f8tt s\u00e5 mange som er blitt utsatt for vold og overgrep og som f\u00f8ler at det var deres skyld. Det kan henge i s\u00e5 lenge og skape s\u00e5 mye problemer. Tanken om at \u00abdet var min skyld og jeg fortjener \u00e5 bli behandlet d\u00e5rlig\u00bb er jo en av flere grunner til at voldsutsatte har en tendens til \u00e5 finne partnere med et voldsproblem, forteller Refseth.<\/p>\n<p class=\"_paragraph_145nj_4 _paragraph_6fko5_10 layout-component text-serif-m layout-normal text-serif-m layout-padded\">\u2013 S\u00e5 for meg, med den bakgrunnen, \u00e5 h\u00f8re at kongen g\u00e5r inn og tar fra barna den skylden \u2013 det har alltid ber\u00f8rt meg dypt, og det har sannsynligvis ber\u00f8rt de barna mer enn noen psykolog kunne, sier hun. <\/p>\n<p> <img decoding=\"async\" alt=\"Therese Ridar\" class=\"_image_uv074_179\" src=\"https:\/\/www.europesays.com\/no\/wp-content\/uploads\/2026\/08\/1788170718_28_d26b195e-47bb-47ff-85c3-945a0b41ac96.jpeg\" width=\"480\"\/>     <\/p>\n","protected":false},"excerpt":{"rendered":"Hun var 13 \u00e5r og hadde pyntet seg i skj\u00f8rt og st\u00f8vletter, reist hele veien fra Telemark til&hellip;\n","protected":false},"author":2,"featured_media":338916,"comment_status":"","ping_status":"","sticky":false,"template":"","format":"standard","meta":{"footnotes":"","_share_on_mastodon":"0"},"categories":[10],"tags":[1301,20,21,24,25,15,26134,22,23,13,30,28,29,14,16,26,27,493],"class_list":["post-338915","post","type-post","status-publish","format-standard","has-post-thumbnail","category-norge","tag-barn","tag-breaking-news","tag-breakingnews","tag-featured-news","tag-featurednews","tag-headlines","tag-kong-haralds-dod","tag-latest-news","tag-latestnews","tag-news","tag-no","tag-norge","tag-norway","tag-nyheter","tag-overskrifter","tag-top-stories","tag-topstories","tag-vold"],"share_on_mastodon":{"url":"https:\/\/pubeurope.com\/@no\/117189563918108731","error":""},"_links":{"self":[{"href":"https:\/\/www.europesays.com\/no\/wp-json\/wp\/v2\/posts\/338915","targetHints":{"allow":["GET"]}}],"collection":[{"href":"https:\/\/www.europesays.com\/no\/wp-json\/wp\/v2\/posts"}],"about":[{"href":"https:\/\/www.europesays.com\/no\/wp-json\/wp\/v2\/types\/post"}],"author":[{"embeddable":true,"href":"https:\/\/www.europesays.com\/no\/wp-json\/wp\/v2\/users\/2"}],"replies":[{"embeddable":true,"href":"https:\/\/www.europesays.com\/no\/wp-json\/wp\/v2\/comments?post=338915"}],"version-history":[{"count":0,"href":"https:\/\/www.europesays.com\/no\/wp-json\/wp\/v2\/posts\/338915\/revisions"}],"wp:featuredmedia":[{"embeddable":true,"href":"https:\/\/www.europesays.com\/no\/wp-json\/wp\/v2\/media\/338916"}],"wp:attachment":[{"href":"https:\/\/www.europesays.com\/no\/wp-json\/wp\/v2\/media?parent=338915"}],"wp:term":[{"taxonomy":"category","embeddable":true,"href":"https:\/\/www.europesays.com\/no\/wp-json\/wp\/v2\/categories?post=338915"},{"taxonomy":"post_tag","embeddable":true,"href":"https:\/\/www.europesays.com\/no\/wp-json\/wp\/v2\/tags?post=338915"}],"curies":[{"name":"wp","href":"https:\/\/api.w.org\/{rel}","templated":true}]}}