{"id":338967,"date":"2026-08-31T11:00:19","date_gmt":"2026-08-31T11:00:19","guid":{"rendered":"https:\/\/www.europesays.com\/no\/338967\/"},"modified":"2026-08-31T11:00:19","modified_gmt":"2026-08-31T11:00:19","slug":"kong-harald-begravelse-tror-norge-stopper-for-kong-harald","status":"publish","type":"post","link":"https:\/\/www.europesays.com\/no\/338967\/","title":{"rendered":"Kong Harald, Begravelse | Tror Norge stopper for kong Harald"},"content":{"rendered":"\n<p><a rel=\"Follow nofollow noopener\" href=\"https:\/\/www.nettavisen.no\/nyheter\/slik-kan-norge-markere-kong-haralds-begravelse-tror-landet-stopper-opp\/s\/80-95-41510\" target=\"_blank\">(Nettavisen)<\/a> Fredag morgen klokken 06.35 sovnet kong Harald stille inn etter en periode med sykdom. Gravferden finner sted 9. september.\u00a0<\/p>\n<p><b>Statsministerens kontor har opplyst at kong Harald V skal minnes med ett minutts stillhet over hele landet, fra klokken 13.00 til 13.01.<\/b><\/p>\n<p>N\u00e5r Norge senere skal ta sitt siste farvel med kongen, tror Nettavisens kongehusekspert Tove Taalesen at dagen vil merkes langt utenfor Oslo domkirke.<\/p>\n<p><b>Hun forventer at store deler av landet vil stoppe opp mens gravferden p\u00e5g\u00e5r.<\/b><\/p>\n<p>\u2013 Det vil nok komme en anbefaling om at landet skal st\u00e5 i ro, sannsynligvis fra b\u00e5ren blir fraktet fra Slottet til Domkirken, sier Taalesen.<\/p>\n<p><b>Les ogs\u00e5: <\/b><\/p>\n<p>   <img decoding=\"async\" width=\"8640\" height=\"5760\" fetchpriority=\"low\"  loading=\"lazy\"  src=\"https:\/\/www.europesays.com\/no\/wp-content\/uploads\/2026\/08\/cueres_scp-mangler_navn_JVozhBOgMZA.jpg\" alt=\"\" class=\"brick-c-cFOWSL\" style=\"--brick-image-ratio: 8640 \/ 5760;\"\/><\/p>\n<p>      MARKERES: Nettavisens kongehusekspert forventer at kong Harald markeres over hele landet.<br \/>\n      Foto: Cornelius Poppe (NTB)\n    <\/p>\n<p>  Norge stoppet opp <\/p>\n<p>Historien viser at en kongelig gravferd kan sette sitt preg p\u00e5 hele landet.<\/p>\n<p><b>Da kong Olav V ble begravet i 1991, var gravferdsdagen ingen offentlig fridag. Likevel stanset mye av Norge opp. Mer enn 100.000 mennesker fulgte prosesjonen med kongens b\u00e5re gjennom Oslos gater, mens mange fikk fri eller permisjon fra jobb for \u00e5 f\u00f8lge seremonien. Store deler av befolkningen fulgte ogs\u00e5 gravferden p\u00e5 TV.<\/b><\/p>\n<p>I regjeringens veileder for den nasjonale s\u00f8rgeperioden \u00e5pnes det n\u00e5 for noe av det samme.<\/p>\n<p>Der heter det at den enkelte skole, det enkelte studiested og den enkelte arbeidsgiver selv kan vurdere om elever, studenter og ansatte skal f\u00e5 anledning til \u00e5 f\u00f8lge gravferden gjennom TV-sendingen.<\/p>\n<p>    Vil du se neste video?<\/p>\n<p>    <a href=\"https:\/\/www.tb.no\/her-gar-traktoren-opp-i-royk\/v\/5-76-2926922\" class=\"recommend-poster\" data-adp-clicklabel=\"video-recommend\" data-adp-clickvalue=\"poster\" rel=\"nofollow noopener\" target=\"_blank\"><br \/>\n      <img decoding=\"async\" width=\"200\" height=\"200\" loading=\"lazy\" src=\"https:\/\/www.europesays.com\/no\/wp-content\/uploads\/2026\/08\/v-i-f7c34335-4b2b-4448-8857-f0f50e6929e8-1787664399082.jpg\" alt=\"\" class=\"brick-c-cFOWSL\" style=\"--brick-image-ratio: 200 \/ 200;\"\/><\/p>\n<p>Her g\u00e5r traktoren opp i r\u00f8yk0:20<\/p>\n<p>    <\/a><\/p>\n<p>        Kong Haakon VIIIs taler til folket for f\u00f8rste gang som konge.<\/p>\n<p>Regjeringen peker samtidig p\u00e5 at det vil v\u00e6re naturlig \u00e5 vise s\u00e6rlig hensyn til st\u00f8y denne dagen.<\/p>\n<p>Taalesen understreker at verken regjeringen eller Stortinget kan bestemme at nordmenn skal s\u00f8rge eller legge ned arbeidet. Likevel tror hun myndighetene vil komme med tydelige oppfordringer om hvordan begravelsesdagen b\u00f8r markeres.<\/p>\n<p><b>Les ogs\u00e5: <\/b><\/p>\n<p>   <img decoding=\"async\" width=\"2264\" height=\"1508\" fetchpriority=\"low\"  loading=\"lazy\"  src=\"https:\/\/www.europesays.com\/no\/wp-content\/uploads\/2026\/08\/1788174018_997_image2.jpeg\" alt=\"\" class=\"brick-c-cFOWSL\" style=\"--brick-image-ratio: 2264 \/ 1508;\"\/><\/p>\n<p>      RESPEKT: Et folkehav har lagt ned blomster, lys og hilsener i respekt for kong Harald.<br \/>\n      Foto: Robert Eik\n    <\/p>\n<p>  H\u00e5per folket markerer dagen<\/p>\n<p>Kong Harald var Norges konge i mer enn 35 \u00e5r. Han kommer til \u00e5 f\u00e5 statsbegravelse, noe som gir gravferden en tydelig offisiell og nasjonal ramme.\u00a0<\/p>\n<p>Taalesen tror samtidig at markeringene vil strekke seg langt utover det som organiseres av staten. Ogs\u00e5 n\u00e6ringslivet kan bli oppfordret til \u00e5 markere dagen.<\/p>\n<p>Selv h\u00e5per hun at butikker, restauranter og andre private virksomheter finner sine egne m\u00e5ter \u00e5 vise respekt p\u00e5.<\/p>\n<p>\u2013 Jeg hadde syntes det var helt fantastisk om handelsstanden, alts\u00e5 butikker og restauranter, hadde markert det med flagg eller et eller annet i vinduene, sier Taalesen.<\/p>\n<p><b>\u2013 Spesielt langs Karl Johan hadde det v\u00e6rt veldig flott som en siste hilsen, legger hun til.<\/b><\/p>\n<p>Slike initiativer m\u00e5 imidlertid komme nedenfra, understreker hun. Familier, venner og arbeidsplasser kan samles for \u00e5 f\u00f8lge gravferden p\u00e5 TV, mens andre kan s\u00f8ke til kirker eller lokale minnesteder.\u00a0<\/p>\n<p><b>\u2013 Dette kan jo ikke organiseres fra politikerne v\u00e5re sin side. Det m\u00e5 v\u00e6re handlinger som hver enkelt nordmann f\u00f8ler for selv, sier Taalesen.<\/b><\/p>\n<p>Hun forventer samtidig at folk over hele landet finner egne m\u00e5ter \u00e5 ta farvel p\u00e5.<\/p>\n<p>\u2013 Jeg er helt sikker p\u00e5 at det kommer til \u00e5 v\u00e6re private markeringer rundt omkring i hele Norge, sier hun.<\/p>\n<p><b>Les ogs\u00e5: <\/b><\/p>\n<p>   <img decoding=\"async\" width=\"8173\" height=\"5449\" fetchpriority=\"low\"  loading=\"lazy\"  src=\"https:\/\/www.europesays.com\/no\/wp-content\/uploads\/2026\/08\/cueres_scp-mangler_navn_T56lkTYeRIU.jpg\" alt=\"\" class=\"brick-c-cFOWSL\" style=\"--brick-image-ratio: 8173 \/ 5449;\"\/><\/p>\n<p>      FOLKEHAV: Etter kong Haralds d\u00f8d har folk str\u00f8mmet til Slottet og Slottsplassen.<br \/>\n      Foto: Javad Parsa\n    <\/p>\n<p>  Flagg p\u00e5 halv stang<\/p>\n<p>Ogs\u00e5 det offentlige Norge skal markere kongens bortgang.<\/p>\n<p><b>Regjeringen har allerede fastsatt landesorg og bestemt at det skal flagges p\u00e5 halv stang fra samtlige kongelige residenser, statlige bygninger og milit\u00e6re forlegninger frem til gravferden er gjennomf\u00f8rt.<\/b><\/p>\n<p>Ogs\u00e5 kommunale og fylkeskommunale institusjoner vil kunne flagge p\u00e5 halv stang.<\/p>\n<p><b>Etter at gravferden har funnet sted, heises flaggene igjen p\u00e5 hel stang.<\/b><\/p>\n<p>Regjeringen har dessuten bedt kommunene om \u00e5 gj\u00f8re kondolanseprotokoller tilgjengelige over hele landet.<\/p>\n","protected":false},"excerpt":{"rendered":"(Nettavisen) Fredag morgen klokken 06.35 sovnet kong Harald stille inn etter en periode med sykdom. Gravferden finner sted&hellip;\n","protected":false},"author":2,"featured_media":338968,"comment_status":"","ping_status":"","sticky":false,"template":"","format":"standard","meta":{"footnotes":"","_share_on_mastodon":"0"},"categories":[10],"tags":[36,294,20,21,24,25,15,2590,1803,22,23,13,30,28,29,14,16,1510,26,27],"class_list":["post-338967","post","type-post","status-publish","format-standard","has-post-thumbnail","category-norge","tag-art","tag-begravelse","tag-breaking-news","tag-breakingnews","tag-featured-news","tag-featurednews","tag-headlines","tag-kong-harald","tag-kongehuset","tag-latest-news","tag-latestnews","tag-news","tag-no","tag-norge","tag-norway","tag-nyheter","tag-overskrifter","tag-story","tag-top-stories","tag-topstories"],"share_on_mastodon":{"url":"https:\/\/pubeurope.com\/@no\/117189780223107244","error":""},"_links":{"self":[{"href":"https:\/\/www.europesays.com\/no\/wp-json\/wp\/v2\/posts\/338967","targetHints":{"allow":["GET"]}}],"collection":[{"href":"https:\/\/www.europesays.com\/no\/wp-json\/wp\/v2\/posts"}],"about":[{"href":"https:\/\/www.europesays.com\/no\/wp-json\/wp\/v2\/types\/post"}],"author":[{"embeddable":true,"href":"https:\/\/www.europesays.com\/no\/wp-json\/wp\/v2\/users\/2"}],"replies":[{"embeddable":true,"href":"https:\/\/www.europesays.com\/no\/wp-json\/wp\/v2\/comments?post=338967"}],"version-history":[{"count":0,"href":"https:\/\/www.europesays.com\/no\/wp-json\/wp\/v2\/posts\/338967\/revisions"}],"wp:featuredmedia":[{"embeddable":true,"href":"https:\/\/www.europesays.com\/no\/wp-json\/wp\/v2\/media\/338968"}],"wp:attachment":[{"href":"https:\/\/www.europesays.com\/no\/wp-json\/wp\/v2\/media?parent=338967"}],"wp:term":[{"taxonomy":"category","embeddable":true,"href":"https:\/\/www.europesays.com\/no\/wp-json\/wp\/v2\/categories?post=338967"},{"taxonomy":"post_tag","embeddable":true,"href":"https:\/\/www.europesays.com\/no\/wp-json\/wp\/v2\/tags?post=338967"}],"curies":[{"name":"wp","href":"https:\/\/api.w.org\/{rel}","templated":true}]}}