{"id":338993,"date":"2026-08-31T11:30:20","date_gmt":"2026-08-31T11:30:20","guid":{"rendered":"https:\/\/www.europesays.com\/no\/338993\/"},"modified":"2026-08-31T11:30:20","modified_gmt":"2026-08-31T11:30:20","slug":"medlemmer-av-kongefamilien-pa-slottet","status":"publish","type":"post","link":"https:\/\/www.europesays.com\/no\/338993\/","title":{"rendered":"Medlemmer av kongefamilien p\u00e5 Slottet"},"content":{"rendered":"\n<p class=\"_lead_145nj_2 _lead_6fko5_53 layout-component text-serif-m layout-normal text-serif-l layout-component layout-wide layout-padded _wide_17hqh_1 layout-padded\">Noen timer f\u00f8r kong Haralds b\u00e5re skal flyttes til Slottskapellet, er flere medlemmer av kongefamilien p\u00e5 plass.<\/p>\n<p><img alt=\"Her er dronning Mette-Marits s\u00f8nn, Marius Borg H\u00f8iby, p\u00e5 plass utenfor Slottet mandag. Foto: Gisle Oddstad \/ VG\" class=\"_image_jw3bv_65 layout-component layout-wide\" data-fullscreen- data-track-element-type=\"Article image fullscreen\" data-track-name=\"ImageFullscreen\" fetchpriority=\"high\" decoding=\"sync\" loading=\"eager\" height=\"2528\" itemprop=\"image\"  src=\"https:\/\/www.europesays.com\/no\/wp-content\/uploads\/2026\/08\/8e5a7c1e-740e-3846-8573-e3d1687f5384.jpeg\"  style=\"object-position:0% 0%\" width=\"3790\"\/>Her er dronning Mette-Marits s\u00f8nn, Marius Borg H\u00f8iby, p\u00e5 plass utenfor Slottet mandag. Foto: Gisle Oddstad \/ VGRapporterer fra Slottet Oppdatert mandag 31. august kl. 13:27     <\/p>\n<p class=\"_paragraph_145nj_4 _paragraph_6fko5_10 layout-component text-serif-m layout-normal text-serif-m layout-padded\">Flere av kongefamiliens medlemmer er p\u00e5 plass i 13-tiden mandag. <\/p>\n<p class=\"_paragraph_145nj_4 _paragraph_6fko5_10 layout-component text-serif-m layout-normal text-serif-m layout-padded\">Kong Haakon, dronning Mette-Marits s\u00f8nn Marius Borg H\u00f8iby og prins Sverre Magnus er alle p\u00e5 plass utenfor <a href=\"https:\/\/www.vg.no\/tag\/slottet?utm_source=vg-article&amp;utm_medium=auto-tagger&amp;utm_campaign=gkB5b1\" class=\"_link_145nj_39\" rel=\"nofollow noopener\" target=\"_blank\">Slottet<\/a>. Det er ogs\u00e5 Leah Isadora, Emma Tallulah og Maud Angelica Behn.<\/p>\n<p class=\"_paragraph_145nj_4 _paragraph_6fko5_10 layout-component text-serif-m layout-normal text-serif-m layout-padded\">Klokken 16 skal kong Haralds b\u00e5re flyttes fra Den r\u00f8de salong til Slottskapellet. <\/p>\n<p class=\"_paragraph_145nj_4 _paragraph_6fko5_10 layout-component text-serif-m layout-normal text-serif-m layout-padded\">Der skal det holdes en privat minnestund for familien, hoffet og adjutantstaben.<\/p>\n<p class=\"_paragraph_145nj_4 _paragraph_6fko5_10 layout-component text-serif-m layout-normal text-serif-m layout-padded\">Tidligere mandag opplyste Slottet til VG at kong Haralds b\u00e5re vil <a href=\"https:\/\/www.vg.no\/nyheter\/i\/V6pKJ6\/kong-haralds-baare-vil-vaere-lukket\" data-track-element-type=\"Link\" data-track-id=\"link:V6pKJ6\" class=\"_link_145nj_39\" rel=\"nofollow noopener\" target=\"_blank\">v\u00e6re lukket.<\/a><\/p>\n<p><img alt=\"Kong Haakon utenfor Slottet.  Foto: Gisle Oddstad \/ VG\" class=\"_image_jw3bv_65 layout-component layout-normal\" data-fullscreen- data-track-element-type=\"Article image fullscreen\" data-track-name=\"ImageFullscreen\" decoding=\"async\" loading=\"lazy\" height=\"2320\" itemprop=\"image\"  src=\"https:\/\/www.europesays.com\/no\/wp-content\/uploads\/2026\/08\/2d9cdd4a-5ab5-3ee7-aae9-5cb0dcd61378.jpeg\"  style=\"object-position:0% 0%\" width=\"3094\"\/>Kong Haakon utenfor Slottet.  Foto: Gisle Oddstad \/ VG<\/p>\n<p class=\"_paragraph_145nj_4 _paragraph_6fko5_10 layout-component text-serif-m layout-normal text-serif-m layout-padded\">Kong Haralds barn og barnebarn skal f\u00f8re b\u00e5ren gjennom Slottets saler. <\/p>\n<p class=\"_paragraph_145nj_4 _paragraph_6fko5_10 layout-component text-serif-m layout-normal text-serif-m layout-padded\"><strong class=\"_strong_145nj_25\">Dronningen og dronning Sonja deltar ogs\u00e5 i prosesjonen. <\/strong><\/p>\n<p class=\"_paragraph_145nj_4 _paragraph_6fko5_10 layout-component text-serif-m layout-normal text-serif-m layout-padded\">Dette blir dermed det f\u00f8rste offisielle oppdraget til Norges nye dronning Mette-Marit, ettersom hun uteble fra s\u00f8ndagens s\u00f8rgegudstjeneste i Asker kirke grunnet sin sykdom.<\/p>\n<ul class=\"_list_145nj_3 _list_6fko5_9 _unordered_145nj_106 layout-component text-serif-m layout-normal text-serif-m layout-padded\">\n<li class=\"_item_145nj_30\"><strong class=\"_strong_145nj_25\">Les ogs\u00e5: <\/strong><a href=\"https:\/\/www.vg.no\/rampelys\/i\/3pXlvL\/kong-harald-er-doed-dette-skjer-naa\" data-track-element-type=\"Link\" data-track-id=\"link:3pXlvL\" class=\"_link_145nj_39\" rel=\"nofollow noopener\" target=\"_blank\">Kong Harald er d\u00f8d &#8211; dette skjer n\u00e5<\/a><\/li>\n<\/ul>\n<p><img alt=\"Prins Sverre Magnus er p\u00e5 plass.  Foto: Gisle Oddstad \/ VG\" class=\"_image_jw3bv_65 layout-component layout-normal\" data-fullscreen- data-track-element-type=\"Article image fullscreen\" data-track-name=\"ImageFullscreen\" decoding=\"async\" loading=\"lazy\" height=\"2591\" itemprop=\"image\"  src=\"https:\/\/www.europesays.com\/no\/wp-content\/uploads\/2026\/08\/9c3a2ac2-2ea4-3821-9c9b-f673423bdfa9.jpeg\"  style=\"object-position:0% 0%\" width=\"3455\"\/>Prins Sverre Magnus er p\u00e5 plass.  Foto: Gisle Oddstad \/ VG<\/p>\n<p class=\"_paragraph_145nj_4 _paragraph_6fko5_10 layout-component text-serif-m layout-normal text-serif-m layout-padded\">I Store festsal overtar adjutantstaben og f\u00f8rer b\u00e5ren til Slottskapellet. <\/p>\n<p class=\"_paragraph_145nj_4 _paragraph_6fko5_10 layout-component text-serif-m layout-normal text-serif-m layout-padded\">Her plasseres den p\u00e5 en fl\u00f8yelskledd katafalkkatafalkEn forh\u00f8yning i kirken der kisten st\u00e5r under begravelser eller under defilering. , omgitt av kranser og blomster. Kongekronen, rikssverdet, septeret og rikseplet plasseres p\u00e5 b\u00e5ren.<\/p>\n<p class=\"_paragraph_145nj_4 _paragraph_6fko5_10 layout-component text-serif-m layout-normal text-serif-m layout-padded\">OrdneneOrdneneUtmerkelser som ofte deles ut som takk for fremragende innsats i ulike anledninger. plasseres ved fotenden. <\/p>\n<p class=\"_paragraph_145nj_4 _paragraph_6fko5_10 layout-component text-serif-m layout-normal text-serif-m layout-padded\">En tilsvarende overf\u00f8ring fra R\u00f8de salong til Slottskapellet ble gjort etter Kong Olav Vs bortgang i 1991.<\/p>\n<p><img alt=\"Leah Isadora, Emma Tallulah og Maud Angelica Behn utenfor Slottet.  Foto: Gisle Oddstad \/ VG\" class=\"_image_jw3bv_65 layout-component layout-normal\" data-fullscreen- data-track-element-type=\"Article image fullscreen\" data-track-name=\"ImageFullscreen\" decoding=\"async\" loading=\"lazy\" height=\"2752\" itemprop=\"image\"  src=\"https:\/\/www.europesays.com\/no\/wp-content\/uploads\/2026\/08\/8e2a86ca-4c37-3376-9ccd-a939c57dd439.jpeg\"  style=\"object-position:0% 0%\" width=\"4126\"\/>Leah Isadora, Emma Tallulah og Maud Angelica Behn utenfor Slottet.  Foto: Gisle Oddstad \/ VG<\/p>\n<p class=\"_paragraph_145nj_4 _paragraph_6fko5_10 layout-component text-serif-m layout-normal text-serif-m layout-padded\">B\u00e5ren skal st\u00e5 i Slottskapellet frem til gravferdsseremonien onsdag 9. september. <\/p>\n<p class=\"_paragraph_145nj_4 _paragraph_6fko5_10 layout-component text-serif-m layout-normal text-serif-m layout-padded\"><strong class=\"_strong_145nj_25\">Der blir det mulig for alle \u00e5 se kongens b\u00e5re. <\/strong><\/p>\n<p class=\"_paragraph_145nj_4 _paragraph_6fko5_10 layout-component text-serif-m layout-normal text-serif-m layout-padded\">\u2013 Fram til gravferdsdagen vil b\u00e5ren st\u00e5 i Slottskapellet. Kadetter fra Forsvarets krigsskoler st\u00e5r b\u00e5revakt \u2013 to p\u00e5 hver side, skriver kongehuset. <\/p>\n<p><img alt=\"Slik ser det ut p\u00e5 innsiden av Slottskapellet.  Foto: Janne M\u00f8ller-Hansen \/ VG\" class=\"_image_jw3bv_65 layout-component layout-normal\" data-fullscreen- data-track-element-type=\"Article image fullscreen\" data-track-name=\"ImageFullscreen\" decoding=\"async\" loading=\"lazy\" height=\"1648\" itemprop=\"image\"  src=\"https:\/\/www.europesays.com\/no\/wp-content\/uploads\/2026\/08\/ec5527d1-b7d4-3eb3-aeb3-3b7bbfcd44f0.jpeg\"  style=\"object-position:0% 0%\" width=\"2381\"\/>Slik ser det ut p\u00e5 innsiden av Slottskapellet.  Foto: Janne M\u00f8ller-Hansen \/ VG<\/p>\n<p class=\"_paragraph_145nj_4 _paragraph_6fko5_10 layout-component text-serif-m layout-normal text-serif-m layout-padded\">Defilering i Slottskapellet for publikum starter tirsdag 1. september fra kl. 14.00 til 18.00.<\/p>\n<p class=\"_paragraph_145nj_4 _paragraph_6fko5_10 layout-component text-serif-m layout-normal text-serif-m layout-padded\">Fra 2. september til dagen f\u00f8r gravferdsdagen vil Slottskapellet v\u00e6re \u00e5pent for defilering fra kl. 10.00 til 18.00 hver dag.<\/p>\n<p class=\"_paragraph_145nj_4 _paragraph_6fko5_10 layout-component text-serif-m layout-normal text-serif-m layout-padded\">Publikum kan g\u00e5 forbi b\u00e5ren og ta farvel med Kong Harald fram til klokken 18.00 dagen f\u00f8r gravferden.<\/p>\n<p><img alt=\"Foto: Hallgeir V\u00e5genes \/ VG\" class=\"_image_jw3bv_65 layout-component layout-normal\" data-fullscreen- data-track-element-type=\"Article image fullscreen\" data-track-name=\"ImageFullscreen\" decoding=\"async\" loading=\"lazy\" height=\"3292\" itemprop=\"image\"  src=\"https:\/\/www.europesays.com\/no\/wp-content\/uploads\/2026\/08\/ab173848-9bf5-37bb-822c-7b50f87ebc4c.jpeg\"  style=\"object-position:0% 0%\" width=\"4938\"\/>Foto: Hallgeir V\u00e5genes \/ VG<\/p>\n<p class=\"_paragraph_145nj_4 _paragraph_6fko5_10 layout-component text-serif-m layout-normal text-serif-m layout-padded\">Kong Haralds kiste vil trolig ogs\u00e5 fraktes fra Slottet til Oslo domkirke gjennom Karl Johans gate. <\/p>\n<p class=\"_paragraph_145nj_4 _paragraph_6fko5_10 layout-component text-serif-m layout-normal text-serif-m layout-padded\">Bak kisten kommer familien hans, og andre h\u00f8ytst\u00e5ende gjester til \u00e5 f\u00f8lge bak.<\/p>\n<p>       <img decoding=\"async\" alt=\"Tips oss illustrasjon\" src=\"https:\/\/www.europesays.com\/no\/wp-content\/uploads\/2026\/08\/1788175820_959_pssst-small.webp\"\/>    <\/p>\n<p class=\"title-serif-s\">Har du tips?<\/p>\n<p class=\"text-sans-m\">Send oss informasjon, bilder eller video.<\/p>\n<p>  <a href=\"https:\/\/www.vg.no\/tips-oss\" rel=\"nofollow noopener\" target=\"_blank\"> Tips oss <\/a>      <\/p>\n","protected":false},"excerpt":{"rendered":"Noen timer f\u00f8r kong Haralds b\u00e5re skal flyttes til Slottskapellet, er flere medlemmer av kongefamilien p\u00e5 plass. Her&hellip;\n","protected":false},"author":2,"featured_media":338994,"comment_status":"","ping_status":"","sticky":false,"template":"","format":"standard","meta":{"footnotes":"","_share_on_mastodon":"0"},"categories":[10],"tags":[31,20,21,24,25,15,26073,26105,1803,22,23,400,13,30,28,29,14,16,404,26,27],"class_list":["post-338993","post","type-post","status-publish","format-standard","has-post-thumbnail","category-norge","tag-breaking","tag-breaking-news","tag-breakingnews","tag-featured-news","tag-featurednews","tag-headlines","tag-kong-haakon-8","tag-kong-harald-5","tag-kongehuset","tag-latest-news","tag-latestnews","tag-marius-borg-hoiby","tag-news","tag-no","tag-norge","tag-norway","tag-nyheter","tag-overskrifter","tag-slottet","tag-top-stories","tag-topstories"],"share_on_mastodon":{"url":"https:\/\/pubeurope.com\/@no\/117189898320735396","error":""},"_links":{"self":[{"href":"https:\/\/www.europesays.com\/no\/wp-json\/wp\/v2\/posts\/338993","targetHints":{"allow":["GET"]}}],"collection":[{"href":"https:\/\/www.europesays.com\/no\/wp-json\/wp\/v2\/posts"}],"about":[{"href":"https:\/\/www.europesays.com\/no\/wp-json\/wp\/v2\/types\/post"}],"author":[{"embeddable":true,"href":"https:\/\/www.europesays.com\/no\/wp-json\/wp\/v2\/users\/2"}],"replies":[{"embeddable":true,"href":"https:\/\/www.europesays.com\/no\/wp-json\/wp\/v2\/comments?post=338993"}],"version-history":[{"count":0,"href":"https:\/\/www.europesays.com\/no\/wp-json\/wp\/v2\/posts\/338993\/revisions"}],"wp:featuredmedia":[{"embeddable":true,"href":"https:\/\/www.europesays.com\/no\/wp-json\/wp\/v2\/media\/338994"}],"wp:attachment":[{"href":"https:\/\/www.europesays.com\/no\/wp-json\/wp\/v2\/media?parent=338993"}],"wp:term":[{"taxonomy":"category","embeddable":true,"href":"https:\/\/www.europesays.com\/no\/wp-json\/wp\/v2\/categories?post=338993"},{"taxonomy":"post_tag","embeddable":true,"href":"https:\/\/www.europesays.com\/no\/wp-json\/wp\/v2\/tags?post=338993"}],"curies":[{"name":"wp","href":"https:\/\/api.w.org\/{rel}","templated":true}]}}