{"id":339007,"date":"2026-08-31T11:40:07","date_gmt":"2026-08-31T11:40:07","guid":{"rendered":"https:\/\/www.europesays.com\/no\/339007\/"},"modified":"2026-08-31T11:40:07","modified_gmt":"2026-08-31T11:40:07","slug":"sk-brann-fotballpreik-var-han-ikke-mistenkelig-billig","status":"publish","type":"post","link":"https:\/\/www.europesays.com\/no\/339007\/","title":{"rendered":"SK Brann, Fotballpreik | \u2013 Var han ikke mistenkelig billig?"},"content":{"rendered":"\n<p>Brann har lagt bak seg en travel uke, og denne uken kommer svaret p\u00e5 om Brann-damene tar seg til Champions League, vinner cupfinalen og herrene f\u00e5r bes\u00f8k av Lillestr\u00f8m l\u00f8rdag.<\/p>\n<p>Uken som var ble preget av avansement til Conference League, spillerkj\u00f8p og en svak kamp i Sandefjord. Alt diskuteres n\u00e5r Jonas Gr\u00f8nner og Mons Ivar Mjelde sl\u00e5r f\u00f8lge med BAs Tormod Bergersen inn i Fotballpreik-studioet mandag formiddag.<\/p>\n<p>Ett av de mange temaene som dukker opp der, er prisen p\u00e5 Branns nye h\u00f8yreback Leo Cornic. Brann skal etter det BA kjenner til betalte mellom syv og \u00e5tte millioner for spilleren, et bel\u00f8p som kan \u00f8ke med et par millioner om 25-\u00e5ringen lykkes i Brann.<\/p>\n<p>  <a href=\"https:\/\/www.ba.no\/80-8-14738\" class=\"related-teaser article--c-MkAkR\" rel=\"nofollow noopener\" target=\"_blank\"><\/p>\n<p>\n            Les ogs\u00e5<\/p>\n<p>            Alt om kampen: \u2013 Det er s\u00e5 skuffende\n        <\/p>\n<p>  <\/a><\/p>\n<p>\u2013 Er ikke det mistenkelig billig? sp\u00f8r Bergersen panelet.<\/p>\n<p>B\u00e5de Gr\u00f8nner og Mjelde stusser ogs\u00e5 p\u00e5 prisen, selv om Cornic ikke skal ha v\u00e6rt forn\u00f8yd med kontraktstilbudet han hadde f\u00e5tt av Troms\u00f8, hadde han fortsatt kontrakt ut 2027 med \u00abGutan\u00bb.<\/p>\n<p>\u2013 Det kan godt v\u00e6re at det er ett eller annet vi ikke har f\u00e5tt vite om., sier Mjelde.<\/p>\n<p>Selv om kampen mot Sandefjord ikke var minneverdig for Branns del, fikk de med seg et heldig poeng. Og en mann imponerte hele panelet.<\/p>\n<p>For b\u00e5de Mons Ivar Mjelde og Jonas Gr\u00f8nner er klare p\u00e5 at det nykommer Kjartan Kjartansson viste som indrel\u00f8per definitivt er noe \u00e5 bygge videre p\u00e5.<\/p>\n<p><b>H\u00f8r hele episoden her:<\/b><\/p>\n","protected":false},"excerpt":{"rendered":"Brann har lagt bak seg en travel uke, og denne uken kommer svaret p\u00e5 om Brann-damene tar seg&hellip;\n","protected":false},"author":2,"featured_media":339008,"comment_status":"","ping_status":"","sticky":false,"template":"","format":"standard","meta":{"footnotes":"","_share_on_mastodon":"0"},"categories":[59],"tags":[36,2044,21667,30,28,29,418,83,82,1510,895],"class_list":["post-339007","post","type-post","status-publish","format-standard","has-post-thumbnail","category-sport","tag-art","tag-eliteserien-fotball","tag-fotballpreik","tag-no","tag-norge","tag-norway","tag-sk-brann","tag-sport","tag-sports","tag-story","tag-toppserien"],"share_on_mastodon":{"url":"https:\/\/pubeurope.com\/@no\/117189936804130147","error":""},"_links":{"self":[{"href":"https:\/\/www.europesays.com\/no\/wp-json\/wp\/v2\/posts\/339007","targetHints":{"allow":["GET"]}}],"collection":[{"href":"https:\/\/www.europesays.com\/no\/wp-json\/wp\/v2\/posts"}],"about":[{"href":"https:\/\/www.europesays.com\/no\/wp-json\/wp\/v2\/types\/post"}],"author":[{"embeddable":true,"href":"https:\/\/www.europesays.com\/no\/wp-json\/wp\/v2\/users\/2"}],"replies":[{"embeddable":true,"href":"https:\/\/www.europesays.com\/no\/wp-json\/wp\/v2\/comments?post=339007"}],"version-history":[{"count":0,"href":"https:\/\/www.europesays.com\/no\/wp-json\/wp\/v2\/posts\/339007\/revisions"}],"wp:featuredmedia":[{"embeddable":true,"href":"https:\/\/www.europesays.com\/no\/wp-json\/wp\/v2\/media\/339008"}],"wp:attachment":[{"href":"https:\/\/www.europesays.com\/no\/wp-json\/wp\/v2\/media?parent=339007"}],"wp:term":[{"taxonomy":"category","embeddable":true,"href":"https:\/\/www.europesays.com\/no\/wp-json\/wp\/v2\/categories?post=339007"},{"taxonomy":"post_tag","embeddable":true,"href":"https:\/\/www.europesays.com\/no\/wp-json\/wp\/v2\/tags?post=339007"}],"curies":[{"name":"wp","href":"https:\/\/api.w.org\/{rel}","templated":true}]}}