{"id":339013,"date":"2026-08-31T11:47:13","date_gmt":"2026-08-31T11:47:13","guid":{"rendered":"https:\/\/www.europesays.com\/no\/339013\/"},"modified":"2026-08-31T11:47:13","modified_gmt":"2026-08-31T11:47:13","slug":"samferdsel-vestfoldbanen-togstreik-kan-ramme-ostlandet","status":"publish","type":"post","link":"https:\/\/www.europesays.com\/no\/339013\/","title":{"rendered":"Samferdsel, Vestfoldbanen | Togstreik kan ramme \u00d8stlandet"},"content":{"rendered":"\n<p>Meklingen startet mandag morgen p\u00e5 Riksmeklerens kontor. Partene har frist til midnatt natt til onsdag for \u00e5 bli enige.<\/p>\n<p><b> \u2013 Hvis det blir streik, er det mange kondukt\u00f8rer og lokf\u00f8rere fra Hamar og Lillehammer som kommer til \u00e5 streike. Det betyr at det vil g\u00e5 f\u00e5 eller ingen tog mellom Eidsvoll og Lillehammer, skriver <a href=\"\\&quot;https:\/\/www.vy.no\/vygruppen\/presse-og-nyheter\/2026\/3463332\\&quot;\">Vy<\/a> i en pressemelding.<\/b><\/p>\n<p>I f\u00f8rste omgang blir 135 togansatte tatt ut i streik fra klokken 6 onsdag morgen, dersom det blir brudd.<\/p>\n<p>Ringvirkninger<\/p>\n<p>De streikeklare medlemmene er stasjonert p\u00e5 ulike steder p\u00e5 \u00d8stlandet, blant annet i Oslo, p\u00e5 Lillehammer, Hamar, Kongsvinger og i Skien.<\/p>\n<p><b>Det betyr at enkelte togavganger p\u00e5 andre linjer ogs\u00e5 blir innstilt, men det er for tidlig \u00e5 si hvilke det gjelder. Om det blir streik, legger Vy ut oppdatert reiseinformasjon p\u00e5 nettsiden sin og i Vy-appen.<\/b><\/p>\n<p> \u2013 Kondukt\u00f8rene har ansvar for b\u00e5de sikkerhet og service om bord p\u00e5 togene. Togene kan ikke kj\u00f8re uten kondukt\u00f8r, og det betyr at n\u00e5r vi er i streik, blir det innstilte avganger og f\u00e6rre vogner p\u00e5 togene som g\u00e5r, sier Karinne Miranda Kolstad, streikeleder for <a href=\"\\&quot;https:\/\/www.delta.no\/lonn-og-avtaler\/spekter\/omrade-7\/2026-2028\/delta-varsler-konduktorstreik-i-vy\\&quot;\">Delta<\/a>.<\/p>\n<p>   <img decoding=\"async\" width=\"3874\" height=\"2958\" fetchpriority=\"low\"  loading=\"lazy\"  src=\"https:\/\/www.europesays.com\/no\/wp-content\/uploads\/2026\/08\/1788176833_214_Det er srlig togstrekningen mellom Drammen og Lillehammer som blir berrt av en mulig streik. Foto:.jpeg\" alt=\"\" class=\"brick-c-cFOWSL\" style=\"--brick-image-ratio: 3874 \/ 2958;\"\/><\/p>\n<p>      Det er s\u00e6rlig togstrekningen mellom Drammen og Lillehammer som blir ber\u00f8rt av en mulig streik. Foto: Lise \u00c5serud \/ NTB<br \/>\n      Foto: Lise \u00c5serud \/ NTB\n    <\/p>\n<p>  Handler om fritid og l\u00f8nn<\/p>\n<p>Det er fagforeningene Norsk Lokomotivf\u00f8rerforbund, Norsk Jernbaneforbund og Delta som skal mekle med Spekter, som representerer togselskapene.<\/p>\n<p><b> For <a href=\"\\&quot;https:\/\/njf.no\/streikefare-i-vy-fra-onsdag\/\\&quot;\">Jernbaneforbundets <\/a> medlemmer handler striden ikke om penger, understreker Bianca Fedje, nestleder i forbundet.<\/b><\/p>\n<p>\u2013 V\u00e5re medlemmer har v\u00e6rt tydelige: Fritiden m\u00e5 vernes, sier hun.<\/p>\n<p>Vy har if\u00f8lge Fedje krevd endringer i arbeidstid og turnusbestemmelser fra desember neste \u00e5r n\u00e5r Flytoget blir en del av den ordin\u00e6re togtrafikken.<\/p>\n<p> For Lokomotivf\u00f8rerforbundet er l\u00f8nn en viktig del av uenigheten. Sammensl\u00e5ing av Vy og Flytoget vil f\u00f8re til l\u00f8nnsforskjeller blant lokomotivf\u00f8rerne, if\u00f8lge <a href=\"\\&quot;https:\/\/lokmann.no\/2026\/08\/27\/streikefare-i-vy-fra-onsdag\/%23more-4791\\&quot;\">forbundet<\/a>.<\/p>\n<p>\u2013 Vi krever at folk som gj\u00f8r samme jobb, f\u00e5r samme l\u00f8nn, sier forbundsleder Rolf Ringdal.<\/p>\n","protected":false},"excerpt":{"rendered":"Meklingen startet mandag morgen p\u00e5 Riksmeklerens kontor. Partene har frist til midnatt natt til onsdag for \u00e5 bli&hellip;\n","protected":false},"author":2,"featured_media":339014,"comment_status":"","ping_status":"","sticky":false,"template":"","format":"standard","meta":{"footnotes":"","_share_on_mastodon":"0"},"categories":[5],"tags":[36,20,21,24,25,15,19,22,23,17,18,13,30,28,29,14,16,223,1510,4227,26,27,3936],"class_list":["post-339013","post","type-post","status-publish","format-standard","has-post-thumbnail","category-overskrifter","tag-art","tag-breaking-news","tag-breakingnews","tag-featured-news","tag-featurednews","tag-headlines","tag-hovedoppslag","tag-latest-news","tag-latestnews","tag-main-news","tag-mainnews","tag-news","tag-no","tag-norge","tag-norway","tag-nyheter","tag-overskrifter","tag-samferdsel","tag-story","tag-streik","tag-top-stories","tag-topstories","tag-vestfoldbanen"],"share_on_mastodon":{"url":"https:\/\/pubeurope.com\/@no\/117189964460344114","error":""},"_links":{"self":[{"href":"https:\/\/www.europesays.com\/no\/wp-json\/wp\/v2\/posts\/339013","targetHints":{"allow":["GET"]}}],"collection":[{"href":"https:\/\/www.europesays.com\/no\/wp-json\/wp\/v2\/posts"}],"about":[{"href":"https:\/\/www.europesays.com\/no\/wp-json\/wp\/v2\/types\/post"}],"author":[{"embeddable":true,"href":"https:\/\/www.europesays.com\/no\/wp-json\/wp\/v2\/users\/2"}],"replies":[{"embeddable":true,"href":"https:\/\/www.europesays.com\/no\/wp-json\/wp\/v2\/comments?post=339013"}],"version-history":[{"count":0,"href":"https:\/\/www.europesays.com\/no\/wp-json\/wp\/v2\/posts\/339013\/revisions"}],"wp:featuredmedia":[{"embeddable":true,"href":"https:\/\/www.europesays.com\/no\/wp-json\/wp\/v2\/media\/339014"}],"wp:attachment":[{"href":"https:\/\/www.europesays.com\/no\/wp-json\/wp\/v2\/media?parent=339013"}],"wp:term":[{"taxonomy":"category","embeddable":true,"href":"https:\/\/www.europesays.com\/no\/wp-json\/wp\/v2\/categories?post=339013"},{"taxonomy":"post_tag","embeddable":true,"href":"https:\/\/www.europesays.com\/no\/wp-json\/wp\/v2\/tags?post=339013"}],"curies":[{"name":"wp","href":"https:\/\/api.w.org\/{rel}","templated":true}]}}