{"id":339059,"date":"2026-08-31T12:42:13","date_gmt":"2026-08-31T12:42:13","guid":{"rendered":"https:\/\/www.europesays.com\/no\/339059\/"},"modified":"2026-08-31T12:42:13","modified_gmt":"2026-08-31T12:42:13","slug":"marius-borg-hoiby-fengslet-med-fotlenke-far-forlate-skaugum","status":"publish","type":"post","link":"https:\/\/www.europesays.com\/no\/339059\/","title":{"rendered":"Marius Borg H\u00f8iby fengslet med fotlenke: F\u00e5r forlate Skaugum"},"content":{"rendered":"\n<p class=\"_lead_145nj_2 _lead_6fko5_53 layout-component text-serif-m layout-normal text-serif-l layout-component layout-wide layout-padded _wide_17hqh_1 layout-padded\">Varetektsfengslede Marius Borg H\u00f8iby (29) har f\u00e5tt godkjent begj\u00e6ringer om \u00e5 forlate Skaugum. <\/p>\n<p><img alt=\"P\u00c5 SLOTTET: Ved 11-tiden mandag formiddag ankom Marius Borg H\u00f8iby Slottet. Foto: Gisle Oddstad \/ VG\" class=\"_image_jw3bv_65 layout-component layout-wide\" data-fullscreen- data-track-element-type=\"Article image fullscreen\" data-track-name=\"ImageFullscreen\" fetchpriority=\"high\" decoding=\"sync\" loading=\"eager\" height=\"5464\" itemprop=\"image\"  src=\"https:\/\/www.europesays.com\/no\/wp-content\/uploads\/2026\/08\/a1d1e301-264e-3bf1-a982-94236c1b9a36.jpeg\"  style=\"object-position:0% 0%\" width=\"8192\"\/>P\u00c5 SLOTTET: Ved 11-tiden mandag formiddag ankom Marius Borg H\u00f8iby Slottet. Foto: Gisle Oddstad \/ VG<\/p>\n<ul aria-hidden=\"true\" class=\"_images_ntbth_112\">\n<li><a class=\"_link_ntbth_117\" href=\"https:\/\/www.vg.no\/forfatter\/aksel-hallan-halmoey\" style=\"z-index:2\" title=\"Aksel Hallan Halm\u00f8y\" rel=\"nofollow noopener\" target=\"_blank\"><img alt=\"Bilde av Aksel Hallan Halm\u00f8y\" class=\"_image_ntbth_93\" fetchpriority=\"low\" loading=\"lazy\" decoding=\"async\" itemprop=\"image\"  src=\"https:\/\/www.europesays.com\/no\/wp-content\/uploads\/2026\/08\/1788180130_835_4110b113-0bab-385a-9a91-742e12058ec0.jpeg\"  width=\"480\"\/><\/a><\/li>\n<li><a class=\"_link_ntbth_117\" href=\"https:\/\/www.vg.no\/forfatter\/bjoernar-tommelstad\" style=\"z-index:1\" title=\"Bj\u00f8rnar Tommelstad\" rel=\"nofollow noopener\" target=\"_blank\"><img alt=\"Bilde av Bj\u00f8rnar Tommelstad\" class=\"_image_ntbth_93\" fetchpriority=\"low\" loading=\"lazy\" decoding=\"async\" itemprop=\"image\"  src=\"https:\/\/www.europesays.com\/no\/wp-content\/uploads\/2026\/08\/1788180131_642_65e25d40-5526-4268-aa92-03b43c6c46bf.jpeg\"  width=\"480\"\/><\/a><\/li>\n<\/ul>\n<p> Oppdatert mandag 31. august kl. 14:02    <\/p>\n<ul class=\"_list_145nj_3 _list_64s2r_85 _unordered_145nj_106 text-sans-m\">\n<li class=\"_item_145nj_30\">Marius Borg H\u00f8iby har f\u00e5tt innvilget begj\u00e6ringer om \u00e5 forlate Skaugum i forbindelse med kong Haralds d\u00f8dsfall.<\/li>\n<li class=\"_item_145nj_30\">Han er varetektsfengslet med fotlenke og har f\u00e5tt tillatelse til \u00e5 delta i kongens begravelse.<\/li>\n<li class=\"_item_145nj_30\">H\u00f8iby er d\u00f8mt til fire \u00e5rs fengsel for voldtekt og mishandling, men dommen er anket.<\/li>\n<\/ul>\n<p>Vis mer <\/p>\n<p class=\"_paragraph_145nj_4 _paragraph_6fko5_10 layout-component text-serif-m layout-normal text-serif-m layout-padded\">Mandag formiddag ankom 29-\u00e5ringen Slottet. <\/p>\n<p class=\"_paragraph_145nj_4 _paragraph_6fko5_10 layout-component text-serif-m layout-normal text-serif-m layout-padded\">Han og kongefamilien er samlet der noen timer f\u00f8r <a href=\"https:\/\/www.vg.no\/tag\/kong-harald?utm_source=vg-article&amp;utm_medium=auto-tagger&amp;utm_campaign=7pQXRw\" class=\"_link_145nj_39\" rel=\"nofollow noopener\" target=\"_blank\">kong Haralds<\/a> b\u00e5re skal flyttes til Slottskapellet.<\/p>\n<p class=\"_paragraph_145nj_4 _paragraph_6fko5_10 layout-component text-serif-m layout-normal text-serif-m layout-padded\">\u2013 P\u00e5talemyndigheten har funnet grunn til \u00e5 im\u00f8tekomme H\u00f8ibys begj\u00e6ringer om utgang i forbindelse med d\u00f8dsfallet, skriver politiadvokat Oda Karterud i Oslo politidistrikt til VG.<\/p>\n<p class=\"_paragraph_145nj_4 _paragraph_6fko5_10 layout-component text-serif-m layout-normal text-serif-m layout-padded\">H\u00f8iby er varetektsfengslet frem til 7. september. <\/p>\n<p class=\"_paragraph_145nj_4 _paragraph_6fko5_10 layout-component text-serif-m layout-normal text-serif-m layout-padded\"><strong class=\"_strong_145nj_25\">Varetekten skjer med fotlenke p\u00e5 Skaugum \u2013 og med en rekke vilk\u00e5r som 29-\u00e5ringen m\u00e5 f\u00f8lge:<\/strong><\/p>\n<p>Slik er soningsforholdene p\u00e5 Skaugum<\/p>\n<p class=\"_paragraph_145nj_4 _paragraph_6fko5_10 _paragraph_1kitn_11 layout-component text-serif-m layout-normal text-sans-m layout-padded\">P\u00e5 Skaugum m\u00e5 H\u00f8iby holde seg i huset eller p\u00e5 plattingen sin, med mindre han f\u00e5r tillatelse til \u00e5 g\u00e5 ut for \u00e5 jobbe, g\u00e5 p\u00e5 skole, f\u00e5 behandling eller dra p\u00e5 sykebes\u00f8k til noen i familien. <\/p>\n<p>I tingretten kom det frem at han f\u00e5r tre timer med daglig sykebes\u00f8k hos moren, som bor i hovedhuset p\u00e5 samme eiendom som H\u00f8iby. Han kan ogs\u00e5 f\u00e5 bes\u00f8k selv.<\/p>\n<p>P\u00e5 Skaugum finnes det en garasje, hvor H\u00f8iby liker \u00e5 skru p\u00e5 motorsykler. Per i dag f\u00e5r han ikke oppholde seg der. <\/p>\n<p>H\u00f8iby gjennomf\u00f8rer ukentlige samtaler med RISK (Risikoanalyse og kriminalitetsforebygging av vold i n\u00e6re relasjoner), et program i politiets regi som skal forebygge fremtidig vold. <\/p>\n<p>Han m\u00e5 ogs\u00e5 avlegge hyppige rustester. De som gjennomf\u00f8rer testene kommer p\u00e5 uanmeldte bes\u00f8k med f\u00e5 minutters varsel, sa han i retten. Det kan skje n\u00e5r som helst.<\/p>\n<p>Vis merF\u00e5r delta i gravferd<\/p>\n<p class=\"_paragraph_145nj_4 _paragraph_6fko5_10 layout-component text-serif-m layout-normal text-serif-m layout-padded\">H\u00f8iby har f\u00e5tt tillatelse til \u00e5 forlate eiendommen flere ganger i forbindelse med kongens d\u00f8dsfall, if\u00f8lge politiet.<\/p>\n<p class=\"_paragraph_145nj_4 _paragraph_6fko5_10 layout-component text-serif-m layout-normal text-serif-m layout-padded\">29-\u00e5ringen har til n\u00e5 bedt om og f\u00e5tt innvilget utgang til bes\u00f8k p\u00e5 Rikshospitalet torsdag 27. august, samt utgang til Bygd\u00f8y kongsg\u00e5rd og Slottet fredag 28. august.<\/p>\n<p class=\"_paragraph_145nj_4 _paragraph_6fko5_10 layout-component text-serif-m layout-normal text-serif-m layout-padded\">\u2013 Det er ogs\u00e5 innvilget utgang i dag, mandag 31. august, i forbindelse med flytting av b\u00e5ren til Slottskapellet, og til begravelsen 9. september, opplyser Karterud.<\/p>\n<p>Ikke begj\u00e6rt l\u00f8slatt<\/p>\n<p class=\"_paragraph_145nj_4 _paragraph_6fko5_10 layout-component text-serif-m layout-normal text-serif-m layout-padded\">If\u00f8lge Karterud har ikke H\u00f8ibys forsvarere begj\u00e6rt ham l\u00f8slatt fra varetekt. <\/p>\n<p class=\"_paragraph_145nj_4 _paragraph_6fko5_10 layout-component text-serif-m layout-normal text-serif-m layout-padded\">7. september m\u00e5 p\u00e5talemyndigheten ta stilling til om de skal be tingretten om forlenget varetekt for H\u00f8iby \u2013 eller om han skal l\u00f8slates.<\/p>\n<p class=\"_paragraph_145nj_4 _paragraph_6fko5_10 layout-component text-serif-m layout-normal text-serif-m layout-padded\">VG har ikke oppn\u00e5dd kontakt med H\u00f8ibys forsvarere, advokatene Ellen Holager Anden\u00e6s og Petar Sekulic. <\/p>\n<p class=\"_paragraph_145nj_4 _paragraph_6fko5_10 layout-component text-serif-m layout-normal text-serif-m layout-padded\">H\u00f8iby ble i juni d\u00f8mt til fire \u00e5rs fengsel for blant annet voldtekt av to kvinner mens de sov og mishandling i n\u00e6re relasjoner mot ekskj\u00e6resten Nora Haukland. <\/p>\n<p class=\"_paragraph_145nj_4 _paragraph_6fko5_10 layout-component text-serif-m layout-normal text-serif-m layout-padded\">Dommen er anket. Det er ikke klart n\u00e5r ankesaken kommer opp for Borgarting lagmannsrett. <\/p>\n<p>    <img decoding=\"async\" alt=\"Tips oss illustrasjon\" src=\"https:\/\/www.europesays.com\/no\/wp-content\/uploads\/2026\/08\/1788180133_596_pssst-small.webp\"\/>    <\/p>\n<p class=\"title-serif-s\">Har du tips?<\/p>\n<p class=\"text-sans-m\">Send oss informasjon, bilder eller video.<\/p>\n<p>  <a href=\"https:\/\/www.vg.no\/tips-oss\" rel=\"nofollow noopener\" target=\"_blank\"> Tips oss <\/a>      <\/p>\n","protected":false},"excerpt":{"rendered":"Varetektsfengslede Marius Borg H\u00f8iby (29) har f\u00e5tt godkjent begj\u00e6ringer om \u00e5 forlate Skaugum. P\u00c5 SLOTTET: Ved 11-tiden mandag&hellip;\n","protected":false},"author":2,"featured_media":339060,"comment_status":"","ping_status":"","sticky":false,"template":"","format":"standard","meta":{"footnotes":"","_share_on_mastodon":"0"},"categories":[10],"tags":[20,21,24,25,15,26073,26105,1803,22,23,400,13,30,28,29,14,16,26,27],"class_list":["post-339059","post","type-post","status-publish","format-standard","has-post-thumbnail","category-norge","tag-breaking-news","tag-breakingnews","tag-featured-news","tag-featurednews","tag-headlines","tag-kong-haakon-8","tag-kong-harald-5","tag-kongehuset","tag-latest-news","tag-latestnews","tag-marius-borg-hoiby","tag-news","tag-no","tag-norge","tag-norway","tag-nyheter","tag-overskrifter","tag-top-stories","tag-topstories"],"share_on_mastodon":{"url":"https:\/\/pubeurope.com\/@no\/117190181320549030","error":""},"_links":{"self":[{"href":"https:\/\/www.europesays.com\/no\/wp-json\/wp\/v2\/posts\/339059","targetHints":{"allow":["GET"]}}],"collection":[{"href":"https:\/\/www.europesays.com\/no\/wp-json\/wp\/v2\/posts"}],"about":[{"href":"https:\/\/www.europesays.com\/no\/wp-json\/wp\/v2\/types\/post"}],"author":[{"embeddable":true,"href":"https:\/\/www.europesays.com\/no\/wp-json\/wp\/v2\/users\/2"}],"replies":[{"embeddable":true,"href":"https:\/\/www.europesays.com\/no\/wp-json\/wp\/v2\/comments?post=339059"}],"version-history":[{"count":0,"href":"https:\/\/www.europesays.com\/no\/wp-json\/wp\/v2\/posts\/339059\/revisions"}],"wp:featuredmedia":[{"embeddable":true,"href":"https:\/\/www.europesays.com\/no\/wp-json\/wp\/v2\/media\/339060"}],"wp:attachment":[{"href":"https:\/\/www.europesays.com\/no\/wp-json\/wp\/v2\/media?parent=339059"}],"wp:term":[{"taxonomy":"category","embeddable":true,"href":"https:\/\/www.europesays.com\/no\/wp-json\/wp\/v2\/categories?post=339059"},{"taxonomy":"post_tag","embeddable":true,"href":"https:\/\/www.europesays.com\/no\/wp-json\/wp\/v2\/tags?post=339059"}],"curies":[{"name":"wp","href":"https:\/\/api.w.org\/{rel}","templated":true}]}}