{"id":339101,"date":"2026-08-31T13:43:26","date_gmt":"2026-08-31T13:43:26","guid":{"rendered":"https:\/\/www.europesays.com\/no\/339101\/"},"modified":"2026-08-31T13:43:26","modified_gmt":"2026-08-31T13:43:26","slug":"sport-fotball-jeg-tipper-det-ikke-er-100-prosent-enighet-om-det-salget","status":"publish","type":"post","link":"https:\/\/www.europesays.com\/no\/339101\/","title":{"rendered":"Sport, Fotball | \u2013 Jeg tipper det ikke er 100 prosent enighet om det salget"},"content":{"rendered":"\n<p>0-0 mot Sarpsborg 08 hjemme fikk et frustrerende sl\u00f8r over seg etter en VAR-behandling p\u00e5 overtid nektet TIL det som ville v\u00e6rt sesongens f\u00f8rste (!) straffespark for TIL i eliteserien.<\/p>\n<p>Den omdiskuterte avgj\u00f8relsen blir diskutert videre hos oss.<\/p>\n<p><b>H\u00f8r siste episode av FireFireBlod her:<\/b><\/p>\n<p>Minst like engasjert blir debatten rundt noe som har engasjert mange: Det br\u00e5 salget av Leo Cornic til eliteseriekonkurrenten Brann.<\/p>\n<p>Overgangssummen p\u00e5 i utgangspunktet knapt 7 millioner kroner i sikre penger har ogs\u00e5 f\u00e5tt flere til \u00e5 sperre opp \u00f8ynene.<\/p>\n<p>Sportsredakt\u00f8r \u00d8yvind Nordmo Sivertsen forteller at han har f\u00e5tt mange reaksjoner fra folk p\u00e5 salget. Han tror ogs\u00e5 salget har v\u00e6rt en het potet internt i klubben:<\/p>\n<p>\u2013 Jeg tipper det ikke er 100 prosent enighet om det salget.<\/p>\n<p>Vi er som vanlig innom mye i podkasten &#8211; selv med en avspaserende Anders Mo Hanssen kun inne p\u00e5 lydfil i v\u00e5r faste Straffekonk-spalte.<\/p>\n<p>Blant andre tema vi er innom:<\/p>\n<ul>\n<li>Nydelig markering av bortgangen til Kong Harald<\/li>\n<li>Det overraskende laget &#8211; og dramatikken i forkant<\/li>\n<li>Hiens risikable valg<\/li>\n<li>Hvem kan TIL hente?<\/li>\n<li>En Watch-favoritt p\u00e5 tabelltopp<\/li>\n<li>En Watch-favoritt i fryseboksen<\/li>\n<li>Tilbake til normalen i Straffekonken&#8230;<\/li>\n<\/ul>\n<p>H\u00f8r i vei!<\/p>\n<p>   <img decoding=\"async\" width=\"2316\" height=\"3088\" fetchpriority=\"low\"  loading=\"lazy\"  src=\"https:\/\/www.europesays.com\/no\/wp-content\/uploads\/2026\/08\/IMG_7858.jpeg\" alt=\"\" class=\"brick-c-cFOWSL\" style=\"--brick-image-ratio: 2316 \/ 3088;\"\/><\/p>\n<p>      DOS AMIGOS: Anders Mo Hanssen har et seg hvileskj\u00e6r, mens Lars Eidissen og \u00d8yvind Nordmo Sivertsen snakker ufortr\u00f8dent videre i episode 295 av FireFireBlod.<br \/>\n      Foto: \u00d8yvind Nordmo Sivertsen\n    <\/p>\n","protected":false},"excerpt":{"rendered":"0-0 mot Sarpsborg 08 hjemme fikk et frustrerende sl\u00f8r over seg etter en VAR-behandling p\u00e5 overtid nektet TIL&hellip;\n","protected":false},"author":2,"featured_media":339102,"comment_status":"","ping_status":"","sticky":false,"template":"","format":"standard","meta":{"footnotes":"","_share_on_mastodon":"0"},"categories":[59],"tags":[36,92,30,28,29,83,82,1510,471],"class_list":["post-339101","post","type-post","status-publish","format-standard","has-post-thumbnail","category-sport","tag-art","tag-fotball","tag-no","tag-norge","tag-norway","tag-sport","tag-sports","tag-story","tag-til"],"share_on_mastodon":{"url":"https:\/\/pubeurope.com\/@no\/117190421247297725","error":""},"_links":{"self":[{"href":"https:\/\/www.europesays.com\/no\/wp-json\/wp\/v2\/posts\/339101","targetHints":{"allow":["GET"]}}],"collection":[{"href":"https:\/\/www.europesays.com\/no\/wp-json\/wp\/v2\/posts"}],"about":[{"href":"https:\/\/www.europesays.com\/no\/wp-json\/wp\/v2\/types\/post"}],"author":[{"embeddable":true,"href":"https:\/\/www.europesays.com\/no\/wp-json\/wp\/v2\/users\/2"}],"replies":[{"embeddable":true,"href":"https:\/\/www.europesays.com\/no\/wp-json\/wp\/v2\/comments?post=339101"}],"version-history":[{"count":0,"href":"https:\/\/www.europesays.com\/no\/wp-json\/wp\/v2\/posts\/339101\/revisions"}],"wp:featuredmedia":[{"embeddable":true,"href":"https:\/\/www.europesays.com\/no\/wp-json\/wp\/v2\/media\/339102"}],"wp:attachment":[{"href":"https:\/\/www.europesays.com\/no\/wp-json\/wp\/v2\/media?parent=339101"}],"wp:term":[{"taxonomy":"category","embeddable":true,"href":"https:\/\/www.europesays.com\/no\/wp-json\/wp\/v2\/categories?post=339101"},{"taxonomy":"post_tag","embeddable":true,"href":"https:\/\/www.europesays.com\/no\/wp-json\/wp\/v2\/tags?post=339101"}],"curies":[{"name":"wp","href":"https:\/\/api.w.org\/{rel}","templated":true}]}}