{"id":339103,"date":"2026-08-31T13:44:14","date_gmt":"2026-08-31T13:44:14","guid":{"rendered":"https:\/\/www.europesays.com\/no\/339103\/"},"modified":"2026-08-31T13:44:14","modified_gmt":"2026-08-31T13:44:14","slug":"ariana-grande-dette-er-break-free-note-change","status":"publish","type":"post","link":"https:\/\/www.europesays.com\/no\/339103\/","title":{"rendered":"Ariana Grande: Dette er \u00abBreak Free note change\u00bb"},"content":{"rendered":"\n<ul class=\"_list_145nj_3 _list_64s2r_85 _unordered_145nj_106 text-sans-m\">\n<li class=\"_item_145nj_30\">Ariana Grande har g\u00e5tt viralt p\u00e5 TikTok med en live-endring i \u00abBreak Free\u00bb.<\/li>\n<li class=\"_item_145nj_30\">Fans jubler h\u00f8ylytt hver gang hun utf\u00f8rer denne krevende vokale prestasjonen.<\/li>\n<li class=\"_item_145nj_30\">Vokalcoach Christine Ekeberg forklarer Grandes avanserte vokalteknikk.<\/li>\n<li class=\"_item_145nj_30\">Sjekk oppskriften p\u00e5 hvordan du selv kan synge som Grande. <\/li>\n<\/ul>\n<p>Vis mer <\/p>\n<p class=\"_paragraph_145nj_4 _paragraph_6fko5_10 layout-component text-serif-m layout-normal text-serif-m layout-padded\">Videoer av popikonet <a href=\"https:\/\/www.vg.no\/tag\/ariana-grande\" class=\"_link_145nj_39\" rel=\"nofollow noopener\" target=\"_blank\">Ariana Grande<\/a> som synger megahiten \u00abBreak Free\u00bb deles flittig p\u00e5 TikTok. Den s\u00e5kalte \u00abBreak Free note change\u00bb utl\u00f8ser enorme jubelbr\u00f8l under konsertene. <\/p>\n<p class=\"_paragraph_145nj_4 _paragraph_6fko5_10 layout-component text-serif-m layout-normal text-serif-m layout-padded\">\u2013 Vi hadde sett masse av disse videoene f\u00f8r konserten v\u00e5r, s\u00e5 det var skikkelig spenning knyttet til om hun kom til \u00e5 gj\u00f8re det p\u00e5 v\u00e5rt show ogs\u00e5 \u2013 noe som hun gjorde, forteller Hanne Dalseth Bruvik (22) fra Bergen. <\/p>\n<p><img alt=\"22-\u00e5ringene fra Bergen er store fans av Ariana Grande.  Foto: Privat\" class=\"_image_jw3bv_65 layout-component layout-normal\" data-fullscreen- data-track-element-type=\"Article image fullscreen\" data-track-name=\"ImageFullscreen\" decoding=\"async\" loading=\"lazy\" height=\"961\" itemprop=\"image\"  src=\"https:\/\/www.europesays.com\/no\/wp-content\/uploads\/2026\/08\/981d470d-962c-344c-b64d-3a07dea60f36.jpeg\"  style=\"object-position:0% 0%\" width=\"1287\"\/>22-\u00e5ringene fra Bergen er store fans av Ariana Grande.  Foto: Privat<\/p>\n<p class=\"_paragraph_145nj_4 _paragraph_6fko5_10 layout-component text-serif-m layout-normal text-serif-m layout-padded\">Hun og venninnen Frida Sandberg (22) hadde sikret seg billetter til to av Grandes konserter p\u00e5 O2 Arena i London under \u00abThe Eternal Sunshine Tour\u00bb.<\/p>\n<p class=\"_paragraph_145nj_4 _paragraph_6fko5_10 layout-component text-serif-m layout-normal text-serif-m layout-padded\">If\u00f8lge venninnene er det enkelte sm\u00e5 \u00f8yeblikk som fansen venter like mye p\u00e5 som selve sangene. Og ett av de st\u00f8rste for dem var nettopp den virale toneendringen i \u00abBreak Free\u00bb.<\/p>\n<p class=\"_paragraph_145nj_4 _paragraph_6fko5_10 layout-component text-serif-m layout-normal text-serif-m layout-padded\">\u2013 Jeg m\u00e5tte selvf\u00f8lgelig filme det som bevis p\u00e5 at jeg faktisk har h\u00f8rt det live, men inni meg skrek jeg da Frida og jeg s\u00e5 p\u00e5 hverandre og skj\u00f8nte at hun faktisk gjorde det, sier Dalseth Bruvik. <\/p>\n<p class=\"_paragraph_145nj_4 _paragraph_6fko5_10 layout-component text-serif-m layout-normal text-serif-m layout-padded\">Dalseth Bruvik har delt sin opplevelse p\u00e5 TikTok:<\/p>\n<p class=\"_paragraph_145nj_4 _paragraph_6fko5_10 layout-component text-serif-m layout-normal text-serif-m layout-padded\">Det som fans refererer til med \u00abthe Break Free note-change\u00bb er en live-endring i melodien der et parti l\u00f8ftes opp til en h\u00f8yere, mer krevende tone.<\/p>\n<p class=\"_paragraph_145nj_4 _paragraph_6fko5_10 layout-component text-serif-m layout-normal text-serif-m layout-padded\">\u2013 Disse h\u00f8ye tonene finnes allerede i studioversjonen, men de ligger i bakgrunnsvokalene. Live snur Ariana p\u00e5 det og l\u00f8fter opp denne vokallinjen som en hovedvokal. Det gj\u00f8r at en del av sangen man allerede kjenner plutselig h\u00f8res helt annerledes og mye st\u00f8rre ut live, forklarer 22-\u00e5ringen.<\/p>\n<p> Derfor ser det lett ut<\/p>\n<p class=\"_paragraph_145nj_4 _paragraph_6fko5_10 layout-component text-serif-m layout-normal text-serif-m layout-padded\">L\u00e5tskriver og vokalcoach Christine Ekeberg har ogs\u00e5 sett klippene som deles. If\u00f8lge henne er <a href=\"https:\/\/www.vg.no\/tag\/ariana-grande?utm_source=vg-article&amp;utm_medium=auto-tagger&amp;utm_campaign=7pyjoo\" class=\"_link_145nj_39\" rel=\"nofollow noopener\" target=\"_blank\">Ariana Grande<\/a> \u00abdronningen av mixing\u00bb. <\/p>\n<p class=\"_paragraph_145nj_4 _paragraph_6fko5_10 layout-component text-serif-m layout-normal text-serif-m layout-padded\">Psst! \u00d8v deg p\u00e5 \u00e5 synge som Grande lenger ned i saken.<\/p>\n<p class=\"_paragraph_145nj_4 _paragraph_6fko5_10 layout-component text-serif-m layout-normal text-serif-m layout-padded\">\u2013 Enkelt sagt er mixingen en blanding av hodeklang og brystklang. Dette klippet viser hennes mix i et ganske h\u00f8yt register og spenner fra Bb4-F5Bb4-F5Et toneomr\u00e5de. I klippet hvor refrenget ogs\u00e5 filmes er hun i tillegg oppe p\u00e5 en G, wow!<\/p>\n<p class=\"_paragraph_145nj_4 _paragraph_6fko5_10 layout-component text-serif-m layout-normal text-serif-m layout-padded\">\u2013 Hvor krevende er det \u00e5 gj\u00f8re dette live?<\/p>\n<p class=\"_paragraph_145nj_4 _paragraph_6fko5_10 layout-component text-serif-m layout-normal text-serif-m layout-padded\">\u2013 Absolutt krevende, ogs\u00e5 med tanke p\u00e5 hva hun gj\u00f8r i tillegg til \u00e5 synge: Koreografi i skyh\u00f8ye h\u00e6ler. MEN hun har trent stemmen over lang tid og \u00f8vd inn enormt mange gode vaner i muskelminnet, derfor ser det lett ut n\u00e5r hun gj\u00f8r det, forklarer Ekeberg. <\/p>\n<p><img alt=\"Sanger, l\u00e5tskriver og vokalcoach Christine Ekeberg.  Foto: Privat\" class=\"_image_jw3bv_65 layout-component layout-normal\" data-fullscreen- data-track-element-type=\"Article image fullscreen\" data-track-name=\"ImageFullscreen\" decoding=\"async\" loading=\"lazy\" height=\"2148\" itemprop=\"image\"  src=\"https:\/\/www.europesays.com\/no\/wp-content\/uploads\/2026\/08\/59e09d01-da4e-31c9-85c4-f4adc937ba1f.jpeg\"  style=\"object-position:0% 0%\" width=\"2428\"\/>Sanger, l\u00e5tskriver og vokalcoach Christine Ekeberg.  Foto: Privat<\/p>\n<p class=\"_paragraph_145nj_4 _paragraph_6fko5_10 layout-component text-serif-m layout-normal text-serif-m layout-padded\">Dersom man synger mye i dette leiet og med riktig teknikk, blir det lettere \u00e5 holde tonene, if\u00f8lge Ekeberg. Men hun understreker at det er heftig \u00e5 gj\u00f8re det kveld etter kveld.<\/p>\n<p class=\"_paragraph_145nj_4 _paragraph_6fko5_10 layout-component text-serif-m layout-normal text-serif-m layout-padded\">Venninnene Hanne Dalseth Bruvik og Frida Sandberg er samstemte om at Ariana Grande er en av de beste vokalistene i verden og at \u00f8yeblikk som toneendringen skaper en unik opplevelse.<\/p>\n<p class=\"_paragraph_145nj_4 _paragraph_6fko5_10 layout-component text-serif-m layout-normal text-serif-m layout-padded\">\u2013 Noe av det beste med \u00e5 h\u00f8re henne live er at hun sjelden synger sangene helt identisk med studioversjonene.<\/p>\n<p> Triksene hun bruker<\/p>\n<p class=\"_paragraph_145nj_4 _paragraph_6fko5_10 layout-component text-serif-m layout-normal text-serif-m layout-padded\">\u2013 Hun har en enorm agilityagilityBetyr at stemmen din kan flytte seg raskt, lett og rent mellom ulike noter. i stemmen og har fra ung alder sunget mye og sunget med sunn teknikk, om ikke hadde hun ikke holdt ut \u00e5 synge slik live, sier Ekeberg. <\/p>\n<p><img alt=\"Ariana Grande f\u00e5r til raske og presise toneskift.  Foto: Carlos Barria \/ Reuters \/ NTB\" class=\"_image_jw3bv_65 layout-component layout-normal\" data-fullscreen- data-track-element-type=\"Article image fullscreen\" data-track-name=\"ImageFullscreen\" decoding=\"async\" loading=\"lazy\" height=\"2153\" itemprop=\"image\"  src=\"https:\/\/www.europesays.com\/no\/wp-content\/uploads\/2026\/08\/054adfb2-0728-3ac5-adfa-c4f24d1a90f6.jpeg\"  style=\"object-position:0% 0%\" width=\"3306\"\/>Ariana Grande f\u00e5r til raske og presise toneskift.  Foto: Carlos Barria \/ Reuters \/ NTB<\/p>\n<p class=\"_paragraph_145nj_4 _paragraph_6fko5_10 layout-component text-serif-m layout-normal text-serif-m layout-padded\">For \u00e5 kunne synge i leiet som hun gj\u00f8r p\u00e5 TikTok-klippene, med s\u00e5pass letthet, er det noen triks hun gj\u00f8r, if\u00f8lge vokalcoachen.<\/p>\n<p class=\"_paragraph_145nj_4 _paragraph_6fko5_10 layout-component text-serif-m layout-normal text-serif-m layout-padded\"><strong class=\"_strong_145nj_25\">Her er dem: <\/strong><\/p>\n<p class=\"_paragraph_145nj_4 _paragraph_6fko5_10 layout-component text-serif-m layout-normal text-serif-m layout-padded\">1. Hun \u00e5pner munnen bredt horisontalt og vertikalt. Dersom hun enten lukker munnen mer enn hun gj\u00f8r her, eller mister \u00absmilet\u00bb, mister hun ogs\u00e5 klangen og vil mest sannsynlig knekke over i ren hodeklang.<\/p>\n<p class=\"_paragraph_145nj_4 _paragraph_6fko5_10 layout-component text-serif-m layout-normal text-serif-m layout-padded\">2. Hun plasserer klangen bakover i munnhulen. Hadde hun plassert den langt frem ville det h\u00f8rtes spisst ut, men ogs\u00e5 gjort det vanskeligere med tanke p\u00e5 neste steg.<\/p>\n<p class=\"_paragraph_145nj_4 _paragraph_6fko5_10 layout-component text-serif-m layout-normal text-serif-m layout-padded\">3. Hun merger, eller smelter sammen vokalene hun synger, s\u00e5 hun uttaler ikke ordene slik hun kanskje ville gjort dersom hun snakket. Vi bruker den bakerste delen av tungen aktivt til \u00e5 forme vokalene v\u00e5re.<\/p>\n<p class=\"_paragraph_145nj_4 _paragraph_6fko5_10 layout-component text-serif-m layout-normal text-serif-m layout-padded\">4. Hun bruker st\u00f8ttemuskulatur for \u00e5 hjelpe stemmen til \u00e5 synge lyst og over lang tid.<\/p>\n<p class=\"_paragraph_145nj_4 _paragraph_6fko5_10 layout-component text-serif-m layout-normal text-serif-m layout-padded\">Hvis du vil synge som Ariana Grande selv, er det lurt \u00e5 teste ut i en lavere toneart f\u00f8rst og s\u00e5 bygge det sakte, men sikkert opp til der hun synger det. <\/p>\n<p class=\"_paragraph_145nj_4 _paragraph_6fko5_10 layout-component text-serif-m layout-normal text-serif-m layout-padded\">Nedenfor finner du vokalcoachens gjennomgang: <\/p>\n<p>L\u00e6r \u00e5 synge som Ariana<\/p>\n<ul class=\"_list_145nj_3 _list_6fko5_9 _list_1kitn_10 _unordered_145nj_106 layout-component text-serif-m layout-normal text-sans-m layout-padded\">\n<li class=\"_item_145nj_30\">Lag et stort smil og \u00e5pne munnen tilstrekkelig.<\/li>\n<li class=\"_item_145nj_30\">Bakerste del av tungen skal litt opp, g\u00e5r den for langt ned kjennes det tungt og klangen blir ikke riktig.<\/li>\n<li class=\"_item_145nj_30\">Pass p\u00e5 at klangen er plassert bakover i munnen.<\/li>\n<li class=\"_item_145nj_30\">Pust avslappet p\u00e5 innpust slik at du ikke spenner musklene i overkroppen og jobb med st\u00f8tten n\u00e5r du synger.<\/li>\n<li class=\"_item_145nj_30\">Finn et komfortabelt leie for deg og syng melodien p\u00e5 JA-JA-JA.<\/li>\n<li class=\"_item_145nj_30\">Test med jevne mellomrom med teksten og pass p\u00e5 at du merger vokalene.<\/li>\n<li class=\"_item_145nj_30\">Slik fortsetter du til du har kommet opp i hennes live-toneart!\n<p>Lykke til!<\/p>\n<\/li>\n<\/ul>\n<p>Vis mer<\/p>\n<p class=\"_paragraph_145nj_4 _paragraph_6fko5_10 layout-component text-serif-m layout-normal text-serif-m layout-padded\">Da \u00abEternal Sunshine Tour\u00bb startet 6. juni 2026, var det seks og et halvt \u00e5r siden den forrige ordin\u00e6re turneen ble avsluttet i 2019. Turneen startet i Oakland, California, og fortsatte med konserter flere steder i Nord-Amerika. <\/p>\n<p class=\"_paragraph_145nj_4 _paragraph_6fko5_10 layout-component text-serif-m layout-normal text-serif-m layout-padded\">Det hele avsluttes med residensen p\u00e5 O2-arenaen i London. Etter avslutningen 1. september, er planen at <a href=\"https:\/\/www.vg.no\/nyheter\/i\/ExBAE3\/ariana-grande-tar-en-pause-fra-offentligheten\" data-track-element-type=\"Link\" data-track-id=\"link:ExBAE3\" class=\"_link_145nj_39\" rel=\"nofollow noopener\" target=\"_blank\">Grande skal ta en pause fra offentligheten.<\/a><\/p>\n","protected":false},"excerpt":{"rendered":"Ariana Grande har g\u00e5tt viralt p\u00e5 TikTok med en live-endring i \u00abBreak Free\u00bb. Fans jubler h\u00f8ylytt hver gang&hellip;\n","protected":false},"author":2,"featured_media":339104,"comment_status":"","ping_status":"","sticky":false,"template":"","format":"standard","meta":{"footnotes":"","_share_on_mastodon":"0"},"categories":[58],"tags":[3591,71,155,221,30,28,29,72,17540],"class_list":["post-339103","post","type-post","status-publish","format-standard","has-post-thumbnail","category-underholdning","tag-ariana-grande","tag-entertainment","tag-konsert","tag-musikk","tag-no","tag-norge","tag-norway","tag-underholdning","tag-vgkvinne"],"share_on_mastodon":{"url":"https:\/\/pubeurope.com\/@no\/117190424886096002","error":""},"_links":{"self":[{"href":"https:\/\/www.europesays.com\/no\/wp-json\/wp\/v2\/posts\/339103","targetHints":{"allow":["GET"]}}],"collection":[{"href":"https:\/\/www.europesays.com\/no\/wp-json\/wp\/v2\/posts"}],"about":[{"href":"https:\/\/www.europesays.com\/no\/wp-json\/wp\/v2\/types\/post"}],"author":[{"embeddable":true,"href":"https:\/\/www.europesays.com\/no\/wp-json\/wp\/v2\/users\/2"}],"replies":[{"embeddable":true,"href":"https:\/\/www.europesays.com\/no\/wp-json\/wp\/v2\/comments?post=339103"}],"version-history":[{"count":0,"href":"https:\/\/www.europesays.com\/no\/wp-json\/wp\/v2\/posts\/339103\/revisions"}],"wp:featuredmedia":[{"embeddable":true,"href":"https:\/\/www.europesays.com\/no\/wp-json\/wp\/v2\/media\/339104"}],"wp:attachment":[{"href":"https:\/\/www.europesays.com\/no\/wp-json\/wp\/v2\/media?parent=339103"}],"wp:term":[{"taxonomy":"category","embeddable":true,"href":"https:\/\/www.europesays.com\/no\/wp-json\/wp\/v2\/categories?post=339103"},{"taxonomy":"post_tag","embeddable":true,"href":"https:\/\/www.europesays.com\/no\/wp-json\/wp\/v2\/tags?post=339103"}],"curies":[{"name":"wp","href":"https:\/\/api.w.org\/{rel}","templated":true}]}}