{"id":339119,"date":"2026-08-31T13:56:29","date_gmt":"2026-08-31T13:56:29","guid":{"rendered":"https:\/\/www.europesays.com\/no\/339119\/"},"modified":"2026-08-31T13:56:29","modified_gmt":"2026-08-31T13:56:29","slug":"grane-trafikk-tosentunnelen-stenges-pa-grunn-av-beredskapsovelse","status":"publish","type":"post","link":"https:\/\/www.europesays.com\/no\/339119\/","title":{"rendered":"Grane, Trafikk | Tosentunnelen stenges p\u00e5 grunn av beredskaps\u00f8velse"},"content":{"rendered":"\n<p>\u2013 \u00d8velser er viktig for \u00e5 v\u00e6re godt forberedt dersom noe skulle skje. Dette gj\u00f8r vi for trafikantenes sikkerhet, s\u00e5 vi h\u00e5per p\u00e5 forst\u00e5else for at det er n\u00f8dvendig \u00e5 stenge noen timer.<\/p>\n<p>Det sier Alf-Ivar Nymo, brannvernleder og sikkerhetskontroll\u00f8r i Nordland fylkeskommune, i en pressemelding.<\/p>\n<p>Tosentunnelen er planlagt stengt tirsdag 1. september 2026 fra klokka 15:30 til 18:00.<\/p>\n<p>\u2013 Trafikanter i omr\u00e5det kan derfor oppleve utrykningskj\u00f8ret\u00f8y med bl\u00e5lys, mark\u00f8rer som spiller skadde og annen synlig aktivitet i og ved tunnelen, opplyser han.<\/p>\n<p>    Krevende i tunneler<\/p>\n<p>Bakgrunnen for stengningen er at n\u00f8detatene og fylkeskommunen skal trene p\u00e5 samhandling, varsling, ledelse og bruk av teknisk utstyr under krevende forhold.\u00a0<\/p>\n<p>Scenarioet for \u00f8velsen er en ulykke med to personbiler et par kilometer inn fra \u00f8stsiden av tunnelen, hvor personer sitter fastklemt eller er skadd, i tillegg til r\u00f8ykutvikling og brann i kj\u00f8ret\u00f8y.<\/p>\n<p>\u2013 Tunneler er krevende \u00e5 jobbe i. R\u00f8yk, m\u00f8rke og trange forhold gj\u00f8r redningsarbeidet mer komplisert. Alle akt\u00f8rer m\u00e5 jobbe raskt og presist sammen, og her f\u00e5r de realistisk og verdifull trening, sier Nymo.<\/p>\n<p>Med p\u00e5 \u00f8velsen er brannvesenet i Vefsn, Grane og Br\u00f8nn\u00f8ysund, politi, ambulanse, AMK-sentralen, entrepren\u00f8rer og Vegtrafikksentralen i tillegg til Nordland fylkeskommune.<\/p>\n<p>   <img decoding=\"async\" width=\"1200\" height=\"1489\" fetchpriority=\"low\"  loading=\"lazy\"  src=\"https:\/\/www.europesays.com\/no\/wp-content\/uploads\/2026\/08\/21ee702f276e_False_Stor_42b537ab-0875-45f8-b5e9-777cf52d05d2.jpg\" alt=\"\" class=\"brick-c-cFOWSL\" style=\"--brick-image-ratio: 1200 \/ 1489;\"\/><\/p>\n<p>      OPPFORDRING: Alf-Ivar Nymo, brannvernleder og sikkerhetskontroll\u00f8r i Nordland fylkeskommune, oppfordrer folk til \u00e5 planlegge turen sin godt.<br \/>\n      Foto: Irene R. Skaue, Nordland fylkeskommune\n    <\/p>\n<p>  Sjekk trafikkmeldingene<\/p>\n<p>Tosentunellen \u00e5pnet for trafikk i 1987 og er 5,9 kilometer lang. Tunnelen ligger mellom Grane og Br\u00f8nn\u00f8y kommuner.\u00a0<\/p>\n<p>\u2013 Her er det ingen naturlig omkj\u00f8ringsveg, s\u00e5 vi ber trafikantene planlegge turen sin godt. F\u00f8lg med p\u00e5 trafikkmeldinger p\u00e5 175.no og sjekk gjerne hele strekningen du skal kj\u00f8re. Det kan v\u00e6re vegarbeid eller andre forhold som p\u00e5virker framkommeligheten dit du skal, avslutter brannvernleder og sikkerhetskontroll\u00f8r i Nordland fylkeskommune, Alf- Ivar Nymo.<\/p>\n<p>I appen Vegvesen trafikk kan du finne trafikkinformasjon.\u00a0<\/p>\n<p>  <a href=\"https:\/\/www.helg.no\/80-24-6349\" class=\"related-teaser has-image article--c-MkAkR\" rel=\"nofollow noopener\" target=\"_blank\"><\/p>\n<p>    <img decoding=\"async\" width=\"155\"  loading=\"lazy\"  src=\"https:\/\/www.europesays.com\/no\/wp-content\/uploads\/2026\/08\/1788184589_259_elsparkesykkel.jpg\" alt=\"\" class=\"brick-c-cFOWSL\" style=\"\"\/><\/p>\n<p>\n            Les ogs\u00e5<\/p>\n<p>            Advarer mot elsparkesykler som skoleskyss: \u2013 Betyr ikke at barnet er modent nok\n        <\/p>\n<p>  <\/a><\/p>\n<p>  <a href=\"https:\/\/www.helg.no\/80-24-3921\" class=\"related-teaser has-image article--c-MkAkR\" rel=\"nofollow noopener\" target=\"_blank\"><\/p>\n<p>    <img decoding=\"async\" width=\"155\"  loading=\"lazy\"  src=\"https:\/\/www.europesays.com\/no\/wp-content\/uploads\/2026\/08\/JCN_6640-2.jpg\" alt=\"\" class=\"brick-c-cFOWSL\" style=\"\"\/><\/p>\n<p>\n            Les ogs\u00e5<\/p>\n<p>            N\u00e5 blir det forbudt \u00e5 parkere her\n        <\/p>\n<p>  <\/a><\/p>\n","protected":false},"excerpt":{"rendered":"\u2013 \u00d8velser er viktig for \u00e5 v\u00e6re godt forberedt dersom noe skulle skje. Dette gj\u00f8r vi for trafikantenes&hellip;\n","protected":false},"author":2,"featured_media":339120,"comment_status":"","ping_status":"","sticky":false,"template":"","format":"standard","meta":{"footnotes":"","_share_on_mastodon":"0"},"categories":[10],"tags":[36,22537,20,21,24,25,2450,15,22,23,13,30,28,29,14,16,1510,26,27,224],"class_list":["post-339119","post","type-post","status-publish","format-standard","has-post-thumbnail","category-norge","tag-art","tag-beredskapsovelse","tag-breaking-news","tag-breakingnews","tag-featured-news","tag-featurednews","tag-grane","tag-headlines","tag-latest-news","tag-latestnews","tag-news","tag-no","tag-norge","tag-norway","tag-nyheter","tag-overskrifter","tag-story","tag-top-stories","tag-topstories","tag-trafikk"],"share_on_mastodon":{"url":"https:\/\/pubeurope.com\/@no\/117190472185915633","error":""},"_links":{"self":[{"href":"https:\/\/www.europesays.com\/no\/wp-json\/wp\/v2\/posts\/339119","targetHints":{"allow":["GET"]}}],"collection":[{"href":"https:\/\/www.europesays.com\/no\/wp-json\/wp\/v2\/posts"}],"about":[{"href":"https:\/\/www.europesays.com\/no\/wp-json\/wp\/v2\/types\/post"}],"author":[{"embeddable":true,"href":"https:\/\/www.europesays.com\/no\/wp-json\/wp\/v2\/users\/2"}],"replies":[{"embeddable":true,"href":"https:\/\/www.europesays.com\/no\/wp-json\/wp\/v2\/comments?post=339119"}],"version-history":[{"count":0,"href":"https:\/\/www.europesays.com\/no\/wp-json\/wp\/v2\/posts\/339119\/revisions"}],"wp:featuredmedia":[{"embeddable":true,"href":"https:\/\/www.europesays.com\/no\/wp-json\/wp\/v2\/media\/339120"}],"wp:attachment":[{"href":"https:\/\/www.europesays.com\/no\/wp-json\/wp\/v2\/media?parent=339119"}],"wp:term":[{"taxonomy":"category","embeddable":true,"href":"https:\/\/www.europesays.com\/no\/wp-json\/wp\/v2\/categories?post=339119"},{"taxonomy":"post_tag","embeddable":true,"href":"https:\/\/www.europesays.com\/no\/wp-json\/wp\/v2\/tags?post=339119"}],"curies":[{"name":"wp","href":"https:\/\/api.w.org\/{rel}","templated":true}]}}