{"id":339127,"date":"2026-08-31T14:06:16","date_gmt":"2026-08-31T14:06:16","guid":{"rendered":"https:\/\/www.europesays.com\/no\/339127\/"},"modified":"2026-08-31T14:06:16","modified_gmt":"2026-08-31T14:06:16","slug":"nav-arbeidsavklaringspenger-teknisk-feil-hos-nav-forer-til-forsinkede-utbetalinger","status":"publish","type":"post","link":"https:\/\/www.europesays.com\/no\/339127\/","title":{"rendered":"Nav, Arbeidsavklaringspenger | Teknisk feil hos Nav f\u00f8rer til forsinkede utbetalinger"},"content":{"rendered":"\n<p>Enkelte har ikke f\u00e5tt utbetalt arbeidsavklaringspenger og dagpenger mandag. Det skyldes en teknisk feil.<\/p>\n<p> Det melder <a href=\"\\&quot;https:\/\/www.vg.no\/nyheter\/i\/7pQE9v\/nav-feil-med-utbetaling-av-arbeidsavklaringspenger-og-dagpenger\\&quot;\">VG<\/a>.<\/p>\n<p>Forsinkelsene gjelder personer som sendte inn meldekort i l\u00f8pet av helgen.<\/p>\n<p>\u2013 Feilen er identifisert, og vi jobber med \u00e5 rette den. Utbetalinger vil g\u00e5 som normalt fra i morgen, sier Line Theil Str\u00f8msnes, avdelingsdirekt\u00f8r for utbetalingsseksjonen i Nav, til avisen.<\/p>\n<p>Pengene som ikke blir utbetalt mandag, skal if\u00f8lge Nav bli utbetalt innen tre virkedager.<\/p>\n<p>\u2013 Vi har likevel forst\u00e5else for at det kan oppleves som krevende for dem som er vant til \u00e5 f\u00e5 utbetalingen tidligere, sier Str\u00f8msnes til avisen.<\/p>\n","protected":false},"excerpt":{"rendered":"Enkelte har ikke f\u00e5tt utbetalt arbeidsavklaringspenger og dagpenger mandag. Det skyldes en teknisk feil. Det melder VG. Forsinkelsene&hellip;\n","protected":false},"author":2,"featured_media":339128,"comment_status":"","ping_status":"","sticky":false,"template":"","format":"standard","meta":{"footnotes":"","_share_on_mastodon":"0"},"categories":[10],"tags":[26147,36,20,21,24,25,15,22,23,652,13,30,28,29,14,16,1510,26,27],"class_list":["post-339127","post","type-post","status-publish","format-standard","has-post-thumbnail","category-norge","tag-arbeidsavklaringspenger","tag-art","tag-breaking-news","tag-breakingnews","tag-featured-news","tag-featurednews","tag-headlines","tag-latest-news","tag-latestnews","tag-nav","tag-news","tag-no","tag-norge","tag-norway","tag-nyheter","tag-overskrifter","tag-story","tag-top-stories","tag-topstories"],"share_on_mastodon":{"url":"https:\/\/pubeurope.com\/@no\/117190511015541082","error":""},"_links":{"self":[{"href":"https:\/\/www.europesays.com\/no\/wp-json\/wp\/v2\/posts\/339127","targetHints":{"allow":["GET"]}}],"collection":[{"href":"https:\/\/www.europesays.com\/no\/wp-json\/wp\/v2\/posts"}],"about":[{"href":"https:\/\/www.europesays.com\/no\/wp-json\/wp\/v2\/types\/post"}],"author":[{"embeddable":true,"href":"https:\/\/www.europesays.com\/no\/wp-json\/wp\/v2\/users\/2"}],"replies":[{"embeddable":true,"href":"https:\/\/www.europesays.com\/no\/wp-json\/wp\/v2\/comments?post=339127"}],"version-history":[{"count":0,"href":"https:\/\/www.europesays.com\/no\/wp-json\/wp\/v2\/posts\/339127\/revisions"}],"wp:featuredmedia":[{"embeddable":true,"href":"https:\/\/www.europesays.com\/no\/wp-json\/wp\/v2\/media\/339128"}],"wp:attachment":[{"href":"https:\/\/www.europesays.com\/no\/wp-json\/wp\/v2\/media?parent=339127"}],"wp:term":[{"taxonomy":"category","embeddable":true,"href":"https:\/\/www.europesays.com\/no\/wp-json\/wp\/v2\/categories?post=339127"},{"taxonomy":"post_tag","embeddable":true,"href":"https:\/\/www.europesays.com\/no\/wp-json\/wp\/v2\/tags?post=339127"}],"curies":[{"name":"wp","href":"https:\/\/api.w.org\/{rel}","templated":true}]}}