{"id":339157,"date":"2026-08-31T14:28:17","date_gmt":"2026-08-31T14:28:17","guid":{"rendered":"https:\/\/www.europesays.com\/no\/339157\/"},"modified":"2026-08-31T14:28:17","modified_gmt":"2026-08-31T14:28:17","slug":"kong-haakon-slutter-som-fn-ambassador-for-undp","status":"publish","type":"post","link":"https:\/\/www.europesays.com\/no\/339157\/","title":{"rendered":"Kong Haakon slutter som FN-ambassad\u00f8r for UNDP"},"content":{"rendered":"<p class=\"kicker \" style=\"\">Kong Harald:<\/p>\n<p class=\"subtitle \" style=\"\">Norges dronninger finner st\u00f8tte i hverandre.\u00a0<\/p>\n<p> Mandag ble kong Haralds b\u00e5re fraktet til Slottskapellet.\u00a0<\/p>\n<p>B\u00e5ren ble f\u00f8rt av kong Haralds barn og barnebarn i prosesjon gjennom flere rom i Slottet.<\/p>\n<p>Dronning Mette-Marit og dronning Sonja var ogs\u00e5 i prosesjonen, som ble ledet av kongens hoffsjef. <\/p>\n<p>De to dronningene holdt hender under hele prosesjonen.\u00a0<\/p>\n<p>        <img loading=\"lazy\" decoding=\"async\" src=\"https:\/\/www.europesays.com\/no\/wp-content\/uploads\/2026\/08\/85090375.webp\" width=\"686\" height=\"460\" alt=\"\" class=\"\" style=\"--aspect-ratio-image: 1.49; \"\/><\/p>\n<p>\n        Foto: Ole Berg-Rusten\/NTB\n    <\/p>\n<p>&#8211; Det er hjerteskj\u00e6rende \u00e5 se dronning Sonja i dag. Samtidig er det fint \u00e5 se hvordan hun blir holdt oppe av familien rundt seg. Ikke minst dronning Mette-Marit, som g\u00e5r h\u00e5nd i h\u00e5nd med henne og er tett ved hennes side. Det er et sterkt bilde p\u00e5 de n\u00e6re b\u00e5ndene i familien &#8211; og p\u00e5 hvor viktig det er \u00e5 ha hverandre n\u00e5r sorgen er som tyngst, sier Se og H\u00f8rs kongehusekspert Caroline Vagle.\u00a0<\/p>\n<p>Ogs\u00e5 Sigrid Hvidsten, kommentator i Dagbladet, ble r\u00f8rt av bildene.<\/p>\n<p>&#8211; Jeg synes det var spesielt sterkt \u00e5 se de to dronningene holde hender bak b\u00e5ren. De st\u00f8ttet hverandre. Det var fint \u00e5 se.<\/p>\n<p>B\u00e5ren har st\u00e5tt i Den r\u00f8de salong siden overf\u00f8ringen fra Rikshospitalet. Der fikk familie og regjeringen ta farvel.\u00a0<\/p>\n<p>        <img loading=\"lazy\" decoding=\"async\" src=\"https:\/\/www.europesays.com\/no\/wp-content\/uploads\/2026\/08\/85090382.webp\" width=\"688\" height=\"393\" alt=\"\" class=\"\" style=\"--aspect-ratio-image: 1.75; \"\/><\/p>\n<p>\n        Foto: Lise \u00c5serud\/NTB\n    <\/p>\n<p>Fra og med i morgen, tirsdag 1. september, \u00e5pnes Slottskapellet for offentlig defilering,\u00a0alts\u00e5 at publikum kan g\u00e5 sakte forbi og ta farvel. Tirsdag vil det v\u00e6re \u00e5pent fra klokka 14.00 til 18.00.\u00a0<\/p>\n<p>Deretter vil Slottskapellet v\u00e6re \u00e5pent for offentligheten fra klokka 10.00 til 18.00 hver dag fram til dagen f\u00f8r gravferdsdagen, har Slottet opplyst overfor Dagbladet.<\/p>\n<p>Gravferden finner sted onsdag 9. september klokka 13.00.<\/p>\n","protected":false},"excerpt":{"rendered":"Kong Harald: Norges dronninger finner st\u00f8tte i hverandre.\u00a0 Mandag ble kong Haralds b\u00e5re fraktet til Slottskapellet.\u00a0 B\u00e5ren ble&hellip;\n","protected":false},"author":2,"featured_media":339158,"comment_status":"","ping_status":"","sticky":false,"template":"","format":"standard","meta":{"footnotes":"","_share_on_mastodon":"0"},"categories":[5],"tags":[20,21,24,25,15,19,479,26072,1803,22,23,17,18,13,30,28,29,14,16,26,27],"class_list":["post-339157","post","type-post","status-publish","format-standard","has-post-thumbnail","category-overskrifter","tag-breaking-news","tag-breakingnews","tag-featured-news","tag-featurednews","tag-headlines","tag-hovedoppslag","tag-kjendis","tag-kong-haakon","tag-kongehuset","tag-latest-news","tag-latestnews","tag-main-news","tag-mainnews","tag-news","tag-no","tag-norge","tag-norway","tag-nyheter","tag-overskrifter","tag-top-stories","tag-topstories"],"share_on_mastodon":{"url":"https:\/\/pubeurope.com\/@no\/117190598091355156","error":""},"_links":{"self":[{"href":"https:\/\/www.europesays.com\/no\/wp-json\/wp\/v2\/posts\/339157","targetHints":{"allow":["GET"]}}],"collection":[{"href":"https:\/\/www.europesays.com\/no\/wp-json\/wp\/v2\/posts"}],"about":[{"href":"https:\/\/www.europesays.com\/no\/wp-json\/wp\/v2\/types\/post"}],"author":[{"embeddable":true,"href":"https:\/\/www.europesays.com\/no\/wp-json\/wp\/v2\/users\/2"}],"replies":[{"embeddable":true,"href":"https:\/\/www.europesays.com\/no\/wp-json\/wp\/v2\/comments?post=339157"}],"version-history":[{"count":0,"href":"https:\/\/www.europesays.com\/no\/wp-json\/wp\/v2\/posts\/339157\/revisions"}],"wp:featuredmedia":[{"embeddable":true,"href":"https:\/\/www.europesays.com\/no\/wp-json\/wp\/v2\/media\/339158"}],"wp:attachment":[{"href":"https:\/\/www.europesays.com\/no\/wp-json\/wp\/v2\/media?parent=339157"}],"wp:term":[{"taxonomy":"category","embeddable":true,"href":"https:\/\/www.europesays.com\/no\/wp-json\/wp\/v2\/categories?post=339157"},{"taxonomy":"post_tag","embeddable":true,"href":"https:\/\/www.europesays.com\/no\/wp-json\/wp\/v2\/tags?post=339157"}],"curies":[{"name":"wp","href":"https:\/\/api.w.org\/{rel}","templated":true}]}}