{"id":339165,"date":"2026-08-31T14:37:09","date_gmt":"2026-08-31T14:37:09","guid":{"rendered":"https:\/\/www.europesays.com\/no\/339165\/"},"modified":"2026-08-31T14:37:09","modified_gmt":"2026-08-31T14:37:09","slug":"nyheter-kong-harald-disse-inviteres-til-kong-haralds-gravferd","status":"publish","type":"post","link":"https:\/\/www.europesays.com\/no\/339165\/","title":{"rendered":"Nyheter, Kong Harald | Disse inviteres til kong Haralds gravferd"},"content":{"rendered":"\n<p>Alle land med diplomatisk representasjon i Oslo inviteres til kong Haralds gravferd. Det gj\u00f8r ogs\u00e5 medlemslandene i Nato, E\u00d8S og EU som ikke har representasjon i Norge.<\/p>\n<p> Det sier pressekontakt i Utenriksdepartementet (UD) Thea Finstad til <a href=\"\\&quot;https:\/\/www.vg.no\/spesial\/2026\/kong-harald\/?pinnedEntry=93182&amp;pinnedEntry=93182\\&quot;\">VG<\/a>.<\/p>\n<p>\u2013 Det er ventet at et betydelig antall utenlandske kongelige, statsoverhoder og andre offisielle representanter vil delta i gravferden, sier hun.<\/p>\n<p>Det er opp til kongehuset hvilke \u00f8vrige personer som inviteres.<\/p>\n<p>Gravferden skjer 9. september. Seremonien holdes i Oslo domkirke.<\/p>\n<p>(\u00a9NTB)<\/p>\n","protected":false},"excerpt":{"rendered":"Alle land med diplomatisk representasjon i Oslo inviteres til kong Haralds gravferd. Det gj\u00f8r ogs\u00e5 medlemslandene i Nato,&hellip;\n","protected":false},"author":2,"featured_media":339166,"comment_status":"","ping_status":"","sticky":false,"template":"","format":"standard","meta":{"footnotes":"","_share_on_mastodon":"0"},"categories":[5],"tags":[36,20,21,24,25,15,19,2590,22,23,17,18,13,30,28,29,14,16,404,1510,26,27],"class_list":["post-339165","post","type-post","status-publish","format-standard","has-post-thumbnail","category-overskrifter","tag-art","tag-breaking-news","tag-breakingnews","tag-featured-news","tag-featurednews","tag-headlines","tag-hovedoppslag","tag-kong-harald","tag-latest-news","tag-latestnews","tag-main-news","tag-mainnews","tag-news","tag-no","tag-norge","tag-norway","tag-nyheter","tag-overskrifter","tag-slottet","tag-story","tag-top-stories","tag-topstories"],"share_on_mastodon":{"url":"https:\/\/pubeurope.com\/@no\/117190632708361844","error":""},"_links":{"self":[{"href":"https:\/\/www.europesays.com\/no\/wp-json\/wp\/v2\/posts\/339165","targetHints":{"allow":["GET"]}}],"collection":[{"href":"https:\/\/www.europesays.com\/no\/wp-json\/wp\/v2\/posts"}],"about":[{"href":"https:\/\/www.europesays.com\/no\/wp-json\/wp\/v2\/types\/post"}],"author":[{"embeddable":true,"href":"https:\/\/www.europesays.com\/no\/wp-json\/wp\/v2\/users\/2"}],"replies":[{"embeddable":true,"href":"https:\/\/www.europesays.com\/no\/wp-json\/wp\/v2\/comments?post=339165"}],"version-history":[{"count":0,"href":"https:\/\/www.europesays.com\/no\/wp-json\/wp\/v2\/posts\/339165\/revisions"}],"wp:featuredmedia":[{"embeddable":true,"href":"https:\/\/www.europesays.com\/no\/wp-json\/wp\/v2\/media\/339166"}],"wp:attachment":[{"href":"https:\/\/www.europesays.com\/no\/wp-json\/wp\/v2\/media?parent=339165"}],"wp:term":[{"taxonomy":"category","embeddable":true,"href":"https:\/\/www.europesays.com\/no\/wp-json\/wp\/v2\/categories?post=339165"},{"taxonomy":"post_tag","embeddable":true,"href":"https:\/\/www.europesays.com\/no\/wp-json\/wp\/v2\/tags?post=339165"}],"curies":[{"name":"wp","href":"https:\/\/api.w.org\/{rel}","templated":true}]}}