{"id":339195,"date":"2026-08-31T15:15:13","date_gmt":"2026-08-31T15:15:13","guid":{"rendered":"https:\/\/www.europesays.com\/no\/339195\/"},"modified":"2026-08-31T15:15:13","modified_gmt":"2026-08-31T15:15:13","slug":"streik-rema-1000-varsler-streik-kan-gi-tomme-hyller-hos-rema-1000","status":"publish","type":"post","link":"https:\/\/www.europesays.com\/no\/339195\/","title":{"rendered":"Streik, Rema 1000 | Varsler streik: Kan gi tomme hyller hos Rema 1000"},"content":{"rendered":"<p> (<a href=\"https:\/\/www.nationen.no\" rel=\"nofollow noopener\" target=\"_blank\">Nationen<\/a>) <\/p>\n<p>Yrkestrafikkforbundet (YTF) har varslet en potensiell streik som kan f\u00f8re til tomme hyller hos REMA 1000-butikker og stans i leveranser til over 2000 hoteller, restauranter, kiosker og bensinstasjoner.\u00a0<\/p>\n<p>Forbundet melder om plassfratredelse for totalt 240 medlemmer, hvorav 196 er i REMA Distribusjon Norge og 44 i Kolly AS.\u00a0<\/p>\n<p>Dersom meklingen med NHO Service og Handel ikke f\u00f8rer frem innen midnatt fredag 4. september, vil streiken tre i kraft fra arbeidstidens begynnelse l\u00f8rdag 5. september.<\/p>\n<p>Forhandlingsleder Josefine W\u00e6rstad i YTF understreker at forbundet \u00f8nsker en l\u00f8sning, men mener ansvaret n\u00e5 ligger hos arbeidsgiversiden for \u00e5 unng\u00e5 en konflikt.<\/p>\n<p>\u2013 Vi g\u00e5r til Riksmekleren med et klart \u00f8nske om \u00e5 finne en l\u00f8sning. Det siste vi \u00f8nsker, er tomme butikkhyller og stans i matleveransene. Men da m\u00e5 arbeidsgiversiden og NHO Service og Handel vise reell vilje til \u00e5 komme oss i m\u00f8te. N\u00f8kkelen til \u00e5 unng\u00e5 streik ligger n\u00e5 hos dem, sier W\u00e6rstad i en pressemelding fra Yrkestrafikkforbundet.<\/p>\n<p>Kjernen i uenigheten er kravet om forskuttering av sykepenger. YTF argumenterer for at ansatte ikke skal risikere \u00e5 st\u00e5 uten inntekt mens de venter p\u00e5 utbetaling fra Nav, og peker p\u00e5 at rundt tre av fire arbeidstakere allerede f\u00e5r sykepengene forskuttert av arbeidsgiveren.<\/p>\n","protected":false},"excerpt":{"rendered":"(Nationen) Yrkestrafikkforbundet (YTF) har varslet en potensiell streik som kan f\u00f8re til tomme hyller hos REMA 1000-butikker og&hellip;\n","protected":false},"author":2,"featured_media":339196,"comment_status":"","ping_status":"","sticky":false,"template":"","format":"standard","meta":{"footnotes":"","_share_on_mastodon":"0"},"categories":[10],"tags":[36,20,21,24,25,15,22,23,13,30,28,29,14,16,1394,1510,4227,26,27,26148],"class_list":["post-339195","post","type-post","status-publish","format-standard","has-post-thumbnail","category-norge","tag-art","tag-breaking-news","tag-breakingnews","tag-featured-news","tag-featurednews","tag-headlines","tag-latest-news","tag-latestnews","tag-news","tag-no","tag-norge","tag-norway","tag-nyheter","tag-overskrifter","tag-rema-1000","tag-story","tag-streik","tag-top-stories","tag-topstories","tag-ytf"],"share_on_mastodon":{"url":"https:\/\/pubeurope.com\/@no\/117190782429783224","error":""},"_links":{"self":[{"href":"https:\/\/www.europesays.com\/no\/wp-json\/wp\/v2\/posts\/339195","targetHints":{"allow":["GET"]}}],"collection":[{"href":"https:\/\/www.europesays.com\/no\/wp-json\/wp\/v2\/posts"}],"about":[{"href":"https:\/\/www.europesays.com\/no\/wp-json\/wp\/v2\/types\/post"}],"author":[{"embeddable":true,"href":"https:\/\/www.europesays.com\/no\/wp-json\/wp\/v2\/users\/2"}],"replies":[{"embeddable":true,"href":"https:\/\/www.europesays.com\/no\/wp-json\/wp\/v2\/comments?post=339195"}],"version-history":[{"count":0,"href":"https:\/\/www.europesays.com\/no\/wp-json\/wp\/v2\/posts\/339195\/revisions"}],"wp:featuredmedia":[{"embeddable":true,"href":"https:\/\/www.europesays.com\/no\/wp-json\/wp\/v2\/media\/339196"}],"wp:attachment":[{"href":"https:\/\/www.europesays.com\/no\/wp-json\/wp\/v2\/media?parent=339195"}],"wp:term":[{"taxonomy":"category","embeddable":true,"href":"https:\/\/www.europesays.com\/no\/wp-json\/wp\/v2\/categories?post=339195"},{"taxonomy":"post_tag","embeddable":true,"href":"https:\/\/www.europesays.com\/no\/wp-json\/wp\/v2\/tags?post=339195"}],"curies":[{"name":"wp","href":"https:\/\/api.w.org\/{rel}","templated":true}]}}