{"id":339197,"date":"2026-08-31T15:16:16","date_gmt":"2026-08-31T15:16:16","guid":{"rendered":"https:\/\/www.europesays.com\/no\/339197\/"},"modified":"2026-08-31T15:16:16","modified_gmt":"2026-08-31T15:16:16","slug":"eksplosjonen-pa-foldnes-haukeland-sykehus","status":"publish","type":"post","link":"https:\/\/www.europesays.com\/no\/339197\/","title":{"rendered":"Eksplosjonen p\u00e5 Foldnes, Haukeland sykehus"},"content":{"rendered":"\n<p>Det opplyser politiadvokat Cathrine Schjelderup til BA mandag ettermiddag.<\/p>\n<p><b>\u2013 Rapporten viser at avd\u00f8de kan ha v\u00e6rt d\u00f8d f\u00f8r eksplosjonen. Obduksjonen bekrefter ogs\u00e5 at det er samme mann som har v\u00e6rt savnet.<\/b><\/p>\n<p>Det var tirsdag klokken 13.30 i forrige uke at politiet fikk <a rel=\"Follow nofollow noopener\" href=\"https:\/\/www.ba.no\/meldt-om-eksplosjon-og-brann-pa-sotra\/s\/80-8-7563\" target=\"_blank\">melding om en eksplosjon i et hus p\u00e5 Foldnes<\/a> i \u00d8ygarden kommune.<\/p>\n<p>Ambulansepersonell hadde rykket ut til adressen etter en bekymringsmelding om beboeren, en mann i 20-\u00e5rene, sin psykiske helse.<\/p>\n<p>\u2013 Trenger ro<\/p>\n<p>Da de ikke fikk kontakt med ham, ba de om bistand fra politiet.\u00a0<\/p>\n<p>F\u00f8r politiet kom p\u00e5 stedet, skjedde eksplosjonen br\u00e5tt og uten forvarsel, og en ambulansearbeider ble skadet.\u00a0<\/p>\n<p>Huset sto etter kort tid i full fyr, og beboeren de var bekymret for var d\u00f8d.<\/p>\n<p>Nesten \u00e9n uke senere er den skadde ambulansearbeideren fremdeles innlagt p\u00e5 Haukeland sykehus, opplyser kommunikasjonsdirekt\u00f8r i Helse Bergen Erik Vigander til BA.<\/p>\n<p><b>\u2013 <\/b><b>Den ansatte som var involvert i hendelsen ble hardt skadet. Ligger fortsatt p\u00e5 sykehus, men er stabil. Trenger ro og \u00f8nsker ikke kontakt med media, <\/b><b>skriver han i en SMS.<\/b><\/p>\n<p>   <img decoding=\"async\" width=\"5392\" height=\"3592\" fetchpriority=\"low\"  loading=\"lazy\"  src=\"https:\/\/www.europesays.com\/no\/wp-content\/uploads\/2026\/08\/EH9_8760_Redigert.JPG\" alt=\"\" class=\"brick-c-cFOWSL\" style=\"--brick-image-ratio: 5392 \/ 3592;\"\/><\/p>\n<p>      Flere ambulanser, politi og brannvesenet rykket ut til den dramatiske eksplosjonen og brannen p\u00e5 Foldnes i forrige uke.<br \/>\n      Foto: Eirik Hages\u00e6ter\n    <\/p>\n<p>  <a href=\"https:\/\/www.ba.no\/80-8-8618\" class=\"related-teaser has-image article--c-MkAkR\" rel=\"nofollow noopener\" target=\"_blank\"><\/p>\n<p>    <img decoding=\"async\" width=\"155\"  loading=\"lazy\"  src=\"https:\/\/www.europesays.com\/no\/wp-content\/uploads\/2026\/08\/1788189374_110_4656.jpg\" alt=\"\" class=\"brick-c-cFOWSL\" style=\"\"\/><\/p>\n<p>\n            Les ogs\u00e5<\/p>\n<p>            \u2013 Erfaringsmessig er det oftest oppdrag uten kjent risiko som g\u00e5r galt\n        <\/p>\n<p>  <\/a><br \/>\n  Fant gassbeholder<\/p>\n<p>Ogs\u00e5 en annen beboer, som m\u00e5tte hoppe ut fra andre etasje fra firemannsboligen, ble skadet.<\/p>\n<p>De ble begge fraktet til traumemottaket p\u00e5 Haukeland sykehus.<\/p>\n<p>Det var til sammen seks personer i huset da eksplosjonen fant sted og brannen br\u00f8t ut, <a rel=\"Follow nofollow noopener\" href=\"https:\/\/www.ba.no\/politiet-to-sma-barn-var-i-huset-da-eksplosjonen-skjedde\/s\/80-8-9353\" target=\"_blank\">to av dem sm\u00e5 barn.<\/a><\/p>\n<p>Onsdag fant krimteknikere<a rel=\"Follow nofollow noopener\" href=\"https:\/\/www.ba.no\/siste-om-eksplosjonen-har-tatt-beslag-i-en-propangassbeholder\/s\/80-8-10808\" target=\"_blank\"> en propangassbeholder i brannruinene. <\/a><\/p>\n<p> \u2013 En av teoriene v\u00e5re er at den kan knyttes opp mot eksplosjonen, det er noe vi n\u00e5 skal unders\u00f8ke n\u00e6rmere, sa politiadvokat Cathrine Schjelderup til BA torsdag.<\/p>\n<p>Hun \u00f8nsker ikke \u00e5 g\u00e5 n\u00e6rmere inn p\u00e5 hva politiet mener hendelsesforl\u00f8pet kan ha v\u00e6rt f\u00f8r de har hentet inn flere bevis i saken.<\/p>\n<p>  <a href=\"https:\/\/www.ba.no\/80-8-10808\" class=\"related-teaser has-image article--c-MkAkR\" rel=\"nofollow noopener\" target=\"_blank\"><\/p>\n<p>    <img decoding=\"async\" width=\"155\"  loading=\"lazy\"  src=\"https:\/\/www.europesays.com\/no\/wp-content\/uploads\/2026\/08\/1788189375_273_AK8_5859.jpg\" alt=\"\" class=\"brick-c-cFOWSL\" style=\"\"\/><\/p>\n<p>\n            Les ogs\u00e5<\/p>\n<p>            Siste om eksplosjonen: \u2013 Har tatt beslag i en propangassbeholder\n        <\/p>\n<p>  <\/a><\/p>\n<p>  <a href=\"https:\/\/www.ba.no\/80-8-9353\" class=\"related-teaser has-image article--c-MkAkR\" rel=\"nofollow noopener\" target=\"_blank\"><\/p>\n<p>    <img decoding=\"async\" width=\"155\"  loading=\"lazy\"  src=\"https:\/\/www.europesays.com\/no\/wp-content\/uploads\/2026\/08\/1788189375_356_PHOTO-2026-08-25-14-44-37 (1).jpg\" alt=\"\" class=\"brick-c-cFOWSL\" style=\"\"\/><\/p>\n<p>\n            Les ogs\u00e5<\/p>\n<p>            Politiet: To sm\u00e5 barn var i huset da eksplosjonen skjedde\n        <\/p>\n<p>  <\/a><\/p>\n<p>  <a href=\"https:\/\/www.ba.no\/80-8-9359\" class=\"related-teaser has-image article--c-MkAkR\" rel=\"nofollow noopener\" target=\"_blank\"><\/p>\n<p>    <img decoding=\"async\" width=\"155\"  loading=\"lazy\"  src=\"https:\/\/www.europesays.com\/no\/wp-content\/uploads\/2026\/08\/1788189376_112_Bildemontoren_2026-08-26_1.png\" alt=\"\" class=\"brick-c-cFOWSL\" style=\"\"\/><\/p>\n<p>\n            Les ogs\u00e5<\/p>\n<p>            Elever skal ha v\u00e6rt tett p\u00e5 eksplosjonen: Slik tar skolen grep\n        <\/p>\n<p>  <\/a><\/p>\n<p><a class=\"brick-c-hOTghF\" href=\"#skip-\">Hopp over karusellen.<\/a><\/p>\n<p data-static=\"\" class=\"brick-c-fgNmNC\" id=\"carousel-title-\">Innholdskarusell med 20 artikler.<\/p>\n<ul data-static=\"\" aria-label=\"Navigasjon for innholdskarusell\" class=\"carousel-nav\">\n<li>\n<\/li>\n<li>\n<\/li>\n<\/ul>\n","protected":false},"excerpt":{"rendered":"Det opplyser politiadvokat Cathrine Schjelderup til BA mandag ettermiddag. \u2013 Rapporten viser at avd\u00f8de kan ha v\u00e6rt d\u00f8d&hellip;\n","protected":false},"author":2,"featured_media":339198,"comment_status":"","ping_status":"","sticky":false,"template":"","format":"standard","meta":{"footnotes":"","_share_on_mastodon":"0"},"categories":[5],"tags":[26149,3375,36,20,21,26026,24,25,3953,15,736,19,22,23,17,18,13,30,28,29,14,16,2869,1510,26,27],"class_list":["post-339197","post","type-post","status-publish","format-standard","has-post-thumbnail","category-overskrifter","tag-ambulansearbeider","tag-arbeidsulykke","tag-art","tag-breaking-news","tag-breakingnews","tag-eksplosjonen-pa-foldnes","tag-featured-news","tag-featurednews","tag-haukeland-sykehus","tag-headlines","tag-helse","tag-hovedoppslag","tag-latest-news","tag-latestnews","tag-main-news","tag-mainnews","tag-news","tag-no","tag-norge","tag-norway","tag-nyheter","tag-overskrifter","tag-oygarden","tag-story","tag-top-stories","tag-topstories"],"share_on_mastodon":{"url":"https:\/\/pubeurope.com\/@no\/117190786997119103","error":""},"_links":{"self":[{"href":"https:\/\/www.europesays.com\/no\/wp-json\/wp\/v2\/posts\/339197","targetHints":{"allow":["GET"]}}],"collection":[{"href":"https:\/\/www.europesays.com\/no\/wp-json\/wp\/v2\/posts"}],"about":[{"href":"https:\/\/www.europesays.com\/no\/wp-json\/wp\/v2\/types\/post"}],"author":[{"embeddable":true,"href":"https:\/\/www.europesays.com\/no\/wp-json\/wp\/v2\/users\/2"}],"replies":[{"embeddable":true,"href":"https:\/\/www.europesays.com\/no\/wp-json\/wp\/v2\/comments?post=339197"}],"version-history":[{"count":0,"href":"https:\/\/www.europesays.com\/no\/wp-json\/wp\/v2\/posts\/339197\/revisions"}],"wp:featuredmedia":[{"embeddable":true,"href":"https:\/\/www.europesays.com\/no\/wp-json\/wp\/v2\/media\/339198"}],"wp:attachment":[{"href":"https:\/\/www.europesays.com\/no\/wp-json\/wp\/v2\/media?parent=339197"}],"wp:term":[{"taxonomy":"category","embeddable":true,"href":"https:\/\/www.europesays.com\/no\/wp-json\/wp\/v2\/categories?post=339197"},{"taxonomy":"post_tag","embeddable":true,"href":"https:\/\/www.europesays.com\/no\/wp-json\/wp\/v2\/tags?post=339197"}],"curies":[{"name":"wp","href":"https:\/\/api.w.org\/{rel}","templated":true}]}}