{"id":339233,"date":"2026-08-31T16:06:15","date_gmt":"2026-08-31T16:06:15","guid":{"rendered":"https:\/\/www.europesays.com\/no\/339233\/"},"modified":"2026-08-31T16:06:15","modified_gmt":"2026-08-31T16:06:15","slug":"kongefamilien-legger-ned-blomster-pa-slottsplassen","status":"publish","type":"post","link":"https:\/\/www.europesays.com\/no\/339233\/","title":{"rendered":"Kongefamilien legger ned blomster p\u00e5 Slottsplassen"},"content":{"rendered":"\n<p class=\"_lead_145nj_2 _lead_6fko5_53 layout-component text-serif-m layout-normal text-serif-l layout-component layout-wide layout-padded _wide_17hqh_1 layout-padded\">For f\u00f8rste gang siden tronskiftet var den nye kongen og dronningen ute p\u00e5 Slottsplassen.<\/p>\n<p> <img class=\"_image_jw3bv_65 layout-component layout-wide\" data-fullscreen- data-track-element-type=\"Article image fullscreen\" data-track-name=\"ImageFullscreen\" fetchpriority=\"high\" decoding=\"sync\" loading=\"eager\" height=\"102\" itemprop=\"image\"  src=\"https:\/\/www.europesays.com\/no\/wp-content\/uploads\/2026\/08\/5c23e0c11edaf84a06939c7995abbd68.jpg\"  style=\"object-position:50% 50%;aspect-ratio:1.75;height:auto;object-fit:cover;width:100%\" width=\"102\"\/>  Rapporterer fra Slottsplassen og VGs kontorer Oppdatert mandag 31. august kl. 18:05     <\/p>\n<p class=\"_paragraph_145nj_4 _paragraph_6fko5_10 layout-component text-serif-m layout-normal text-serif-m layout-padded\">Like etter klokken 17.30 mandag ettermiddag \u00e5pnet d\u00f8rene ut mot Slottsplassen seg. <\/p>\n<p class=\"_paragraph_145nj_4 _paragraph_6fko5_10 layout-component text-serif-m layout-normal text-serif-m layout-padded\">S\u00e5 kom flere medlemmer av <a href=\"https:\/\/www.vg.no\/tag\/kongefamilien?utm_source=vg-article&amp;utm_medium=auto-tagger&amp;utm_campaign=Wv34bG\" class=\"_link_145nj_39\" rel=\"nofollow noopener\" target=\"_blank\">kongefamilien<\/a> ut: Kong Haakon, dronning Mette-Marit, dronning Sonja og prinsesse M\u00e4rtha Louise. <\/p>\n<p class=\"_paragraph_145nj_4 _paragraph_6fko5_10 layout-component text-serif-m layout-normal text-serif-m layout-padded\">De to dronningene kom h\u00e5nd i h\u00e5nd ut fra Slottet. <\/p>\n<p class=\"_paragraph_145nj_4 _paragraph_6fko5_10 layout-component text-serif-m layout-normal text-serif-m layout-padded\">\u2013 Jeg tror aldri vi har sett en slik n\u00e6rhet mellom dem f\u00f8r. To kvinner i sorg, og s\u00e6rlig dronning Sonja er tydelig preget, sa VG-kommentator Ayesha Wolasmal om \u00f8yeblikket. <\/p>\n<p><img alt=\"Foto: Mattis Sandblad \/ VG\" class=\"_image_jw3bv_65 layout-component layout-fullwidth\" data-fullscreen- data-track-element-type=\"Article image fullscreen\" data-track-name=\"ImageFullscreen\" decoding=\"async\" loading=\"lazy\" height=\"3569\" itemprop=\"image\"  src=\"https:\/\/www.europesays.com\/no\/wp-content\/uploads\/2026\/08\/10f11800-7f9e-3ad7-8214-adc305399856.jpeg\"  style=\"object-position:0% 0%\" width=\"4558\"\/>Foto: Mattis Sandblad \/ VG<\/p>\n<p class=\"_paragraph_145nj_4 _paragraph_6fko5_10 layout-component text-serif-m layout-normal text-serif-m layout-padded\">Dronningene og prinsessen var tydelig r\u00f8rt og tok til t\u00e5rene. <\/p>\n<p class=\"_paragraph_145nj_4 _paragraph_6fko5_10 layout-component text-serif-m layout-normal text-serif-m layout-padded\">De hadde med seg r\u00f8de roser, som de la ned i blomsterhavet som har bygget seg st\u00f8rre og st\u00f8rre utenfor Slottet de siste dagene. <\/p>\n<p class=\"_paragraph_145nj_4 _paragraph_6fko5_10 layout-component text-serif-m layout-normal text-serif-m layout-padded\">De leste ogs\u00e5 p\u00e5 flere av kortene som folk har lagt igjen. <\/p>\n<p class=\"_paragraph_145nj_4 _paragraph_6fko5_10 layout-component text-serif-m layout-normal text-serif-m layout-padded\">\u2013 Tusen takk, kunne man se at dronning Mette-Marit si mot folkemengden etter hun hadde lest flere av kortene. <\/p>\n<p>Foto: Mattis Sandblad \/ VG<\/p>\n<p class=\"_paragraph_145nj_4 _paragraph_6fko5_10 layout-component text-serif-m layout-normal text-serif-m layout-padded\">VGs reportere p\u00e5 stedet forteller at det ble helt stille p\u00e5 Slottsplassen da kongefamilien kom ut. <\/p>\n<p class=\"_paragraph_145nj_4 _paragraph_6fko5_10 layout-component text-serif-m layout-normal text-serif-m layout-padded\"><strong class=\"_strong_145nj_25\">Da kongefamilien var p\u00e5 vei inn igjen<\/strong>,<strong class=\"_strong_145nj_25\"> ropte en person \u00abHeia kongen\u00bb. Det ble m\u00f8tt med full applaus fra folkemengden. <\/strong><\/p>\n<p class=\"_paragraph_145nj_4 _paragraph_6fko5_10 layout-component text-serif-m layout-normal text-serif-m layout-padded\">Flere sang ogs\u00e5 nasjonalsangen.<\/p>\n<p class=\"_paragraph_145nj_4 _paragraph_6fko5_10 layout-component text-serif-m layout-normal text-serif-m layout-padded\">F\u00f8r kongefamilien gikk inn igjen, s\u00e5 de mot folkehavet og tok seg til hjertet. <\/p>\n<p><img alt=\"Dronning Sonja og prinsesse M\u00e4rtha Louise tok begge til t\u00e5rene og holdt hender da de s\u00e5 p\u00e5 blomsterhavet.  Foto: Mathias Engstr\u00f8m Sandst\u00f8l \/ VG\" class=\"_image_jw3bv_65 layout-component layout-left\" data-fullscreen- data-track-element-type=\"Article image fullscreen\" data-track-name=\"ImageFullscreen\" decoding=\"async\" loading=\"lazy\" height=\"3024\" itemprop=\"image\"  src=\"https:\/\/www.europesays.com\/no\/wp-content\/uploads\/2026\/08\/1811f08c-540e-33d5-b408-06627b5f034d.jpeg\"  style=\"object-position:0% 0%\" width=\"4032\"\/>Dronning Sonja og prinsesse M\u00e4rtha Louise tok begge til t\u00e5rene og holdt hender da de s\u00e5 p\u00e5 blomsterhavet.  Foto: Mathias Engstr\u00f8m Sandst\u00f8l \/ VG<\/p>\n<p class=\"_paragraph_145nj_4 _paragraph_6fko5_10 layout-component text-serif-m layout-normal text-serif-m layout-padded\">Turen ut p\u00e5 Slottsplassen var ikke annonsert p\u00e5 forh\u00e5nd og kom derfor som en overraskelse etter seremonien hvor familien <a href=\"https:\/\/www.vg.no\/rampelys\/i\/d4pybw\/her-frakter-de-kongens-baare-gjennom-slottet\" data-track-element-type=\"Link\" data-track-id=\"link:d4pybw\" class=\"_link_145nj_39\" rel=\"nofollow noopener\" target=\"_blank\">fulgte kong Haralds b\u00e5re til slottskapellet<\/a>. <\/p>\n<p class=\"_paragraph_145nj_4 _paragraph_6fko5_10 layout-component text-serif-m layout-normal text-serif-m layout-padded\">F\u00f8r det hadde b\u00e5ren v\u00e6rt i Den r\u00f8de salong p\u00e5 Slottet. <\/p>\n<p class=\"_paragraph_145nj_4 _paragraph_6fko5_10 layout-component text-serif-m layout-normal text-serif-m layout-padded\">Ogs\u00e5 da b\u00e5ren ble flyttet holdt dronning Sonja og dronning Mette-Marit hverandre i h\u00e5nden. <\/p>\n<p><img alt=\"Foto: Ole Berg-Rusten \/ NTB\" class=\"_image_jw3bv_65 layout-component layout-normal\" data-fullscreen- data-track-element-type=\"Article image fullscreen\" data-track-name=\"ImageFullscreen\" decoding=\"async\" loading=\"lazy\" height=\"5355\" itemprop=\"image\"  src=\"https:\/\/www.europesays.com\/no\/wp-content\/uploads\/2026\/08\/685baf71-8a50-36b1-abed-1744032a5e03.jpeg\"  style=\"object-position:0% 0%\" width=\"7819\"\/>Foto: Ole Berg-Rusten \/ NTB<\/p>\n<p class=\"_paragraph_145nj_4 _paragraph_6fko5_10 layout-component text-serif-m layout-normal text-serif-m layout-padded\">\u2013 Vi er vant til \u00e5 se en aktiv og levende dronning Sonja. N\u00e5 ser vi en enke som g\u00e5r h\u00e5nd i h\u00e5nd med sin svigerdatter og landets nye dronning. Det er veldig sterkt, fortsatte hun. <\/p>\n<p><img alt=\"Foto: Mattis Sandblad \/ VG\" class=\"_image_jw3bv_65 layout-component layout-right\" data-fullscreen- data-track-element-type=\"Article image fullscreen\" data-track-name=\"ImageFullscreen\" decoding=\"async\" loading=\"lazy\" height=\"3572\" itemprop=\"image\"  src=\"https:\/\/www.europesays.com\/no\/wp-content\/uploads\/2026\/08\/584f513c-4530-3757-a15b-3cd07738bada.jpeg\"  style=\"object-position:0% 0%\" width=\"4968\"\/>Foto: Mattis Sandblad \/ VG<\/p>\n<p class=\"_paragraph_145nj_4 _paragraph_6fko5_10 layout-component text-serif-m layout-normal text-serif-m layout-padded\">Fredag morgen klokken 06.35 sovnet kong Harald stille inn p\u00e5 Rikshospitalet. Siden da har blomsterhavet utenfor Slottet vokst seg st\u00f8rre og st\u00f8rre. <\/p>\n<p class=\"_paragraph_145nj_4 _paragraph_6fko5_10 layout-component text-serif-m layout-normal text-serif-m layout-padded\">Flere titusener har m\u00f8tt opp for \u00e5 tenne lys og minnes kong Harald. <\/p>\n<p class=\"_paragraph_145nj_4 _paragraph_6fko5_10 layout-component text-serif-m layout-normal layout-padded\"><strong class=\"_strong_145nj_25\">Les ogs\u00e5:<\/strong> <a href=\"https:\/\/www.vg.no\/i\/K8qwE7\" data-track-element-type=\"Link\" data-track-id=\"link:K8qwE7\" class=\"_link_145nj_39\" rel=\"nofollow noopener\" target=\"_blank\">Bildene som r\u00f8rer en hel verden<\/a><\/p>\n<p><img alt=\"Foto: Gisle Oddstad \/ VG\" class=\"_image_jw3bv_65 layout-component layout-normal\" data-fullscreen- data-track-element-type=\"Article image fullscreen\" data-track-name=\"ImageFullscreen\" decoding=\"async\" loading=\"lazy\" height=\"1271\" itemprop=\"image\"  src=\"https:\/\/www.europesays.com\/no\/wp-content\/uploads\/2026\/08\/9bb2c3e5-4fa7-34cc-9c74-db02c8fc5556.jpeg\"  style=\"object-position:0% 0%\" width=\"1322\"\/>Foto: Gisle Oddstad \/ VG    <img decoding=\"async\" alt=\"Tips oss illustrasjon\" src=\"https:\/\/www.europesays.com\/no\/wp-content\/uploads\/2026\/08\/1788192375_251_pssst-small.webp\"\/>    <\/p>\n<p class=\"title-serif-s\">Har du tips?<\/p>\n<p class=\"text-sans-m\">Send oss informasjon, bilder eller video.<\/p>\n<p>  <a href=\"https:\/\/www.vg.no\/tips-oss\" rel=\"nofollow noopener\" target=\"_blank\"> Tips oss <\/a>      <\/p>\n","protected":false},"excerpt":{"rendered":"For f\u00f8rste gang siden tronskiftet var den nye kongen og dronningen ute p\u00e5 Slottsplassen. Rapporterer fra Slottsplassen og&hellip;\n","protected":false},"author":2,"featured_media":339234,"comment_status":"","ping_status":"","sticky":false,"template":"","format":"standard","meta":{"footnotes":"","_share_on_mastodon":"0"},"categories":[10],"tags":[31,20,21,24,25,15,26105,1222,22,23,13,30,28,29,14,16,26,27],"class_list":["post-339233","post","type-post","status-publish","format-standard","has-post-thumbnail","category-norge","tag-breaking","tag-breaking-news","tag-breakingnews","tag-featured-news","tag-featurednews","tag-headlines","tag-kong-harald-5","tag-kongefamilien","tag-latest-news","tag-latestnews","tag-news","tag-no","tag-norge","tag-norway","tag-nyheter","tag-overskrifter","tag-top-stories","tag-topstories"],"share_on_mastodon":{"url":"https:\/\/pubeurope.com\/@no\/117190983505025523","error":""},"_links":{"self":[{"href":"https:\/\/www.europesays.com\/no\/wp-json\/wp\/v2\/posts\/339233","targetHints":{"allow":["GET"]}}],"collection":[{"href":"https:\/\/www.europesays.com\/no\/wp-json\/wp\/v2\/posts"}],"about":[{"href":"https:\/\/www.europesays.com\/no\/wp-json\/wp\/v2\/types\/post"}],"author":[{"embeddable":true,"href":"https:\/\/www.europesays.com\/no\/wp-json\/wp\/v2\/users\/2"}],"replies":[{"embeddable":true,"href":"https:\/\/www.europesays.com\/no\/wp-json\/wp\/v2\/comments?post=339233"}],"version-history":[{"count":0,"href":"https:\/\/www.europesays.com\/no\/wp-json\/wp\/v2\/posts\/339233\/revisions"}],"wp:featuredmedia":[{"embeddable":true,"href":"https:\/\/www.europesays.com\/no\/wp-json\/wp\/v2\/media\/339234"}],"wp:attachment":[{"href":"https:\/\/www.europesays.com\/no\/wp-json\/wp\/v2\/media?parent=339233"}],"wp:term":[{"taxonomy":"category","embeddable":true,"href":"https:\/\/www.europesays.com\/no\/wp-json\/wp\/v2\/categories?post=339233"},{"taxonomy":"post_tag","embeddable":true,"href":"https:\/\/www.europesays.com\/no\/wp-json\/wp\/v2\/tags?post=339233"}],"curies":[{"name":"wp","href":"https:\/\/api.w.org\/{rel}","templated":true}]}}