{"id":339245,"date":"2026-08-31T16:18:21","date_gmt":"2026-08-31T16:18:21","guid":{"rendered":"https:\/\/www.europesays.com\/no\/339245\/"},"modified":"2026-08-31T16:18:21","modified_gmt":"2026-08-31T16:18:21","slug":"sk-brann-fotball-branns-cupfinale-gar-uten-kongelig-tilstedevaerelse","status":"publish","type":"post","link":"https:\/\/www.europesays.com\/no\/339245\/","title":{"rendered":"SK Brann, Fotball | Branns cupfinale g\u00e5r uten kongelig tilstedev\u00e6relse"},"content":{"rendered":"\n<p>Det opplyser Norges Fotballforbund til <a rel=\"noopener nofollow\" href=\"https:\/\/www.bt.no\/sport\/ballspark\/i\/m0pGvg\/foelg-brannaustria-wien\" id=\"239c8a1c-6936-4823-a787-ed7a7f81fd1e\" target=\"_blank\">Bergens Tidende<\/a>. Kong Harald gikk bort fredag 28. august.<\/p>\n<p>\u2013 Kongefamilien st\u00e5r midt i en sorg som deles av hele nasjonen. I denne situasjonen er det naturlig at de ikke har anledning til \u00e5 v\u00e6re til stede under cupfinalen s\u00f8ndag, og NFF har selvf\u00f8lgelig full forst\u00e5else for det. V\u00e5re tanker g\u00e5r til hele kongefamilien, sier NFFs kommunikasjonsdirekt\u00f8r Ragnhild Ask Connell i en uttalelse til VG.<\/p>\n<p>Kong Harald var til stede p\u00e5 Ullevaal stadion da Bod\u00f8\/Glimt slo Brann p\u00e5 dramatisk vis i mai. Kongehuset pleier \u00e5 v\u00e6re til stede under cupfinalene, men denne gangen er det annerledes.<\/p>\n<p>Det er nasjonal s\u00f8rgeperiode frem til kong Haralds gravferd 9. september.<\/p>\n<p>TV 2 opplyste mandag at det blir avd\u00f8de kong Haralds pokal som skal deles ut under finalen kommende helg.<\/p>\n<p>\u2013 Hans Majestet Kong Harald Vs monogram og pokal benyttes, skrev NFF til kanalen da.<\/p>\n<p>Kampstart mellom Brann og Aalesund i cupfinalen for kvinner er klokken 14.<\/p>\n","protected":false},"excerpt":{"rendered":"Det opplyser Norges Fotballforbund til Bergens Tidende. Kong Harald gikk bort fredag 28. august. \u2013 Kongefamilien st\u00e5r midt&hellip;\n","protected":false},"author":2,"featured_media":339246,"comment_status":"","ping_status":"","sticky":false,"template":"","format":"standard","meta":{"footnotes":"","_share_on_mastodon":"0"},"categories":[59],"tags":[36,92,26151,30,28,29,418,83,82,1510],"class_list":["post-339245","post","type-post","status-publish","format-standard","has-post-thumbnail","category-sport","tag-art","tag-fotball","tag-nm-i-fotball-kvinner","tag-no","tag-norge","tag-norway","tag-sk-brann","tag-sport","tag-sports","tag-story"],"share_on_mastodon":{"url":"https:\/\/pubeurope.com\/@no\/117191029909726740","error":""},"_links":{"self":[{"href":"https:\/\/www.europesays.com\/no\/wp-json\/wp\/v2\/posts\/339245","targetHints":{"allow":["GET"]}}],"collection":[{"href":"https:\/\/www.europesays.com\/no\/wp-json\/wp\/v2\/posts"}],"about":[{"href":"https:\/\/www.europesays.com\/no\/wp-json\/wp\/v2\/types\/post"}],"author":[{"embeddable":true,"href":"https:\/\/www.europesays.com\/no\/wp-json\/wp\/v2\/users\/2"}],"replies":[{"embeddable":true,"href":"https:\/\/www.europesays.com\/no\/wp-json\/wp\/v2\/comments?post=339245"}],"version-history":[{"count":0,"href":"https:\/\/www.europesays.com\/no\/wp-json\/wp\/v2\/posts\/339245\/revisions"}],"wp:featuredmedia":[{"embeddable":true,"href":"https:\/\/www.europesays.com\/no\/wp-json\/wp\/v2\/media\/339246"}],"wp:attachment":[{"href":"https:\/\/www.europesays.com\/no\/wp-json\/wp\/v2\/media?parent=339245"}],"wp:term":[{"taxonomy":"category","embeddable":true,"href":"https:\/\/www.europesays.com\/no\/wp-json\/wp\/v2\/categories?post=339245"},{"taxonomy":"post_tag","embeddable":true,"href":"https:\/\/www.europesays.com\/no\/wp-json\/wp\/v2\/tags?post=339245"}],"curies":[{"name":"wp","href":"https:\/\/api.w.org\/{rel}","templated":true}]}}