{"id":339255,"date":"2026-08-31T16:33:13","date_gmt":"2026-08-31T16:33:13","guid":{"rendered":"https:\/\/www.europesays.com\/no\/339255\/"},"modified":"2026-08-31T16:33:13","modified_gmt":"2026-08-31T16:33:13","slug":"stad-hrs-redningsaksjon-i-selje-etter-mogleg-observasjon-av-person-i-sjo","status":"publish","type":"post","link":"https:\/\/www.europesays.com\/no\/339255\/","title":{"rendered":"Stad, HRS | Redningsaksjon i Selje etter mogleg observasjon av person i sj\u00f8"},"content":{"rendered":"\n<p>Politiet og Hovudredningssentralen har sett i gang ein redningsaksjon i Selje, etter mogleg observasjon av person i sj\u00f8, opplyser operasjonsleiar Bjarte Rebnord.<\/p>\n<p>\u2013 Det blir s\u00f8kt til lands og p\u00e5 sj\u00f8en i omr\u00e5det ut fr\u00e5 flytebrygga p\u00e5 Seljesanden.\u00a0<\/p>\n<p>Dersom nokon har tips eller observasjonar som kan settast i samanheng med dette, ber politiet at ein tek kontakt p\u00e5 02800, eller 112 om det hastar.\u00a0<\/p>\n<p>Saka blir oppdatert. <\/p>\n","protected":false},"excerpt":{"rendered":"Politiet og Hovudredningssentralen har sett i gang ein redningsaksjon i Selje, etter mogleg observasjon av person i sj\u00f8,&hellip;\n","protected":false},"author":2,"featured_media":339256,"comment_status":"","ping_status":"","sticky":false,"template":"","format":"standard","meta":{"footnotes":"","_share_on_mastodon":"0"},"categories":[10],"tags":[36,20,21,24,25,15,3422,22,23,13,30,28,29,14,16,2027,1510,26,27,213],"class_list":["post-339255","post","type-post","status-publish","format-standard","has-post-thumbnail","category-norge","tag-art","tag-breaking-news","tag-breakingnews","tag-featured-news","tag-featurednews","tag-headlines","tag-hrs","tag-latest-news","tag-latestnews","tag-news","tag-no","tag-norge","tag-norway","tag-nyheter","tag-overskrifter","tag-stad","tag-story","tag-top-stories","tag-topstories","tag-vest-politidistrikt"],"share_on_mastodon":{"url":"","error":""},"_links":{"self":[{"href":"https:\/\/www.europesays.com\/no\/wp-json\/wp\/v2\/posts\/339255","targetHints":{"allow":["GET"]}}],"collection":[{"href":"https:\/\/www.europesays.com\/no\/wp-json\/wp\/v2\/posts"}],"about":[{"href":"https:\/\/www.europesays.com\/no\/wp-json\/wp\/v2\/types\/post"}],"author":[{"embeddable":true,"href":"https:\/\/www.europesays.com\/no\/wp-json\/wp\/v2\/users\/2"}],"replies":[{"embeddable":true,"href":"https:\/\/www.europesays.com\/no\/wp-json\/wp\/v2\/comments?post=339255"}],"version-history":[{"count":0,"href":"https:\/\/www.europesays.com\/no\/wp-json\/wp\/v2\/posts\/339255\/revisions"}],"wp:featuredmedia":[{"embeddable":true,"href":"https:\/\/www.europesays.com\/no\/wp-json\/wp\/v2\/media\/339256"}],"wp:attachment":[{"href":"https:\/\/www.europesays.com\/no\/wp-json\/wp\/v2\/media?parent=339255"}],"wp:term":[{"taxonomy":"category","embeddable":true,"href":"https:\/\/www.europesays.com\/no\/wp-json\/wp\/v2\/categories?post=339255"},{"taxonomy":"post_tag","embeddable":true,"href":"https:\/\/www.europesays.com\/no\/wp-json\/wp\/v2\/tags?post=339255"}],"curies":[{"name":"wp","href":"https:\/\/api.w.org\/{rel}","templated":true}]}}