{"id":339375,"date":"2026-08-31T18:58:51","date_gmt":"2026-08-31T18:58:51","guid":{"rendered":"https:\/\/www.europesays.com\/no\/339375\/"},"modified":"2026-08-31T18:58:51","modified_gmt":"2026-08-31T18:58:51","slug":"passasjerbat-med-266-personer-om-bord-er-kantret-utenfor-kypros-minst-atte-personer-dode","status":"publish","type":"post","link":"https:\/\/www.europesays.com\/no\/339375\/","title":{"rendered":"Passasjerb\u00e5t med 266 personer om bord er kantret utenfor Kypros \u2013 minst \u00e5tte personer d\u00f8de"},"content":{"rendered":"<p class=\"extendedContent hyperion-css-eyn926\" data-test-tag=\"lead-text\">Tyrkisk-kypriotiske myndigheter har p\u00e5grepet kapteinen og andre medlemmer av mannskapet<\/p>\n<p>Publisert: 30.08.2026 13:08 |\u00a0Oppdatert: 30.08.2026 20:17<\/p>\n<p class=\"hyperion-css-1j42uic\">S\u00f8ndag kvelder<a aria-label=\" melder Reuters\" class=\"default hyperion-css-1raymq9\" href=\"https:\/\/www.reutersconnect.com\/discover\/latest-news?id=tag%3Areuters.com%2C2026%3Anewsml_L6N44R02W%3A961104889\" target=\"_blank\" rel=\"noopener nofollow noreferrer\" data-test-tag=\"external-link\"> melder Reuters<\/a> at d\u00f8dstallet etter fergeulykken har steget til minst \u00e5tte, mens 17 personer fortsatt er savnet. <\/p>\n<p class=\"hyperion-css-1j42uic\">Tyrkisk-kypriotiske myndigheter har p\u00e5grepet kapteinen og andre medlemmer av mannskapet. En overlevende forteller at vann str\u00f8mmet inn gjennom en skade i baugen kort tid etter avgang.<\/p>\n<p class=\"hyperion-css-1j42uic\">Noen timer senere ble det meldt at fergen n\u00e5 er \u00abfullstendig sunket til 514 meters dyp\u00bb.<\/p>\n<p class=\"hyperion-css-1j42uic\">Passasjerb\u00e5ten hadde 266 personer om bord da den kantret rundt to kilometer nord for Kyrenia-kysten, skriver<a aria-label=\" Cyprus Mail. \" class=\"default hyperion-css-1raymq9\" href=\"https:\/\/cyprus-mail.com\/2026\/08\/30\/passenger-ferry-capsizes-off-kyrenia\" target=\"_blank\" rel=\"noopener nofollow noreferrer\" data-test-tag=\"external-link\"> Cyprus Mail. <\/a><\/p>\n<p class=\"hyperion-css-1j42uic\">Syv personer er bekreftet omkommet.<\/p>\n<p class=\"hyperion-css-1j42uic\">237 personer skal n\u00e5 v\u00e6re reddet.<\/p>\n<p class=\"hyperion-css-1j42uic\">Redningsmannskapene fors\u00f8ker \u00e5 n\u00e5 23 personer som fortsatt er fanget i den kantrede fergen, opplyser den tyrkisk-kypriotiske regjeringen overfor tv-kanalen CNN Turk.<\/p>\n<p class=\"hyperion-css-1j42uic\">259 av de 267 personene om bord var passasjerer, og \u00e5tte var mannskap. <\/p>\n<p class=\"hyperion-css-1j42uic\">Fergen tilh\u00f8rte if\u00f8lge Senkul fergeselskapet Filo Denizcilik.<\/p>\n<p><img decoding=\"async\" class=\"image-asset hyperion-css-u06ts1\" data-test-tag=\"image-asset\" src=\"https:\/\/www.europesays.com\/no\/wp-content\/uploads\/2026\/08\/1788202729_357_7f78c77d-d972-3135-83a2-5277812e41f4.jpeg\"  alt=\"Overlevende g\u00e5r i land etter at b\u00e5ten de var om bord p\u00e5, kantret utenfor Kypros.\"  loading=\"eager\" fetchpriority=\"high\" style=\"aspect-ratio:1355 \/ 900\"\/>Overlevende g\u00e5r i land etter at b\u00e5ten de var om bord p\u00e5, kantret utenfor Kypros. Foto: Stringer \/ Reuters \/ NTBRedningshelikopter bist\u00e5r<\/p>\n<p class=\"hyperion-css-1j42uic\">I tillegg til s\u00f8k- og redningsmannskaper har en rekke fiskeb\u00e5ter og andre fart\u00f8y satt kursen mot b\u00e5ten for \u00e5 bist\u00e5, <a aria-label=\"skriver T\u00fcrkiye Today. \" class=\"default hyperion-css-1raymq9\" href=\"https:\/\/www.turkiyetoday.com\/region\/passenger-ship-capsizes-off-girne-with-267-people-aboard-3227100?s=1\" target=\"_blank\" rel=\"noopener nofollow noreferrer\" data-test-tag=\"external-link\">skriver T\u00fcrkiye Today. <\/a><\/p>\n<p class=\"hyperion-css-1j42uic\">UD har forel\u00f8pig ikke f\u00e5tt meldinger om at det var nordmenn om bord, <a aria-label=\"if\u00f8lge VG. \" class=\"default hyperion-css-1raymq9\" href=\"https:\/\/www.vg.no\/nyheter\/i\/d4pyGX\/passasjerbaat-med-270-personer-om-bord-har-sunket-utenfor-kypros\" target=\"_blank\" rel=\"noopener nofollow noreferrer\" data-test-tag=\"external-link\">if\u00f8lge VG. <\/a><\/p>\n<p><img decoding=\"async\" class=\"image-asset hyperion-css-u06ts1\" data-test-tag=\"image-asset\" src=\"https:\/\/www.europesays.com\/no\/wp-content\/uploads\/2026\/08\/1788202731_170_0f4a0069-52b0-3627-a97a-bb3c5ff21ddb.jpeg\"  alt=\"Et helikopter frakter overlevende i land etter at de ble reddet s\u00f8ndag.\"  loading=\"eager\" fetchpriority=\"high\" style=\"aspect-ratio:1406 \/ 900\"\/>Et helikopter frakter overlevende i land etter at de ble reddet s\u00f8ndag. Foto: Stringer \/ Reuters \/ NTB<\/p>\n<p class=\"hyperion-css-1j42uic\">\u00d8ya Kypros har v\u00e6rt delt siden 1974, da Tyrkia okkuperte den nordlige tredjedelen etter et Aten-st\u00f8ttet gresk-kypriotisk kupp som s\u00f8kte forening med Hellas.<\/p>\n<p class=\"hyperion-css-1j42uic\">\u00d8ya har siden best\u00e5tt av Den tyrkiske republikken Nord-Kypros p\u00e5 den nordlige delen av \u00f8ya og Republikken Kypros p\u00e5 den s\u00f8rlige delen av \u00f8ya<\/p>\n","protected":false},"excerpt":{"rendered":"Tyrkisk-kypriotiske myndigheter har p\u00e5grepet kapteinen og andre medlemmer av mannskapet Publisert: 30.08.2026 13:08 |\u00a0Oppdatert: 30.08.2026 20:17 S\u00f8ndag kvelder&hellip;\n","protected":false},"author":2,"featured_media":339376,"comment_status":"","ping_status":"","sticky":false,"template":"","format":"standard","meta":{"footnotes":"","_share_on_mastodon":"0"},"categories":[12],"tags":[20,21,24,25,15,22,23,13,30,28,29,14,16,26,27,42,43,44,45],"class_list":["post-339375","post","type-post","status-publish","format-standard","has-post-thumbnail","category-verden","tag-breaking-news","tag-breakingnews","tag-featured-news","tag-featurednews","tag-headlines","tag-latest-news","tag-latestnews","tag-news","tag-no","tag-norge","tag-norway","tag-nyheter","tag-overskrifter","tag-top-stories","tag-topstories","tag-verden","tag-world","tag-world-news","tag-worldnews"],"share_on_mastodon":{"url":"https:\/\/pubeurope.com\/@no\/117191663584181157","error":""},"_links":{"self":[{"href":"https:\/\/www.europesays.com\/no\/wp-json\/wp\/v2\/posts\/339375","targetHints":{"allow":["GET"]}}],"collection":[{"href":"https:\/\/www.europesays.com\/no\/wp-json\/wp\/v2\/posts"}],"about":[{"href":"https:\/\/www.europesays.com\/no\/wp-json\/wp\/v2\/types\/post"}],"author":[{"embeddable":true,"href":"https:\/\/www.europesays.com\/no\/wp-json\/wp\/v2\/users\/2"}],"replies":[{"embeddable":true,"href":"https:\/\/www.europesays.com\/no\/wp-json\/wp\/v2\/comments?post=339375"}],"version-history":[{"count":0,"href":"https:\/\/www.europesays.com\/no\/wp-json\/wp\/v2\/posts\/339375\/revisions"}],"wp:featuredmedia":[{"embeddable":true,"href":"https:\/\/www.europesays.com\/no\/wp-json\/wp\/v2\/media\/339376"}],"wp:attachment":[{"href":"https:\/\/www.europesays.com\/no\/wp-json\/wp\/v2\/media?parent=339375"}],"wp:term":[{"taxonomy":"category","embeddable":true,"href":"https:\/\/www.europesays.com\/no\/wp-json\/wp\/v2\/categories?post=339375"},{"taxonomy":"post_tag","embeddable":true,"href":"https:\/\/www.europesays.com\/no\/wp-json\/wp\/v2\/tags?post=339375"}],"curies":[{"name":"wp","href":"https:\/\/api.w.org\/{rel}","templated":true}]}}