{"id":339377,"date":"2026-08-31T19:00:23","date_gmt":"2026-08-31T19:00:23","guid":{"rendered":"https:\/\/www.europesays.com\/no\/339377\/"},"modified":"2026-08-31T19:00:23","modified_gmt":"2026-08-31T19:00:23","slug":"de-skal-sta-langs-karl-johan-en-aere","status":"publish","type":"post","link":"https:\/\/www.europesays.com\/no\/339377\/","title":{"rendered":"De skal st\u00e5 langs Karl Johan: \u2013 En \u00e6re"},"content":{"rendered":"\n<p class=\"_lead_145nj_2 _lead_6fko5_53 layout-component text-serif-m layout-normal text-serif-l layout-component layout-wide layout-padded _wide_17hqh_1 layout-padded\">De \u00f8ver og \u00f8ver. Tirsdag er de del av en menneskelig kjede langs Karl Johan n\u00e5r kong Haakon skal til Stortinget for \u00e5 avlegge ed til Grunnloven.<\/p>\n<p><img alt=\"BEREDT: Malia Klingen Daams og Magne Anki Jensen skal st\u00e5 langs Karl Johan tirsdag n\u00e5r kong Haakon drar til Stortinget for edsavleggelsen. Foto: Xueqi Pang\" class=\"_image_jw3bv_65 layout-component layout-wide\" data-fullscreen- data-track-element-type=\"Article image fullscreen\" data-track-name=\"ImageFullscreen\" fetchpriority=\"high\" decoding=\"sync\" loading=\"eager\" height=\"1668\" itemprop=\"image\"  src=\"https:\/\/www.europesays.com\/no\/wp-content\/uploads\/2026\/08\/d2d7d7cd-bcb2-3d6a-b5fc-c07b1c7a8a05.jpeg\"  style=\"object-position:0% 0%\" width=\"2500\"\/>BEREDT: Malia Klingen Daams og Magne Anki Jensen skal st\u00e5 langs Karl Johan tirsdag n\u00e5r kong Haakon drar til Stortinget for edsavleggelsen. Foto: Xueqi Pang<\/p>\n<ul aria-hidden=\"true\" class=\"_images_ntbth_112\">\n<li><a class=\"_link_ntbth_117\" href=\"https:\/\/www.vg.no\/forfatter\/stella-bugge\" style=\"z-index:2\" title=\"Stella Bugge\" rel=\"nofollow noopener\" target=\"_blank\"><img alt=\"Bilde av Stella Bugge\" class=\"_image_ntbth_93\" fetchpriority=\"low\" loading=\"lazy\" decoding=\"async\" itemprop=\"image\"  src=\"https:\/\/www.europesays.com\/no\/wp-content\/uploads\/2026\/08\/1788202816_600_c673ac82-f3e7-47d3-aa1d-79bb6eca457a.jpeg\"  width=\"480\"\/><\/a><\/li>\n<li><a class=\"_link_ntbth_117\" href=\"https:\/\/www.vg.no\/forfatter\/xueqi-pang\" style=\"z-index:1\" title=\"Xueqi Pang\" rel=\"nofollow noopener\" target=\"_blank\"><img alt=\"Bilde av Xueqi Pang\" class=\"_image_ntbth_93\" fetchpriority=\"low\" loading=\"lazy\" decoding=\"async\" itemprop=\"image\"  src=\"https:\/\/www.europesays.com\/no\/wp-content\/uploads\/2026\/08\/9ba4e4a3-e4ee-4a9d-b9eb-1478232c6342.jpeg\"  width=\"480\"\/><\/a><\/li>\n<\/ul>\n<p>Huseby leir Oppdatert mandag 31. august kl. 19:50    <\/p>\n<ul class=\"_list_145nj_3 _list_64s2r_85 _unordered_145nj_106 text-sans-m\">\n<li class=\"_item_145nj_30\">Kong Haakon skal avlegge ed til Grunnloven p\u00e5 Stortinget tirsdag.<\/li>\n<li class=\"_item_145nj_30\">Garden, H\u00e6ren, Luftforsvaret og Sj\u00f8forsvaret vil st\u00e5 posisjonert langs Karl Johan.<\/li>\n<li class=\"_item_145nj_30\">Malia Klingen Daams og Magne Anki Jensen fra Garden deltar med \u00e6refrykt og stolthet.  <\/li>\n<\/ul>\n<p>Vis mer <\/p>\n<p class=\"_paragraph_145nj_4 _paragraph_6fko5_10 layout-component text-serif-m layout-normal text-serif-m layout-padded\">I solskinnet mandag var det full rulle hos Hans Majestet Kongens Garde p\u00e5 Huseby som har f\u00e5tt ny sjef. De marsjerte og trente p\u00e5 espalier,espalier,en rekke av personer det vil si at de skal st\u00e5 oppstilt hele veien mellom Slottet og Stortinget. <\/p>\n<p>Rundt 1000 <\/p>\n<p class=\"_paragraph_145nj_4 _paragraph_6fko5_10 layout-component text-serif-m layout-normal text-serif-m layout-padded\">\u2013 Det blir en veldig stor \u00e6re \u00e5 kunne f\u00e5 v\u00e6re med p\u00e5 en s\u00e5 stor endring i hele samfunnet v\u00e5rt. Og \u00e5 kunne \u00f8nske den nye kongen velkommen, sier Malia Klingen Daams (20) til VG.<\/p>\n<p class=\"_paragraph_145nj_4 _paragraph_6fko5_10 layout-component text-serif-m layout-normal text-serif-m layout-padded\">Hun vil v\u00e6re en av rundt 1000 personer fra Garden, H\u00e6ren, Luftforsvaret og Sj\u00f8forsvaret som st\u00e5r langs ruten. Det hele begynner klokken 11.30 n\u00e5r Garden marsjerer fra Akershus festning opp Karl Johan til Slottsplassen.<\/p>\n<p><img alt=\"\u00d8VELSE: Gj\u00f8r mester. Her drilles det p\u00e5 plassen p\u00e5 Huseby. Tirsdag er de p\u00e5 Slottplassen.  Foto: Xueqi Pang \/ VG\" class=\"_image_jw3bv_65 layout-component layout-normal\" data-fullscreen- data-track-element-type=\"Article image fullscreen\" data-track-name=\"ImageFullscreen\" decoding=\"async\" loading=\"lazy\" height=\"5343\" itemprop=\"image\"  src=\"https:\/\/www.europesays.com\/no\/wp-content\/uploads\/2026\/08\/1cc254d4-a2a4-3ac6-b9cd-ce3f36cbb957.jpeg\"  style=\"object-position:0% 0%\" width=\"8011\"\/>\u00d8VELSE: Gj\u00f8r mester. Her drilles det p\u00e5 plassen p\u00e5 Huseby. Tirsdag er de p\u00e5 Slottplassen.  Foto: Xueqi Pang \/ VG<\/p>\n<p class=\"_paragraph_145nj_4 _paragraph_6fko5_10 layout-component text-serif-m layout-normal text-serif-m layout-padded\">\u2013 Det er veldig likt det vi ser i forbindelse med Stortingets \u00e5pning hver h\u00f8st, forklarer Gardesjef Emil Ottosen om oppstillingen langs Karl Johan.<\/p>\n<p class=\"_paragraph_145nj_4 _paragraph_6fko5_10 layout-component text-serif-m layout-normal text-serif-m layout-padded\">Ogs\u00e5 dronning Mette-Marit, kronprinsesse Ingrid Alexandra, dronning Sonja og prins Sverre Magnus vil v\u00e6re p\u00e5 Stortinget under <a href=\"https:\/\/www.kongehuset.no\/presse\/pressemeldinger\/edsavleggelsen-til-grunnloven\" class=\"_link_145nj_39\" rel=\"nofollow noopener\" target=\"_blank\">edsavleggelsen<\/a>.<\/p>\n<p><img alt=\"Gardesjef Emil Ottosen biv\u00e5ner \u00f8velsen i gardeleieren p\u00e5 Huseby.  Foto: Xueqi Pang \/ VG\" class=\"_image_jw3bv_65 layout-component layout-normal\" data-fullscreen- data-track-element-type=\"Article image fullscreen\" data-track-name=\"ImageFullscreen\" decoding=\"async\" loading=\"lazy\" height=\"5464\" itemprop=\"image\"  src=\"https:\/\/www.europesays.com\/no\/wp-content\/uploads\/2026\/08\/f9cedf78-c943-3df5-a826-40bd1d1782d6.jpeg\"  style=\"object-position:0% 0%\" width=\"8192\"\/>Gardesjef Emil Ottosen biv\u00e5ner \u00f8velsen i gardeleieren p\u00e5 Huseby.  Foto: Xueqi Pang \/ VG\u2013 Veldig trist<\/p>\n<p class=\"_paragraph_145nj_4 _paragraph_6fko5_10 layout-component text-serif-m layout-normal text-serif-m layout-padded\">Daams forteller at hun er preget av kong Haralds bortgang.<\/p>\n<p class=\"_paragraph_145nj_4 _paragraph_6fko5_10 layout-component text-serif-m layout-normal text-serif-m layout-padded\">\u2013 Det tror jeg vi alle i Garden har v\u00e6rt de siste dagene. Det har v\u00e6rt veldig trist og en veldig stor endring. Men jeg f\u00f8ler at vi alle pr\u00f8ver \u00e5 se noe positivt i det \u00f2g. Og det er veldig fint \u00e5 se landet s\u00e5 samlet som vi har v\u00e6rt de siste dagene, sier hun og legger til:<\/p>\n<p class=\"_paragraph_145nj_4 _paragraph_6fko5_10 layout-component text-serif-m layout-normal text-serif-m layout-padded\">\u2013 Jeg tror kong Haakon kommer til \u00e5 gj\u00f8re en veldig, veldig god jobb for \u00e5 erstatte sin far.<\/p>\n<p><img alt=\"Foto: Xueqi Pang \/ VG\" class=\"_image_jw3bv_65 layout-component layout-normal\" data-fullscreen- data-track-element-type=\"Article image fullscreen\" data-track-name=\"ImageFullscreen\" decoding=\"async\" loading=\"lazy\" height=\"5464\" itemprop=\"image\"  src=\"https:\/\/www.europesays.com\/no\/wp-content\/uploads\/2026\/08\/d1ec3b14-0811-3577-914e-6858392f4f17.jpeg\"  style=\"object-position:0% 0%\" width=\"8192\"\/>Foto: Xueqi Pang \/ VG<\/p>\n<p class=\"_paragraph_145nj_4 _paragraph_6fko5_10 layout-component text-serif-m layout-normal text-serif-m layout-padded\">Magne Anki Jensen (20) har v\u00e6rt i f\u00f8rstegangstjenesten nesten fem m\u00e5neder.<\/p>\n<p class=\"_paragraph_145nj_4 _paragraph_6fko5_10 layout-component text-serif-m layout-normal text-serif-m layout-padded\">\u2013 Hva tenker du om oppdraget?<\/p>\n<p class=\"_paragraph_145nj_4 _paragraph_6fko5_10 layout-component text-serif-m layout-normal text-serif-m layout-padded\">\u2013 Jeg syns det er veldig spennende. Og jeg er stolt av \u00e5 v\u00e6re en del av Garden og kunne v\u00e6re med \u00e5 noe s\u00e5pass stort. Det er en \u00e6re rett og slett<\/p>\n<p class=\"_paragraph_145nj_4 _paragraph_6fko5_10 layout-component text-serif-m layout-normal text-serif-m layout-padded\">\u2013 Hvor lenge skal dere st\u00e5?<\/p>\n<p class=\"_paragraph_145nj_4 _paragraph_6fko5_10 layout-component text-serif-m layout-normal text-serif-m layout-padded\">\u2013 Det er jeg litt usikker p\u00e5. Det som er viktigst for meg, er at jeg gj\u00f8r en bra jobb og forh\u00e5pentligvis ikke gj\u00f8r noe feil.<\/p>\n<p><img alt=\"Magne Anki Jensen.  Foto: Xueqi Pang \/ VG\" class=\"_image_jw3bv_65 layout-component layout-normal\" data-fullscreen- data-track-element-type=\"Article image fullscreen\" data-track-name=\"ImageFullscreen\" decoding=\"async\" loading=\"lazy\" height=\"8176\" itemprop=\"image\"  src=\"https:\/\/www.europesays.com\/no\/wp-content\/uploads\/2026\/08\/7cd80b30-1cbc-3321-9922-de47cd920243.jpeg\"  style=\"object-position:0% 0%\" width=\"5453\"\/>Magne Anki Jensen.  Foto: Xueqi Pang \/ VG<\/p>\n<p class=\"_paragraph_145nj_4 _paragraph_6fko5_10 layout-component text-serif-m layout-normal text-serif-m layout-padded\">\u2013 Dere m\u00e5 st\u00e5 helt stille?<\/p>\n<p class=\"_paragraph_145nj_4 _paragraph_6fko5_10 layout-component text-serif-m layout-normal text-serif-m layout-padded\">\u2013 Det stemmer, vi m\u00e5 st\u00e5 helt stille til vi f\u00e5r en kommando. S\u00e5 man m\u00e5 v\u00e6re flink p\u00e5 \u00e5 st\u00e5 stille, ja.<\/p>\n<p class=\"_paragraph_145nj_4 _paragraph_6fko5_10 layout-component text-serif-m layout-normal text-serif-m layout-padded\">\u2013 Hvilket v\u00e6r h\u00e5per du p\u00e5 i morgen. Det kan bli litt varmt i den uniformen?<\/p>\n<p class=\"_paragraph_145nj_4 _paragraph_6fko5_10 layout-component text-serif-m layout-normal text-serif-m layout-padded\">\u2013 Det er fint med sol, men det hadde v\u00e6rt deilig med overskyet med tanke p\u00e5 hvor varmt det blir inni her. Den er god og varm \u00e5 drille i n\u00e5 i alle fall, sier Jensen.<\/p>\n<p>    <img decoding=\"async\" alt=\"Tips oss illustrasjon\" src=\"https:\/\/www.europesays.com\/no\/wp-content\/uploads\/2026\/08\/1788202823_914_pssst-small.webp\"\/>    <\/p>\n<p class=\"title-serif-s\">Har du tips?<\/p>\n<p class=\"text-sans-m\">Send oss informasjon, bilder eller video.<\/p>\n<p>  <a href=\"https:\/\/www.vg.no\/tips-oss\" rel=\"nofollow noopener\" target=\"_blank\"> Tips oss <\/a>      <\/p>\n","protected":false},"excerpt":{"rendered":"De \u00f8ver og \u00f8ver. Tirsdag er de del av en menneskelig kjede langs Karl Johan n\u00e5r kong Haakon&hellip;\n","protected":false},"author":2,"featured_media":339378,"comment_status":"","ping_status":"","sticky":false,"template":"","format":"standard","meta":{"footnotes":"","_share_on_mastodon":"0"},"categories":[10],"tags":[20,21,24,25,15,26105,1222,22,23,13,30,28,29,14,16,26,27],"class_list":["post-339377","post","type-post","status-publish","format-standard","has-post-thumbnail","category-norge","tag-breaking-news","tag-breakingnews","tag-featured-news","tag-featurednews","tag-headlines","tag-kong-harald-5","tag-kongefamilien","tag-latest-news","tag-latestnews","tag-news","tag-no","tag-norge","tag-norway","tag-nyheter","tag-overskrifter","tag-top-stories","tag-topstories"],"share_on_mastodon":{"url":"https:\/\/pubeurope.com\/@no\/117191667046914550","error":""},"_links":{"self":[{"href":"https:\/\/www.europesays.com\/no\/wp-json\/wp\/v2\/posts\/339377","targetHints":{"allow":["GET"]}}],"collection":[{"href":"https:\/\/www.europesays.com\/no\/wp-json\/wp\/v2\/posts"}],"about":[{"href":"https:\/\/www.europesays.com\/no\/wp-json\/wp\/v2\/types\/post"}],"author":[{"embeddable":true,"href":"https:\/\/www.europesays.com\/no\/wp-json\/wp\/v2\/users\/2"}],"replies":[{"embeddable":true,"href":"https:\/\/www.europesays.com\/no\/wp-json\/wp\/v2\/comments?post=339377"}],"version-history":[{"count":0,"href":"https:\/\/www.europesays.com\/no\/wp-json\/wp\/v2\/posts\/339377\/revisions"}],"wp:featuredmedia":[{"embeddable":true,"href":"https:\/\/www.europesays.com\/no\/wp-json\/wp\/v2\/media\/339378"}],"wp:attachment":[{"href":"https:\/\/www.europesays.com\/no\/wp-json\/wp\/v2\/media?parent=339377"}],"wp:term":[{"taxonomy":"category","embeddable":true,"href":"https:\/\/www.europesays.com\/no\/wp-json\/wp\/v2\/categories?post=339377"},{"taxonomy":"post_tag","embeddable":true,"href":"https:\/\/www.europesays.com\/no\/wp-json\/wp\/v2\/tags?post=339377"}],"curies":[{"name":"wp","href":"https:\/\/api.w.org\/{rel}","templated":true}]}}