{"id":339387,"date":"2026-08-31T19:06:14","date_gmt":"2026-08-31T19:06:14","guid":{"rendered":"https:\/\/www.europesays.com\/no\/339387\/"},"modified":"2026-08-31T19:06:14","modified_gmt":"2026-08-31T19:06:14","slug":"macron-i-sverige-historisk-forsvarsavtale-er-signert","status":"publish","type":"post","link":"https:\/\/www.europesays.com\/no\/339387\/","title":{"rendered":"Macron i Sverige \u2013 historisk forsvarsavtale er signert"},"content":{"rendered":"<p class=\"kicker t16 tm16 font-NotoSans\" style=\"\">Verden<\/p>\n<p class=\"subtitle font-NotoSans\" style=\"\">Sverige og Frankrike har inng\u00e5tt en historisk forsvarsavtale. Sverige skal blant annet kj\u00f8pe fire franske fregatter til en verdi av 47 milliarder svenske kroner.<\/p>\n<p>Frankrikes president Emmanuel Macron tok turen til Stockholm for \u00e5 v\u00e6re til stede under signeringsseremonien. Ogs\u00e5 Sveriges statsminister Ulf Kristersson var til stede da landenes forsvarsministre signerte avtalen mandag ettermiddag. Det skjedde om bord p\u00e5 en FDI-fregatt av samme type som Sverige skal kj\u00f8pe. Krigsskipene skal leveres i 2030.<\/p>\n<p>\u2013 Dette viser et historisk skritt i samarbeidet mellom v\u00e5re land, sa Macron da han m\u00f8tte pressen sammen med Kristersson.<\/p>\n<p>De to skal ogs\u00e5 signere en egen avtale om utvidet forsvarssamarbeid, men det er ikke kjent hva den inneholder, skriver <a href=\"https:\/\/www.svt.se\/nyheter\/inrikes\/macron-besoker-sverige-rykten-om-kryssningsrobotar-helt-annan-formaga\" id=\"b8beb1e2-3bd1-4a97-8320-4b3016a08836\" rel=\"nofollow noopener\" target=\"_blank\">SVT<\/a>.<\/p>\n<p>\u2013 Det er ikke bare en avtale som signeres i dag, vi bygger ogs\u00e5 et dypere samarbeid mellom Sverige og Frankrike for \u00e5 styrke den europeiske s\u00f8ylen i Nato i lang tid framover, sa Kristersson.<\/p>\n<p>Den norske regjeringen besluttet i fjor \u00e5 kj\u00f8pe fregatter fra Storbritannia.<\/p>\n","protected":false},"excerpt":{"rendered":"Verden Sverige og Frankrike har inng\u00e5tt en historisk forsvarsavtale. Sverige skal blant annet kj\u00f8pe fire franske fregatter til&hellip;\n","protected":false},"author":2,"featured_media":339388,"comment_status":"","ping_status":"","sticky":false,"template":"","format":"standard","meta":{"footnotes":"","_share_on_mastodon":"0"},"categories":[12],"tags":[20,21,24,25,15,22,23,13,30,28,29,14,16,26,27,42,43,44,45],"class_list":["post-339387","post","type-post","status-publish","format-standard","has-post-thumbnail","category-verden","tag-breaking-news","tag-breakingnews","tag-featured-news","tag-featurednews","tag-headlines","tag-latest-news","tag-latestnews","tag-news","tag-no","tag-norge","tag-norway","tag-nyheter","tag-overskrifter","tag-top-stories","tag-topstories","tag-verden","tag-world","tag-world-news","tag-worldnews"],"share_on_mastodon":{"url":"https:\/\/pubeurope.com\/@no\/117191690490706378","error":""},"_links":{"self":[{"href":"https:\/\/www.europesays.com\/no\/wp-json\/wp\/v2\/posts\/339387","targetHints":{"allow":["GET"]}}],"collection":[{"href":"https:\/\/www.europesays.com\/no\/wp-json\/wp\/v2\/posts"}],"about":[{"href":"https:\/\/www.europesays.com\/no\/wp-json\/wp\/v2\/types\/post"}],"author":[{"embeddable":true,"href":"https:\/\/www.europesays.com\/no\/wp-json\/wp\/v2\/users\/2"}],"replies":[{"embeddable":true,"href":"https:\/\/www.europesays.com\/no\/wp-json\/wp\/v2\/comments?post=339387"}],"version-history":[{"count":0,"href":"https:\/\/www.europesays.com\/no\/wp-json\/wp\/v2\/posts\/339387\/revisions"}],"wp:featuredmedia":[{"embeddable":true,"href":"https:\/\/www.europesays.com\/no\/wp-json\/wp\/v2\/media\/339388"}],"wp:attachment":[{"href":"https:\/\/www.europesays.com\/no\/wp-json\/wp\/v2\/media?parent=339387"}],"wp:term":[{"taxonomy":"category","embeddable":true,"href":"https:\/\/www.europesays.com\/no\/wp-json\/wp\/v2\/categories?post=339387"},{"taxonomy":"post_tag","embeddable":true,"href":"https:\/\/www.europesays.com\/no\/wp-json\/wp\/v2\/tags?post=339387"}],"curies":[{"name":"wp","href":"https:\/\/api.w.org\/{rel}","templated":true}]}}