{"id":339401,"date":"2026-08-31T19:22:20","date_gmt":"2026-08-31T19:22:20","guid":{"rendered":"https:\/\/www.europesays.com\/no\/339401\/"},"modified":"2026-08-31T19:22:20","modified_gmt":"2026-08-31T19:22:20","slug":"vaer-mosjoen-dette-vaeret-kan-du-forvente-deg-framover","status":"publish","type":"post","link":"https:\/\/www.europesays.com\/no\/339401\/","title":{"rendered":"V\u00e6r, Mosj\u00f8en | Dette v\u00e6ret kan du forvente deg framover"},"content":{"rendered":"\n<p>Statsmeteorolog Iris Hestnes oppsummerer den kommende v\u00e6ruka med litt humring i stemmen slik:<\/p>\n<p>\u2013 Litt vekslende.<\/p>\n<p>\u2013 Ganske mange sm\u00e5 lavtrykk som spinner rundt<\/p>\n<p>For det vil stort sett veksle, gjerne daglig, mellom bygev\u00e6r og oppholds.\u00a0<\/p>\n<p>\u2013 Akkurat n\u00e5 er det ganske bra, men det er vel ikke fryktelig lenge f\u00f8r det kommer et nedb\u00f8rsomr\u00e5de fra s\u00f8r som vil gi litt regn, sier hun mandag ettermiddag.\u00a0<\/p>\n<p>Dette f\u00f8lger oss inn til tirsdag ettermiddag, der det n\u00e5 ser ut til \u00e5 bli litt bedre igjen med b\u00e5de lettere skydekke og ganske rolige vindforhold.\u00a0<\/p>\n<p><b>Men som det meste av finv\u00e6r p\u00e5 Helgeland denne sommeren:<\/b><\/p>\n<p><b>\u2013 Det varer dessverre ikke s\u00e5 lenge, sier hun.<\/b><\/p>\n<p>For allerede onsdag ettermiddag vil det komme bygev\u00e6r igjen.\u00a0<\/p>\n<p>\u2013 Det er ganske mange sm\u00e5 lavtrykk som spinner rundt, forklarer Hestnes. Om disse f\u00e5r en annen plassering, vil v\u00e6ret i b\u00e5de Mosj\u00f8en og Sandnessj\u00f8en bli noe annerledes.<\/p>\n<p>\u2013 Det ser ut til at det stort sett er ganske vekslende. Som det ser ut n\u00e5 kan bli en fin fredag og start p\u00e5 l\u00f8rdagen. Det blir ogs\u00e5 mye veksling mellom \u00f8stavind og vestavind.\u00a0<\/p>\n<p>\u2013 Kan vi sl\u00e5 fast at sommeren n\u00e5 er over?<\/p>\n<p>\u2013 Man skal aldri si aldri, men det ligger ikke an \u00e5 bli veldig varme temperaturer med det f\u00f8rste.<\/p>\n<p>    Slipper unna det verste<\/p>\n<p>21-dagersvarselet gir heller ingen oppl\u00f8ftene nyheter for v\u00e6rsjuke helgelendinger. Det er stort sett som denne uka \u2013 varierende. Men pr. n\u00e5 ligger det ikke an til verken \u00e5 bli s\u00e6rlig varmt eller veldig t\u00f8rt.\u00a0<\/p>\n<p>\u2013 Varselet gir en viss indikasjon p\u00e5 at det i hvert fall ikke blir en t\u00f8rr periode. Det indikerer heller ikke at det blir veldig v\u00e5tt. V\u00e6rsystemene som kommer inn framover har ikke s\u00e5 fryktelig store nedb\u00f8rsmengder med seg, sier Hestnes.<\/p>\n<p>Dermed ser det heller ikke ut til at h\u00f8ststormene melder sin ankomst helt enn\u00e5.\u00a0<\/p>\n<p>De aller kraftigste lavtrykkene den n\u00e6rmeste tiden ser n\u00e5 ut til \u00e5 treffe Vestlandet hardest.\u00a0<\/p>\n<p>\u2013 Forel\u00f8pig blir det p\u00e5 Helgeland mer som normalt med stiv kuling, sier hun.<\/p>\n<p><a class=\"brick-c-hOTghF\" href=\"#skip-\">Hopp over karusellen.<\/a><\/p>\n<p data-static=\"\" class=\"brick-c-fgNmNC\" id=\"carousel-title-\">Innholdskarusell med 20 artikler.<\/p>\n<ul data-static=\"\" aria-label=\"Navigasjon for innholdskarusell\" class=\"carousel-nav\">\n<li>\n<\/li>\n<li>\n<\/li>\n<\/ul>\n<p>  <a href=\"https:\/\/www.helg.no\/80-24-2125\" class=\"related-teaser has-image article--c-MkAkR\" rel=\"nofollow noopener\" target=\"_blank\"><\/p>\n<p>    <img decoding=\"async\" width=\"155\"  loading=\"lazy\"  src=\"https:\/\/www.europesays.com\/no\/wp-content\/uploads\/2026\/08\/IMG_4684.JPG\" alt=\"\" class=\"brick-c-cFOWSL\" style=\"\"\/><\/p>\n<p>\n            Les ogs\u00e5<\/p>\n<p>            Merker \u00f8kt p\u00e5gang fra v\u00e6rsyke vefsninger \u2013 men \u00e5 dele seng er ikke tillatt\n        <\/p>\n<p>  <\/a><\/p>\n<p>  <a href=\"https:\/\/www.helg.no\/80-24-8101\" class=\"related-teaser has-image article--c-MkAkR\" rel=\"nofollow noopener\" target=\"_blank\"><\/p>\n<p>    <img decoding=\"async\" width=\"155\"  loading=\"lazy\"  src=\"https:\/\/www.europesays.com\/no\/wp-content\/uploads\/2026\/08\/DJI_20260507094807_0159_D.jpg\" alt=\"\" class=\"brick-c-cFOWSL\" style=\"\"\/><\/p>\n<p>\n            Les ogs\u00e5<\/p>\n<p>            Alcoa Mosj\u00f8en sikrer str\u00f8mforsyningen: Starter omfattende kabelprosjekt\n        <\/p>\n<p>  <\/a><\/p>\n<p>  <a href=\"https:\/\/www.helg.no\/80-24-7942\" class=\"related-teaser has-image article--c-MkAkR\" rel=\"nofollow noopener\" target=\"_blank\"><\/p>\n<p>    <img decoding=\"async\" width=\"155\"  loading=\"lazy\"  src=\"https:\/\/www.europesays.com\/no\/wp-content\/uploads\/2026\/08\/TEF01599.jpg\" alt=\"\" class=\"brick-c-cFOWSL\" style=\"\"\/><\/p>\n<p>\n            Les ogs\u00e5<\/p>\n<p>            Daglig leder sykmeldt: Styret tar over drifta i Mosj\u00f8en N\u00e6ringsforening\n        <\/p>\n<p>  <\/a><\/p>\n","protected":false},"excerpt":{"rendered":"Statsmeteorolog Iris Hestnes oppsummerer den kommende v\u00e6ruka med litt humring i stemmen slik: \u2013 Litt vekslende. \u2013 Ganske&hellip;\n","protected":false},"author":2,"featured_media":339402,"comment_status":"","ping_status":"","sticky":false,"template":"","format":"standard","meta":{"footnotes":"","_share_on_mastodon":"0"},"categories":[10],"tags":[36,20,21,24,25,2450,197,15,22,23,2688,1068,13,30,28,29,14,16,1953,1510,26,27,553,1203],"class_list":["post-339401","post","type-post","status-publish","format-standard","has-post-thumbnail","category-norge","tag-art","tag-breaking-news","tag-breakingnews","tag-featured-news","tag-featurednews","tag-grane","tag-hattfjelldal","tag-headlines","tag-latest-news","tag-latestnews","tag-leirfjord","tag-mosjoen","tag-news","tag-no","tag-norge","tag-norway","tag-nyheter","tag-overskrifter","tag-sandnessjoen","tag-story","tag-top-stories","tag-topstories","tag-vaer","tag-vefsn"],"share_on_mastodon":{"url":"https:\/\/pubeurope.com\/@no\/117191754225264182","error":""},"_links":{"self":[{"href":"https:\/\/www.europesays.com\/no\/wp-json\/wp\/v2\/posts\/339401","targetHints":{"allow":["GET"]}}],"collection":[{"href":"https:\/\/www.europesays.com\/no\/wp-json\/wp\/v2\/posts"}],"about":[{"href":"https:\/\/www.europesays.com\/no\/wp-json\/wp\/v2\/types\/post"}],"author":[{"embeddable":true,"href":"https:\/\/www.europesays.com\/no\/wp-json\/wp\/v2\/users\/2"}],"replies":[{"embeddable":true,"href":"https:\/\/www.europesays.com\/no\/wp-json\/wp\/v2\/comments?post=339401"}],"version-history":[{"count":0,"href":"https:\/\/www.europesays.com\/no\/wp-json\/wp\/v2\/posts\/339401\/revisions"}],"wp:featuredmedia":[{"embeddable":true,"href":"https:\/\/www.europesays.com\/no\/wp-json\/wp\/v2\/media\/339402"}],"wp:attachment":[{"href":"https:\/\/www.europesays.com\/no\/wp-json\/wp\/v2\/media?parent=339401"}],"wp:term":[{"taxonomy":"category","embeddable":true,"href":"https:\/\/www.europesays.com\/no\/wp-json\/wp\/v2\/categories?post=339401"},{"taxonomy":"post_tag","embeddable":true,"href":"https:\/\/www.europesays.com\/no\/wp-json\/wp\/v2\/tags?post=339401"}],"curies":[{"name":"wp","href":"https:\/\/api.w.org\/{rel}","templated":true}]}}