{"id":339407,"date":"2026-08-31T19:37:14","date_gmt":"2026-08-31T19:37:14","guid":{"rendered":"https:\/\/www.europesays.com\/no\/339407\/"},"modified":"2026-08-31T19:37:14","modified_gmt":"2026-08-31T19:37:14","slug":"oslo-utelivet-bremset-etter-kong-haralds-bortgang","status":"publish","type":"post","link":"https:\/\/www.europesays.com\/no\/339407\/","title":{"rendered":"Oslo-utelivet bremset etter Kong Haralds bortgang"},"content":{"rendered":"<p class=\"kicker bg-cyan color_mobile_bg-cyan text-black hasTextPadding mobile-hasTextPadding hasTextColor\" style=\"\">Utelivet:\u00a0<\/p>\n<p class=\"subtitle \" style=\"\">Oslofolk tok en grav\u00f8l, men droppet dansegulvet. Flere utesteder merket at nattelivet ble dempet etter kong Haralds bortgang.<\/p>\n<p>\n    STILLERE ENN VANLIG: Utestedene i hovedstaden opplevde en markant nedgang av bes\u00f8kende i helgen. Dette bildet er tatt ved en annen anledning. Foto: NTB\n  <\/p>\n<p>    Kort fortalt<\/p>\n<p>Kong Haralds bortgang la en demper p\u00e5 Oslos uteliv.\u00a0<\/p>\n<p>Pubene hadde fortsatt gjester, men nattklubbene ble roligere.<\/p>\n<p>Noho, som driver rundt 25 utesteder i Oslo, melder om 8,47 prosent lavere omsetning.<\/p>\n<p>Byoslo, som st\u00e5r bak flere kjente utesteder i hovedstaden, forteller om markant endring og flere avbestillinger fra st\u00f8rre grupper.<\/p>\n<p class=\"italic ai-disclaimer\" data-lab-italic=\"italic\">Sammendraget er laget av ChatGPT og godkjent av DinSide.<\/p>\n<p>      Vis mer<br \/>\n      Vis mindre<\/p>\n<p>Fredag kom beskjeden om kong Haralds bortgang. I Oslo merket flere utesteder raskt at helga fikk en annen stemning.<\/p>\n<p>Folk tok fortsatt turen p\u00e5 pub. Men den store ansamlingen av folk p\u00e5 utesteden, som normalt preger l\u00f8rdagene, uteble.<\/p>\n<p>&#8211; Det har ikke v\u00e6rt s\u00e5nn party-party, sier NoHo-sjef Karl-Henning Fahlstr\u00f8m Svendsen, til DinSide.<\/p>\n<p>        BLOMSTERHAV: Brannvesenet oppfordrer de som kommer til Slottsplassen om \u00e5 ikke plassere blomster tett ved lysene. Video: Emma Sofie S\u00f8rli <\/p>\n<p>Han leder Noho Norway, som eier og drifter rundt 25 utesteder i Oslo. Blant stedene deres er Kulturhuset, Torggata Camping, Oslo Camping, The Dubliner, Raadhuset Bar og Youngs.<\/p>\n<p>&#8211; Jeg tror folk tok det litt med ro. Vi ser at nattklubbene har v\u00e6rt stille, pubene har v\u00e6rt omtrent som tidligere, og restaurantene har v\u00e6rt litt ned.\u00a0<\/p>\n<p>    <a itemprop=\"url\" href=\"https:\/\/www.seher.no\/kongelig\/slottet-deler-nye-private-bilder\/85089474\" rel=\"nofollow noopener\" target=\"_blank\"><\/p>\n<p>        <img loading=\"lazy\" decoding=\"async\" src=\"https:\/\/www.europesays.com\/no\/wp-content\/uploads\/2026\/08\/85089410.webp\" width=\"180\" height=\"81\" alt=\"\" class=\"lazyload\" style=\"--aspect-ratio-image: 2.22; \"\/><\/p>\n<p>        Slottet deler nye private bilder<\/p>\n<p>    <\/a><\/p>\n<p>Utelivet br\u00e5bremset\t<\/p>\n<p>Hos Noho falt omsetningen 8,47 prosent fra torsdag til s\u00f8ndag.<\/p>\n<p>&#8211; Helgene f\u00f8r dette har v\u00e6rt ganske stabile, s\u00e5 nedgangen er reell, sier Svendsen.<\/p>\n<p>Han beskriver ikke byen som tom, men dempet.<\/p>\n<p>        <img loading=\"lazy\" decoding=\"async\" src=\"https:\/\/www.europesays.com\/no\/wp-content\/uploads\/2026\/08\/85081223.webp\" width=\"686\" height=\"460\" alt=\"\" class=\"\" style=\"--aspect-ratio-image: 1.49; \"\/><\/p>\n<p>\n        DEMPET HELG: Folk samlet seg p\u00e5 Slottsplassen fredag kveld etter at b\u00e5ren med kong Harald ble kj\u00f8rt til Slottet. Samme kveld merket flere utesteder i Oslo at stemninga i byen endret seg. Foto: Terje Pedersen \/ NTB\n    <\/p>\n<p>&#8211; Nattklubbene har v\u00e6rt stille, pubene har v\u00e6rt omtrent som tidligere, og restaurantene har v\u00e6rt litt ned, sier han.<\/p>\n<p>At folk tok det roligere, overrasker ham ikke.<\/p>\n<p>&#8211; Nei, jeg hadde h\u00e5pet og forventet det. Det er vel fint \u00e5 hedre kong Harald.<\/p>\n<p>    <a itemprop=\"url\" href=\"https:\/\/www.dagbladet.no\/kjendis\/far-vaere-med-skulle-bare-mangle\/85089059\" rel=\"nofollow noopener\" target=\"_blank\"><\/p>\n<p>        <img loading=\"lazy\" decoding=\"async\" src=\"https:\/\/www.europesays.com\/no\/wp-content\/uploads\/2026\/08\/85089044.webp\" width=\"180\" height=\"81\" alt=\"\" class=\"lazyload\" style=\"--aspect-ratio-image: 2.22; \"\/><\/p>\n<p>        F\u00e5r v\u00e6re med: &#8211; Skulle bare mangle<\/p>\n<p>    <\/a><\/p>\n<p>&#8211; Folk tok veldig hensyn\t<\/p>\n<p>Ogs\u00e5 Byoslo Group merket at helga ble annerledes. De st\u00e5r bak flere kjente steder i Oslo. Blant dem er Justisen, BA3, Libertine Vinbar, F6 Cocktailbar og Michaels.<\/p>\n<p>Medeier i selskapet, Jama Awaleh, forteller om en tydelig roligere helg.<\/p>\n<p>&#8211; Det var en markant nedgang. De siste nattetimene var det heller ikke s\u00e5 mye av de seine festene, sier han til DinSide.<\/p>\n<p>If\u00f8lge Awaleh tok l\u00f8rdagen seg noe opp, men heller ikke da var stemninga som vanlig.<\/p>\n<p>&#8211; Man merket at noe skjedde. Folk tok veldig hensyn, sier han.<\/p>\n<p>    <a itemprop=\"url\" href=\"https:\/\/www.dagbladet.no\/nyheter\/okt-pagang-mange-er-overrumplet\/85084681\" rel=\"nofollow noopener\" target=\"_blank\"><\/p>\n<p>        <img loading=\"lazy\" decoding=\"async\" src=\"https:\/\/www.europesays.com\/no\/wp-content\/uploads\/2026\/08\/85077068.webp\" width=\"180\" height=\"81\" alt=\"\" class=\"lazyload\" style=\"--aspect-ratio-image: 2.22; \"\/><\/p>\n<p>        \u00d8kt p\u00e5gang: &#8211; Mange er overrumplet<\/p>\n<p>    <\/a><\/p>\n<p>Avlyste st\u00f8rre grupper\t<\/p>\n<p> Byoslo Group merket ogs\u00e5 at flere st\u00f8rre grupper droppet planene sine.<\/p>\n<p>&#8211; Allerede p\u00e5 torsdag begynte de \u00e5 tikke inn, og fredagen eksploderte det med kanselleringer av st\u00f8rre grupper, sier Awaleh.<\/p>\n<p>Han mener det p\u00e5virker mer enn bare enkeltsteder.<\/p>\n<p>&#8211; Det gj\u00f8r ogs\u00e5 noe med det totale bybildet i helgene, sier han.<\/p>\n<p>Awaleh er ikke overrasket over at folk tok hensyn. Selv husker han stemninga da kong Olav d\u00f8de.<\/p>\n<p>&#8211; Jeg husker jo da jeg var barn, da kong Olav gikk bort. Det var ganske dempet da. Det skulle bare mangle, egentlig, sier han.<\/p>\n<p>    <a itemprop=\"url\" href=\"https:\/\/www.dagbladet.no\/nyheter\/beskjed-til-norges-nye-konge-invitasjonen-star\/85076187\" rel=\"nofollow noopener\" target=\"_blank\"><\/p>\n<p>        <img loading=\"lazy\" decoding=\"async\" src=\"https:\/\/www.europesays.com\/no\/wp-content\/uploads\/2026\/08\/1788205034_232_85077069.webp\" width=\"180\" height=\"81\" alt=\"\" class=\"lazyload\" style=\"--aspect-ratio-image: 2.22; \"\/><\/p>\n<p>        Invitert: &#8211; Hadde v\u00e6rt hyggelig<\/p>\n<p>    <\/a><\/p>\n<p>Tror det kan vare\t<\/p>\n<p>Svendsen vil ikke sl\u00e5 fast hvordan utelivet blir framover, men tror ogs\u00e5 neste helg kan bli rolig.<\/p>\n<p>&#8211; Det blir vanskelig \u00e5 spekulere i hva som skjer, men det skjer jo ganske mye n\u00e5. Jeg vil tippe at neste helg ogs\u00e5 blir en rolig helg.<\/p>\n<p>NoHo-sjefen mener likevel det er rom for \u00e5 m\u00f8tes ute, ogs\u00e5 i ei s\u00f8rgetid.<\/p>\n<p>&#8211; Kanskje det er greit \u00e5 v\u00e6re litt sosial og ta en grav\u00f8l og mimre litt. Det er helt innafor det ogs\u00e5, sier Svendsen.<\/p>\n","protected":false},"excerpt":{"rendered":"Utelivet:\u00a0 Oslofolk tok en grav\u00f8l, men droppet dansegulvet. Flere utesteder merket at nattelivet ble dempet etter kong Haralds&hellip;\n","protected":false},"author":2,"featured_media":339408,"comment_status":"","ping_status":"","sticky":false,"template":"","format":"standard","meta":{"footnotes":"","_share_on_mastodon":"0"},"categories":[10],"tags":[20,21,24,25,1176,728,15,2590,22,23,13,30,28,29,14,636,16,26,27,3119],"class_list":["post-339407","post","type-post","status-publish","format-standard","has-post-thumbnail","category-norge","tag-breaking-news","tag-breakingnews","tag-featured-news","tag-featurednews","tag-fest","tag-fritid","tag-headlines","tag-kong-harald","tag-latest-news","tag-latestnews","tag-news","tag-no","tag-norge","tag-norway","tag-nyheter","tag-oslo","tag-overskrifter","tag-top-stories","tag-topstories","tag-uteliv"],"share_on_mastodon":{"url":"https:\/\/pubeurope.com\/@no\/117191812831662043","error":""},"_links":{"self":[{"href":"https:\/\/www.europesays.com\/no\/wp-json\/wp\/v2\/posts\/339407","targetHints":{"allow":["GET"]}}],"collection":[{"href":"https:\/\/www.europesays.com\/no\/wp-json\/wp\/v2\/posts"}],"about":[{"href":"https:\/\/www.europesays.com\/no\/wp-json\/wp\/v2\/types\/post"}],"author":[{"embeddable":true,"href":"https:\/\/www.europesays.com\/no\/wp-json\/wp\/v2\/users\/2"}],"replies":[{"embeddable":true,"href":"https:\/\/www.europesays.com\/no\/wp-json\/wp\/v2\/comments?post=339407"}],"version-history":[{"count":0,"href":"https:\/\/www.europesays.com\/no\/wp-json\/wp\/v2\/posts\/339407\/revisions"}],"wp:featuredmedia":[{"embeddable":true,"href":"https:\/\/www.europesays.com\/no\/wp-json\/wp\/v2\/media\/339408"}],"wp:attachment":[{"href":"https:\/\/www.europesays.com\/no\/wp-json\/wp\/v2\/media?parent=339407"}],"wp:term":[{"taxonomy":"category","embeddable":true,"href":"https:\/\/www.europesays.com\/no\/wp-json\/wp\/v2\/categories?post=339407"},{"taxonomy":"post_tag","embeddable":true,"href":"https:\/\/www.europesays.com\/no\/wp-json\/wp\/v2\/tags?post=339407"}],"curies":[{"name":"wp","href":"https:\/\/api.w.org\/{rel}","templated":true}]}}