{"id":339421,"date":"2026-08-31T20:05:15","date_gmt":"2026-08-31T20:05:15","guid":{"rendered":"https:\/\/www.europesays.com\/no\/339421\/"},"modified":"2026-08-31T20:05:15","modified_gmt":"2026-08-31T20:05:15","slug":"han-var-sjef-for-de-voldelige-ice-agentene-na-frykter-han-for-livet","status":"publish","type":"post","link":"https:\/\/www.europesays.com\/no\/339421\/","title":{"rendered":"Han var sjef for de voldelige ICE-agentene. N\u00e5 frykter han for livet."},"content":{"rendered":"<p class=\"extendedContent hyperion-css-eyn926\" data-test-tag=\"lead-text\">Greg Bovino fikk sparken etter de voldelige ukene i Minneapolis i vinter. I et nytt intervju kommer han med oppsiktsvekkende uttalelser om Trumps immigrasjonspolitikk. Flere av dem er uriktige.<\/p>\n<p><img decoding=\"async\" class=\"image-asset hyperion-css-xjaw3j\" data-test-tag=\"image-asset\" src=\"https:\/\/www.europesays.com\/no\/wp-content\/uploads\/2026\/08\/92671c31-66a6-3408-9e27-f5927ed2d35c.jpeg\"  alt=\"\"  loading=\"eager\" fetchpriority=\"high\" style=\"aspect-ratio:2048 \/ 1366\"\/> Foto: Jen Golbeck \/ AP \/ NTB<\/p>\n<p>Publisert: 31.08.2026 21:28<\/p>\n<p class=\"paywall hyperion-css-1j42uic\">\u2013 Om jeg tror at de \u00f8nsker meg d\u00f8d akkurat n\u00e5? Absolutt.<\/p>\n<p class=\"paywall hyperion-css-1j42uic\">Greg Bovino (56) har den samme milit\u00e6re h\u00e5rsveisen som han ble kjent for i vinter. Da var han kommand\u00f8r for 4000 agenter fra grensepolitiet og immigrasjonspolitiet ICE i et iskaldt Minneapolis. Agentene fremsto som soldater og spredte frykt og raseri mens de jaktet p\u00e5 ulovlige immigranter. To amerikanske statsborgere, Ren\u00e9e Good og Alex Pretti, ble drept av grensepolitiet f\u00f8r operasjonen ble avbl\u00e5st.<\/p>\n<p class=\"hyperion-css-1qm9e9t\">Les hele saken med abonnement<\/p>\n<p>Allerede abonnent? Logg inn<\/p>\n","protected":false},"excerpt":{"rendered":"Greg Bovino fikk sparken etter de voldelige ukene i Minneapolis i vinter. I et nytt intervju kommer han&hellip;\n","protected":false},"author":2,"featured_media":339422,"comment_status":"","ping_status":"","sticky":false,"template":"","format":"standard","meta":{"footnotes":"","_share_on_mastodon":"0"},"categories":[12],"tags":[20,21,24,25,15,22,23,13,30,28,29,14,16,26,27,42,43,44,45],"class_list":["post-339421","post","type-post","status-publish","format-standard","has-post-thumbnail","category-verden","tag-breaking-news","tag-breakingnews","tag-featured-news","tag-featurednews","tag-headlines","tag-latest-news","tag-latestnews","tag-news","tag-no","tag-norge","tag-norway","tag-nyheter","tag-overskrifter","tag-top-stories","tag-topstories","tag-verden","tag-world","tag-world-news","tag-worldnews"],"share_on_mastodon":{"url":"https:\/\/pubeurope.com\/@no\/117191923026961843","error":""},"_links":{"self":[{"href":"https:\/\/www.europesays.com\/no\/wp-json\/wp\/v2\/posts\/339421","targetHints":{"allow":["GET"]}}],"collection":[{"href":"https:\/\/www.europesays.com\/no\/wp-json\/wp\/v2\/posts"}],"about":[{"href":"https:\/\/www.europesays.com\/no\/wp-json\/wp\/v2\/types\/post"}],"author":[{"embeddable":true,"href":"https:\/\/www.europesays.com\/no\/wp-json\/wp\/v2\/users\/2"}],"replies":[{"embeddable":true,"href":"https:\/\/www.europesays.com\/no\/wp-json\/wp\/v2\/comments?post=339421"}],"version-history":[{"count":0,"href":"https:\/\/www.europesays.com\/no\/wp-json\/wp\/v2\/posts\/339421\/revisions"}],"wp:featuredmedia":[{"embeddable":true,"href":"https:\/\/www.europesays.com\/no\/wp-json\/wp\/v2\/media\/339422"}],"wp:attachment":[{"href":"https:\/\/www.europesays.com\/no\/wp-json\/wp\/v2\/media?parent=339421"}],"wp:term":[{"taxonomy":"category","embeddable":true,"href":"https:\/\/www.europesays.com\/no\/wp-json\/wp\/v2\/categories?post=339421"},{"taxonomy":"post_tag","embeddable":true,"href":"https:\/\/www.europesays.com\/no\/wp-json\/wp\/v2\/tags?post=339421"}],"curies":[{"name":"wp","href":"https:\/\/api.w.org\/{rel}","templated":true}]}}