{"id":339429,"date":"2026-08-31T20:12:10","date_gmt":"2026-08-31T20:12:10","guid":{"rendered":"https:\/\/www.europesays.com\/no\/339429\/"},"modified":"2026-08-31T20:12:10","modified_gmt":"2026-08-31T20:12:10","slug":"canadas-forsvar-a-pakalle-gud-blir-forbudt-under-seremonier","status":"publish","type":"post","link":"https:\/\/www.europesays.com\/no\/339429\/","title":{"rendered":"Canadas forsvar: \u00c5 p\u00e5kalle Gud blir forbudt under seremonier"},"content":{"rendered":"<p>\n        UT MED GUD: Veteraner og p\u00e5r\u00f8rende deltar under minnedagen for falne soldater i Canada, der nye regler krever religi\u00f8st n\u00f8ytrale \u00e5ndelige refleksjoner.<br \/>\n        Spencer Colby \/ AP \/ NTB\n    <\/p>\n<p class=\"subtitle \" style=\"\">Framover m\u00e5 feltprester i stedet for \u00e5 be eller snakke om Gud holde en religionsn\u00f8ytral \u00ab\u00e5ndelig refleksjon\u00bb.<\/p>\n<p>Det kommer fram i <a href=\" https:\/\/www.canada.ca\/en\/department-national-defence\/corporate\/policies-standards\/canadian-forces-military-personnel-instructions\/spiritual-reflections-in-military-settings.html\" target=\"_blank\">et nytt direktiv <\/a>fra den canadiske forsvarsledelsen, som ble utstedt 29. juli.<\/p>\n<p>Reglene gjelder n\u00e5r ansatte i forsvaret uttaler seg offentlig som representanter for Canadas v\u00e6pnede styrker. Da skal de ikke bruke ord, handlinger eller symboler som er knyttet til en bestemt religion eller livssynstradisjon.<\/p>\n<p>\u00ab\u00c5ndelige refleksjoner skal ikke bruke religionsspesifikt spr\u00e5k, inkludert henvisninger til Gud\u00bb, heter det i direktivet.<\/p>\n","protected":false},"excerpt":{"rendered":"UT MED GUD: Veteraner og p\u00e5r\u00f8rende deltar under minnedagen for falne soldater i Canada, der nye regler krever&hellip;\n","protected":false},"author":2,"featured_media":339430,"comment_status":"","ping_status":"","sticky":false,"template":"","format":"standard","meta":{"footnotes":"","_share_on_mastodon":"0"},"categories":[12],"tags":[20,21,24,25,15,22,23,13,30,28,29,14,16,26,27,42,43,44,45],"class_list":["post-339429","post","type-post","status-publish","format-standard","has-post-thumbnail","category-verden","tag-breaking-news","tag-breakingnews","tag-featured-news","tag-featurednews","tag-headlines","tag-latest-news","tag-latestnews","tag-news","tag-no","tag-norge","tag-norway","tag-nyheter","tag-overskrifter","tag-top-stories","tag-topstories","tag-verden","tag-world","tag-world-news","tag-worldnews"],"share_on_mastodon":{"url":"https:\/\/pubeurope.com\/@no\/117191949896656232","error":""},"_links":{"self":[{"href":"https:\/\/www.europesays.com\/no\/wp-json\/wp\/v2\/posts\/339429","targetHints":{"allow":["GET"]}}],"collection":[{"href":"https:\/\/www.europesays.com\/no\/wp-json\/wp\/v2\/posts"}],"about":[{"href":"https:\/\/www.europesays.com\/no\/wp-json\/wp\/v2\/types\/post"}],"author":[{"embeddable":true,"href":"https:\/\/www.europesays.com\/no\/wp-json\/wp\/v2\/users\/2"}],"replies":[{"embeddable":true,"href":"https:\/\/www.europesays.com\/no\/wp-json\/wp\/v2\/comments?post=339429"}],"version-history":[{"count":0,"href":"https:\/\/www.europesays.com\/no\/wp-json\/wp\/v2\/posts\/339429\/revisions"}],"wp:featuredmedia":[{"embeddable":true,"href":"https:\/\/www.europesays.com\/no\/wp-json\/wp\/v2\/media\/339430"}],"wp:attachment":[{"href":"https:\/\/www.europesays.com\/no\/wp-json\/wp\/v2\/media?parent=339429"}],"wp:term":[{"taxonomy":"category","embeddable":true,"href":"https:\/\/www.europesays.com\/no\/wp-json\/wp\/v2\/categories?post=339429"},{"taxonomy":"post_tag","embeddable":true,"href":"https:\/\/www.europesays.com\/no\/wp-json\/wp\/v2\/tags?post=339429"}],"curies":[{"name":"wp","href":"https:\/\/api.w.org\/{rel}","templated":true}]}}