{"id":339433,"date":"2026-08-31T20:20:18","date_gmt":"2026-08-31T20:20:18","guid":{"rendered":"https:\/\/www.europesays.com\/no\/339433\/"},"modified":"2026-08-31T20:20:18","modified_gmt":"2026-08-31T20:20:18","slug":"her-tar-det-svenske-kampflyet-av-for-forste-gang","status":"publish","type":"post","link":"https:\/\/www.europesays.com\/no\/339433\/","title":{"rendered":"Her tar det svenske kampflyet av for f\u00f8rste gang"},"content":{"rendered":"<p>Fredag i forrige uke fl\u00f8y et Saab Gripen F-fly for aller f\u00f8rste gang. Det dreier seg om toseterutgaven av Gripen E, den nyeste generasjonen av det svenske kampflyet.\u00a0<\/p>\n<p><a href=\"https:\/\/www.saab.com\/newsroom\/press-releases\/2026\/gripen-f-completes-its-first-flight\" target=\"_blank\" rel=\"noopener nofollow\">If\u00f8lge Saab<\/a> tok flyet av fra selskapets eget flyfelt i Link\u00f6ping i Sverige og var i luften i omtrent 40 minutter f\u00f8r det landet igjen.\u00a0<\/p>\n<p>Flygningen ble gjennomf\u00f8rt av Saabs sjefstestpilot Jakob H\u00f6gberg og Abdon de Rezende Vasconcelos, som er oberstl\u00f8ytnant og testpilot i Brasils luftforsvar.\u00a0<\/p>\n<p>Til Brasil<\/p>\n<p>If\u00f8lge Saab er Gripen F resultatet av et partnerskap mellom Brasil og Sverige. Brasils luftforsvar har bestilt \u00e5tte slike fly. Det f\u00f8rste av disse flyene, som er det samme som fl\u00f8y fredag, ble offisielt vist fram <a href=\"https:\/\/www.tu.no\/artikler\/brasil-far-verdens-forste-moderne-gripen-fly-med-to-seter\/572992\" target=\"_blank\" rel=\"noopener nofollow\">tidligere i sommer<\/a>.\u00a0<\/p>\n<p>Framover skal testprogrammet gradvis utvides, der flyets ytelsesgrenser pr\u00f8ves ut trinn for trinn. Det inkluderer hastighet, h\u00f8yde, G-belastning og angrepsvinkel.\u00a0<\/p>\n<p><img decoding=\"async\" width=\"860\" class=\" md:max-w-body-wide cursor-pointer\" src=\"https:\/\/www.europesays.com\/no\/wp-content\/uploads\/2026\/08\/Gripen%20F.jpg\"  alt=\"Saab Gripen F tok av for f\u00f8rste gang 28. august 2026. Foto: \u00a0Saab\" loading=\"lazy\"\/>Saab Gripen F tok av for f\u00f8rste gang 28. august 2026. Foto: \u00a0Saab <\/p>\n<p>\u2013 Den f\u00f8rste flygningen er et viktig skritt videre for b\u00e5de Saab og det brasilianske flyv\u00e5penet. \u00c5 se Gripen F ta av, er spesielt betydningsfullt for alle de svenske og brasilianske team som gjennom sine \u00e5r med ingeni\u00f8rarbeid har bidratt til \u00e5 gj\u00f8re dette flyet til virkelighet. Det er utformet for \u00e5 akselerere treningen av piloter og forbedre den operative evne i avanserte stridsoppdrag, sier Lars Tossman, sjef for forretningsomr\u00e5det Aeronautics hos Saab, i en pressemelding.<\/p>\n<p>I tillegg til Brasil har ogs\u00e5 Colombia og Thailand bestilt Gripen F-fly. Sverige har derimot ikke bestilt noen nye Gripen-fly med to seter. I oppl\u00e6ringen av nye piloter brukes i stedet eldre Gripen-fly og <a href=\"https:\/\/www.saab.com\/markets\/india\/gripen-for-india\/technology\/inside-the-gripen-e-simulator\" target=\"_blank\" rel=\"noopener nofollow\">simulatorer<\/a>.\u00a0<\/p>\n<p><a class=\"group clear-both w-full !no-underline my-8 sm:my-12 bg-stone-50 dark:bg-brandStone-700 dark:text-brandNeutral-100 flex items-stretch flex-nowrap\" href=\"https:\/\/www.tu.no\/artikler\/belgia-skal-endelig-sende-f-16-fly-til-ukraina\/573778\" rel=\"nofollow noopener\" target=\"_blank\"><img decoding=\"async\" class=\" object-cover h-full w-full transition-transform duration-700 ease-in-out group-hover:scale-[1.05] will-change-transform\" src=\"https:\/\/www.europesays.com\/no\/wp-content\/uploads\/2026\/08\/Belgisk%20F-16.jpg\"  alt=\"Belgia skal donere F-16-fly til Ukraina. Her tar et belgisk F-16 av fra \u00d8rland flystasjon under \u00f8velse Ramstein Flag 2026 denne uka.\" loading=\"lazy\"\/><\/p>\n<p>Les ogs\u00e5:<\/p>\n<p class=\"group-hover:underline text-brandNeutral-900 dark:text-brandNeutral-100 mt-2 text-base sm:text-xl leading-5 sm:leading-6 font-bold\">Skal endelig sende F-16-fly til Ukraina<\/p>\n<p><\/a><\/p>\n","protected":false},"excerpt":{"rendered":"Fredag i forrige uke fl\u00f8y et Saab Gripen F-fly for aller f\u00f8rste gang. Det dreier seg om toseterutgaven&hellip;\n","protected":false},"author":2,"featured_media":339434,"comment_status":"","ping_status":"","sticky":false,"template":"","format":"standard","meta":{"footnotes":"","_share_on_mastodon":"0"},"categories":[12],"tags":[20,21,24,25,226,15,9605,23070,22,23,13,30,28,29,14,16,26,27,42,43,44,45],"class_list":["post-339433","post","type-post","status-publish","format-standard","has-post-thumbnail","category-verden","tag-breaking-news","tag-breakingnews","tag-featured-news","tag-featurednews","tag-forsvar","tag-headlines","tag-jas-39-gripen","tag-kampfly","tag-latest-news","tag-latestnews","tag-news","tag-no","tag-norge","tag-norway","tag-nyheter","tag-overskrifter","tag-top-stories","tag-topstories","tag-verden","tag-world","tag-world-news","tag-worldnews"],"share_on_mastodon":{"url":"https:\/\/pubeurope.com\/@no\/117191982004167641","error":""},"_links":{"self":[{"href":"https:\/\/www.europesays.com\/no\/wp-json\/wp\/v2\/posts\/339433","targetHints":{"allow":["GET"]}}],"collection":[{"href":"https:\/\/www.europesays.com\/no\/wp-json\/wp\/v2\/posts"}],"about":[{"href":"https:\/\/www.europesays.com\/no\/wp-json\/wp\/v2\/types\/post"}],"author":[{"embeddable":true,"href":"https:\/\/www.europesays.com\/no\/wp-json\/wp\/v2\/users\/2"}],"replies":[{"embeddable":true,"href":"https:\/\/www.europesays.com\/no\/wp-json\/wp\/v2\/comments?post=339433"}],"version-history":[{"count":0,"href":"https:\/\/www.europesays.com\/no\/wp-json\/wp\/v2\/posts\/339433\/revisions"}],"wp:featuredmedia":[{"embeddable":true,"href":"https:\/\/www.europesays.com\/no\/wp-json\/wp\/v2\/media\/339434"}],"wp:attachment":[{"href":"https:\/\/www.europesays.com\/no\/wp-json\/wp\/v2\/media?parent=339433"}],"wp:term":[{"taxonomy":"category","embeddable":true,"href":"https:\/\/www.europesays.com\/no\/wp-json\/wp\/v2\/categories?post=339433"},{"taxonomy":"post_tag","embeddable":true,"href":"https:\/\/www.europesays.com\/no\/wp-json\/wp\/v2\/tags?post=339433"}],"curies":[{"name":"wp","href":"https:\/\/api.w.org\/{rel}","templated":true}]}}