{"id":339445,"date":"2026-08-31T20:37:09","date_gmt":"2026-08-31T20:37:09","guid":{"rendered":"https:\/\/www.europesays.com\/no\/339445\/"},"modified":"2026-08-31T20:37:09","modified_gmt":"2026-08-31T20:37:09","slug":"reuters-krisemaling-for-donald-trump","status":"publish","type":"post","link":"https:\/\/www.europesays.com\/no\/339445\/","title":{"rendered":"Reuters: Krisem\u00e5ling for Donald Trump"},"content":{"rendered":"<p>President Donald Trumps oppslutning er n\u00e5 p\u00e5 det laveste niv\u00e5et i hans politiske karriere, viser en ny m\u00e5ling fra Reuters.<\/p>\n<p>Bare 33 prosent av amerikanerne sier at de godkjenner jobben han gj\u00f8r i Det hvite hus.<\/p>\n<p>\u2013 Trump gj\u00f8r det d\u00e5rligere enn alle presidenter i moderne tid, sier USA-ekspert Eirik L\u00f8kke.\u00a0<\/p>\n<p>\u2013 Gavepakke til Demokratene\u00a0<\/p>\n<p>Velgerne er s\u00e6rlig misforn\u00f8yde med Trumps krig mot Iran. Bare 36 prosent av amerikanerne st\u00f8tter krigen, if\u00f8lge Reuters.\u00a0<\/p>\n<p>Samtidig sier 71 prosent at de er misforn\u00f8yde med hvordan han h\u00e5ndterer \u00f8kte levekostnader \u2013 og det inkluderer rundt fire av ti republikanere.\u00a0<\/p>\n<p>For f\u00f8rste gang p\u00e5 omtrent ti \u00e5r mener registrerte velgere at Demokratene har bedre \u00f8konomiske l\u00f8sninger enn Republikanerne.<\/p>\n<p>Misn\u00f8yen med Trump er d\u00e5rlig reklame for Republikanerne inn mot mellomvalget i november.<\/p>\n<p>\u2013 Trump har sagt at han for alvor n\u00e5 skal g\u00e5 inn i valgkampen. Det er en gavepakke til Demokratene, sier USA-ekspert L\u00f8kke.\u00a0<\/p>\n<p>\u2013 Kjempealvorlig for republikanerne<\/p>\n<p>L\u00f8kke mener Trump \u00f8delegger for Republikanerne ved \u00e5 v\u00e6re s\u00e5 synlig. Trump burde heller tatt et steg til side.<\/p>\n<p>\u2013 Trumps d\u00e5rlige m\u00e5linger forsterker problemene for partiet. De kommer til \u00e5 tape b\u00e5de Representantenes hus og Senatet s\u00e5nn som det ser ut n\u00e5, sier L\u00f8kke.\u00a0<\/p>\n<p>Mange stemte p\u00e5 Trump p\u00e5 grunn av hans lovnader om at vanlige folk skulle f\u00e5 det bedre. Men kostnadene har bare \u00f8kt, og krigen mot Iran har bidratt til dette.\u00a0<\/p>\n<p>Skulle Republikanerne tape i begge husene, vil Trump slite med \u00e5 f\u00e5 gjennom sin politikk.<\/p>\n<p>\u2013 Det er kjempealvorlig for republikanerne, og mye av det er Trumps skyld, sier L\u00f8kke.\u00a0<\/p>\n","protected":false},"excerpt":{"rendered":"President Donald Trumps oppslutning er n\u00e5 p\u00e5 det laveste niv\u00e5et i hans politiske karriere, viser en ny m\u00e5ling&hellip;\n","protected":false},"author":2,"featured_media":339446,"comment_status":"","ping_status":"","sticky":false,"template":"","format":"standard","meta":{"footnotes":"","_share_on_mastodon":"0"},"categories":[12],"tags":[20,21,24,25,15,22,23,13,30,28,29,14,16,26,27,42,43,44,45],"class_list":["post-339445","post","type-post","status-publish","format-standard","has-post-thumbnail","category-verden","tag-breaking-news","tag-breakingnews","tag-featured-news","tag-featurednews","tag-headlines","tag-latest-news","tag-latestnews","tag-news","tag-no","tag-norge","tag-norway","tag-nyheter","tag-overskrifter","tag-top-stories","tag-topstories","tag-verden","tag-world","tag-world-news","tag-worldnews"],"share_on_mastodon":{"url":"https:\/\/pubeurope.com\/@no\/117192048165484670","error":""},"_links":{"self":[{"href":"https:\/\/www.europesays.com\/no\/wp-json\/wp\/v2\/posts\/339445","targetHints":{"allow":["GET"]}}],"collection":[{"href":"https:\/\/www.europesays.com\/no\/wp-json\/wp\/v2\/posts"}],"about":[{"href":"https:\/\/www.europesays.com\/no\/wp-json\/wp\/v2\/types\/post"}],"author":[{"embeddable":true,"href":"https:\/\/www.europesays.com\/no\/wp-json\/wp\/v2\/users\/2"}],"replies":[{"embeddable":true,"href":"https:\/\/www.europesays.com\/no\/wp-json\/wp\/v2\/comments?post=339445"}],"version-history":[{"count":0,"href":"https:\/\/www.europesays.com\/no\/wp-json\/wp\/v2\/posts\/339445\/revisions"}],"wp:featuredmedia":[{"embeddable":true,"href":"https:\/\/www.europesays.com\/no\/wp-json\/wp\/v2\/media\/339446"}],"wp:attachment":[{"href":"https:\/\/www.europesays.com\/no\/wp-json\/wp\/v2\/media?parent=339445"}],"wp:term":[{"taxonomy":"category","embeddable":true,"href":"https:\/\/www.europesays.com\/no\/wp-json\/wp\/v2\/categories?post=339445"},{"taxonomy":"post_tag","embeddable":true,"href":"https:\/\/www.europesays.com\/no\/wp-json\/wp\/v2\/tags?post=339445"}],"curies":[{"name":"wp","href":"https:\/\/api.w.org\/{rel}","templated":true}]}}