{"id":339455,"date":"2026-08-31T20:45:15","date_gmt":"2026-08-31T20:45:15","guid":{"rendered":"https:\/\/www.europesays.com\/no\/339455\/"},"modified":"2026-08-31T20:45:15","modified_gmt":"2026-08-31T20:45:15","slug":"miljo-sport-na-far-banen-en-oppgradering-fullstendig-bruksforbud","status":"publish","type":"post","link":"https:\/\/www.europesays.com\/no\/339455\/","title":{"rendered":"Milj\u00f8, Sport | N\u00e5 f\u00e5r banen en oppgradering: \u2013 Fullstendig bruksforbud"},"content":{"rendered":"\n<p>Bogafjell IL deler p\u00e5 sine Facebook-sider at banen deres skal f\u00e5 en etterlengtet oppgradering.<\/p>\n<p>\u2013 Etter flere \u00e5r med l\u00f8ping, taklinger, jubelscener og sannsynligvis noen kilo plastgranulat p\u00e5 avveie, f\u00e5r vi n\u00e5 en splitter ny bane, skriver fotballaget i innlegget.<\/p>\n<p>Den nye banen skal v\u00e6re helt fri for plastgranulat, og klubben tenker dette er godt nytt for b\u00e5de milj\u00f8et og vaskemaskinen.<\/p>\n<p>\u2013 Det betyr gode nyheter b\u00e5de for milj\u00f8et og for alle som har lurt p\u00e5 hvorfor vaskemaskinen plutselig h\u00f8res ut som en sementblander etter en fotballtrening, skriver klubben.<\/p>\n<p>   <img decoding=\"async\" width=\"2925\" height=\"1950\" fetchpriority=\"low\"  loading=\"lazy\"  src=\"https:\/\/www.europesays.com\/no\/wp-content\/uploads\/2026\/08\/ac9daf1c-b889-4863-bf3c-ce6dd9c13308.bin.jpeg\" alt=\"\" class=\"brick-c-cFOWSL\" style=\"--brick-image-ratio: 2925 \/ 1950;\"\/><\/p>\n<p>      Det er dette som ikke lenger skal ligge p\u00e5 den nye banen p\u00e5 Bogafjell.<br \/>\n      Foto: Frode Olsen\n    <\/p>\n<p>  Fullstendig bruksforbud<\/p>\n<p>Mens den nye banen etableres vil det v\u00e6re strengt forbudt \u00e5 ta den i bruk.<\/p>\n<p>\u2013 Selv om det kan v\u00e6re fristende \u00e5 ta en pr\u00f8verunde, er det fullstendig bruksforbud p\u00e5 banen frem til offisiell \u00e5pning. Det gjelder ogs\u00e5 \u00e5 g\u00e5 p\u00e5 banen. Det foreg\u00e5r blant annet liming og annet arbeid som gj\u00f8r at underlaget m\u00e5 f\u00e5 v\u00e6re helt i fred for at resultatet skal bli best mulig, skriver klubben.<\/p>\n<p>Ogs\u00e5 etter at banen st\u00e5r ferdig vil det v\u00e6re noen kj\u00f8reregler for hvordan den nye banen skal holde seg lengst mulig.<\/p>\n<p>\u2013 N\u00e5r banen st\u00e5r ferdig, h\u00e5per vi alle bidrar til \u00e5 holde den fin s\u00e5 lenge som mulig. Vi spiller p\u00e5 lag, b\u00e5de p\u00e5 og utenfor banen.<\/p>\n<p>Klubben minner om at ingen sykler, elsparkesykler eller hunder skal p\u00e5 banen. De gleder seg til \u00e5 invitere til offisiell \u00e5pning, men frem til dette s\u00e5 ber de folk v\u00e6re t\u00e5lmodige.<\/p>\n<p>\u2013 La limet jobbe i fred, og la den nye banen f\u00e5 sin debut n\u00e5r den faktisk er klar<\/p>\n<p><b>I 2019 var bydelsutvalget p\u00e5 Bogafjell bekymret for at store mengder med granulat havnet ut i naturen.<\/b><\/p>\n<p>  <a href=\"https:\/\/www.sandnesposten.no\/5-105-111512\" class=\"related-teaser has-image article--c-MkAkR\" rel=\"nofollow noopener\" target=\"_blank\"><\/p>\n<p>    <img decoding=\"async\" width=\"155\"  loading=\"lazy\"  src=\"https:\/\/www.europesays.com\/no\/wp-content\/uploads\/2026\/08\/5f2b1435-0a12-4feb-b882-61e2a2a1a65f.bin.jpeg\" alt=\"\" class=\"brick-c-cFOWSL\" style=\"\"\/><\/p>\n<p>\n            Les ogs\u00e5<\/p>\n<p>            Frykter milj\u00f8bombe p\u00e5 Bogafjell\n        <\/p>\n<p>  <\/a><\/p>\n","protected":false},"excerpt":{"rendered":"Bogafjell IL deler p\u00e5 sine Facebook-sider at banen deres skal f\u00e5 en etterlengtet oppgradering. \u2013 Etter flere \u00e5r&hellip;\n","protected":false},"author":2,"featured_media":339456,"comment_status":"","ping_status":"","sticky":false,"template":"","format":"standard","meta":{"footnotes":"","_share_on_mastodon":"0"},"categories":[12],"tags":[36,12050,20,21,24,25,92,15,22,23,2540,13,30,28,29,14,16,83,1510,26,27,42,43,44,45],"class_list":["post-339455","post","type-post","status-publish","format-standard","has-post-thumbnail","category-verden","tag-art","tag-bogafjell","tag-breaking-news","tag-breakingnews","tag-featured-news","tag-featurednews","tag-fotball","tag-headlines","tag-latest-news","tag-latestnews","tag-miljo","tag-news","tag-no","tag-norge","tag-norway","tag-nyheter","tag-overskrifter","tag-sport","tag-story","tag-top-stories","tag-topstories","tag-verden","tag-world","tag-world-news","tag-worldnews"],"share_on_mastodon":{"url":"https:\/\/pubeurope.com\/@no\/117192080404803486","error":""},"_links":{"self":[{"href":"https:\/\/www.europesays.com\/no\/wp-json\/wp\/v2\/posts\/339455","targetHints":{"allow":["GET"]}}],"collection":[{"href":"https:\/\/www.europesays.com\/no\/wp-json\/wp\/v2\/posts"}],"about":[{"href":"https:\/\/www.europesays.com\/no\/wp-json\/wp\/v2\/types\/post"}],"author":[{"embeddable":true,"href":"https:\/\/www.europesays.com\/no\/wp-json\/wp\/v2\/users\/2"}],"replies":[{"embeddable":true,"href":"https:\/\/www.europesays.com\/no\/wp-json\/wp\/v2\/comments?post=339455"}],"version-history":[{"count":0,"href":"https:\/\/www.europesays.com\/no\/wp-json\/wp\/v2\/posts\/339455\/revisions"}],"wp:featuredmedia":[{"embeddable":true,"href":"https:\/\/www.europesays.com\/no\/wp-json\/wp\/v2\/media\/339456"}],"wp:attachment":[{"href":"https:\/\/www.europesays.com\/no\/wp-json\/wp\/v2\/media?parent=339455"}],"wp:term":[{"taxonomy":"category","embeddable":true,"href":"https:\/\/www.europesays.com\/no\/wp-json\/wp\/v2\/categories?post=339455"},{"taxonomy":"post_tag","embeddable":true,"href":"https:\/\/www.europesays.com\/no\/wp-json\/wp\/v2\/tags?post=339455"}],"curies":[{"name":"wp","href":"https:\/\/api.w.org\/{rel}","templated":true}]}}