{"id":339461,"date":"2026-08-31T20:54:19","date_gmt":"2026-08-31T20:54:19","guid":{"rendered":"https:\/\/www.europesays.com\/no\/339461\/"},"modified":"2026-08-31T20:54:19","modified_gmt":"2026-08-31T20:54:19","slug":"bent-erik-har-verda-som-arbeidsplass-det-er-ein-livsstil","status":"publish","type":"post","link":"https:\/\/www.europesays.com\/no\/339461\/","title":{"rendered":"Bent-Erik har verda som arbeidsplass: \u2013 Det er ein livsstil"},"content":{"rendered":"<p><img decoding=\"async\" src=\"https:\/\/www.europesays.com\/no\/wp-content\/uploads\/2026\/08\/3adbe1a1-ad9a-3425-a14d-a452210c2161.jpeg\" alt=\"\" class=\"loaded\"\/><br \/>\n  Bent-Erik Fl\u00f8 har drive eige spedit\u00f8rverksemd sidan 2013, og har gjennom fleire ti\u00e5r opparbeidd seg eit enormt kontaktnett kring om i verda. Ulsteiningen brenn for service og frakt, og er tilgjengeleg d\u00f8gnet rundt for kundar fr\u00e5 heile verda.<br \/>\n  <strong>Foto:<\/strong> Ole-Ottar H\u00f8gstavoll.<\/p>\n<p class=\"lead\">Fr\u00e5 heimekontoret i Ulsteinvik organiserer Bent-Erik Fl\u00f8 transport av varer til alle verdshj\u00f8rne. For BEF Shipping-gr\u00fcnderen handlar logistikk om langt meir enn fly, bilar og skip.<\/p>\n","protected":false},"excerpt":{"rendered":"Bent-Erik Fl\u00f8 har drive eige spedit\u00f8rverksemd sidan 2013, og har gjennom fleire ti\u00e5r opparbeidd seg eit enormt kontaktnett&hellip;\n","protected":false},"author":2,"featured_media":339462,"comment_status":"","ping_status":"","sticky":false,"template":"","format":"standard","meta":{"footnotes":"","_share_on_mastodon":"0"},"categories":[12],"tags":[20,21,10790,24,25,15,2052,22,23,1604,13,30,28,29,14,16,26,27,1121,881,42,43,44,45],"class_list":["post-339461","post","type-post","status-publish","format-standard","has-post-thumbnail","category-verden","tag-breaking-news","tag-breakingnews","tag-den-maritime-klynga","tag-featured-news","tag-featurednews","tag-headlines","tag-internasjonal","tag-latest-news","tag-latestnews","tag-nettverk","tag-news","tag-no","tag-norge","tag-norway","tag-nyheter","tag-overskrifter","tag-top-stories","tag-topstories","tag-ulstein","tag-ulsteinvik","tag-verden","tag-world","tag-world-news","tag-worldnews"],"share_on_mastodon":{"url":"https:\/\/pubeurope.com\/@no\/117192115813690969","error":""},"_links":{"self":[{"href":"https:\/\/www.europesays.com\/no\/wp-json\/wp\/v2\/posts\/339461","targetHints":{"allow":["GET"]}}],"collection":[{"href":"https:\/\/www.europesays.com\/no\/wp-json\/wp\/v2\/posts"}],"about":[{"href":"https:\/\/www.europesays.com\/no\/wp-json\/wp\/v2\/types\/post"}],"author":[{"embeddable":true,"href":"https:\/\/www.europesays.com\/no\/wp-json\/wp\/v2\/users\/2"}],"replies":[{"embeddable":true,"href":"https:\/\/www.europesays.com\/no\/wp-json\/wp\/v2\/comments?post=339461"}],"version-history":[{"count":0,"href":"https:\/\/www.europesays.com\/no\/wp-json\/wp\/v2\/posts\/339461\/revisions"}],"wp:featuredmedia":[{"embeddable":true,"href":"https:\/\/www.europesays.com\/no\/wp-json\/wp\/v2\/media\/339462"}],"wp:attachment":[{"href":"https:\/\/www.europesays.com\/no\/wp-json\/wp\/v2\/media?parent=339461"}],"wp:term":[{"taxonomy":"category","embeddable":true,"href":"https:\/\/www.europesays.com\/no\/wp-json\/wp\/v2\/categories?post=339461"},{"taxonomy":"post_tag","embeddable":true,"href":"https:\/\/www.europesays.com\/no\/wp-json\/wp\/v2\/tags?post=339461"}],"curies":[{"name":"wp","href":"https:\/\/api.w.org\/{rel}","templated":true}]}}