{"id":339473,"date":"2026-08-31T21:01:13","date_gmt":"2026-08-31T21:01:13","guid":{"rendered":"https:\/\/www.europesays.com\/no\/339473\/"},"modified":"2026-08-31T21:01:13","modified_gmt":"2026-08-31T21:01:13","slug":"putin-xi-og-andre-mektige-menn-samlet-til-toppmote-i-sentral-asia-2","status":"publish","type":"post","link":"https:\/\/www.europesays.com\/no\/339473\/","title":{"rendered":"Putin, Xi og andre mektige menn samlet til toppm\u00f8te i Sentral-Asia"},"content":{"rendered":"<p class=\"extendedContent hyperion-css-eyn926\" data-test-tag=\"lead-text\">En rekke statsledere, som alle \u00f8nsker mer innflytelse p\u00e5 bekostning av USA, m\u00f8ttes mandag til toppm\u00f8te i Kirgisistan.<\/p>\n<p>Russlands president Vladimir Putin (t.v.) og Kinas president Xi Jinping m\u00f8ttes p\u00e5 sidelinjen av toppm\u00f8tet.<\/p>\n<p>1 av 2Foto: Kristina Solovyova \/ Sputnik \/ Kremlin Pool Photo via AP<\/p>\n<p>Publisert: 31.08.2026 18:18<\/p>\n<p class=\"paywall hyperion-css-1j42uic\">Blant deltakerne p\u00e5 det to dager lange m\u00f8tet er Russlands president Vladimir Putin, Kinas president Xi Jinping, Indias statsminister Narendra Modi og Irans president Masoud Pezeshkian.<\/p>\n<p class=\"paywall hyperion-css-1j42uic\">M\u00f8tet holdes i regi av Shanghai samarbeidsorganisasjon (SCO), som ble stiftet i 2001, og som har ti asiatiske og sentralasiatiske medlemsland, samt enkelte land som har status som dialogpartner, som Tyrkia.<\/p>\n<p class=\"paywall hyperion-css-1j42uic\">Xi og Putin hadde mandag et eget m\u00f8te der de blant annet diskuterte Ukraina-krigen, men temaet opptok ikke mye tid, if\u00f8lge Kremls talsperson Dmitrij Peskov. Andre saker var viktigere, framholdt han. De to m\u00f8ttes sist i mai.<\/p>\n<p class=\"paywall hyperion-css-1j42uic\">Denne gangen fastslo Xi at \u00abusikkerheten og uforutsigbarheten har \u00f8kt\u00bb, mens Putin insisterte p\u00e5 at \u00absamarbeidet utvikler seg med hell p\u00e5 alle fronter\u00bb.<\/p>\n<p class=\"paywall hyperion-css-1j42uic\">Putin og Modi hadde ogs\u00e5 et eget m\u00f8te. Her insisterte Modi p\u00e5 at India st\u00f8tter ethvert fors\u00f8k p\u00e5 \u00e5 f\u00e5 slutt p\u00e5 krigen i Ukraina.<\/p>\n<p class=\"paywall hyperion-css-1j42uic\">Iran-krigen er ogs\u00e5 blant temaene, og Irans president hadde mandag egne m\u00f8ter med flere andre ledere, blant annet Putin og Modi.<\/p>\n<p class=\"paywall hyperion-css-1j42uic\">Pezeshkian gjentok budskapet om at Iran \u00f8nsker en avtale med USA slik at krigen kan ta slutt.<\/p>\n<p class=\"paywall hyperion-css-1j42uic\">\u2013 \u00c5 fortsette krigen er verken i v\u00e5r interesse eller i interessen til noen andre i regionen, sa han da han m\u00f8tte Modi.<\/p>\n","protected":false},"excerpt":{"rendered":"En rekke statsledere, som alle \u00f8nsker mer innflytelse p\u00e5 bekostning av USA, m\u00f8ttes mandag til toppm\u00f8te i Kirgisistan.&hellip;\n","protected":false},"author":2,"featured_media":339474,"comment_status":"","ping_status":"","sticky":false,"template":"","format":"standard","meta":{"footnotes":"","_share_on_mastodon":"0"},"categories":[12],"tags":[20,21,24,25,15,22,23,13,30,28,29,14,16,26,27,42,43,44,45],"class_list":["post-339473","post","type-post","status-publish","format-standard","has-post-thumbnail","category-verden","tag-breaking-news","tag-breakingnews","tag-featured-news","tag-featurednews","tag-headlines","tag-latest-news","tag-latestnews","tag-news","tag-no","tag-norge","tag-norway","tag-nyheter","tag-overskrifter","tag-top-stories","tag-topstories","tag-verden","tag-world","tag-world-news","tag-worldnews"],"share_on_mastodon":{"url":"https:\/\/pubeurope.com\/@no\/117192142952264232","error":""},"_links":{"self":[{"href":"https:\/\/www.europesays.com\/no\/wp-json\/wp\/v2\/posts\/339473","targetHints":{"allow":["GET"]}}],"collection":[{"href":"https:\/\/www.europesays.com\/no\/wp-json\/wp\/v2\/posts"}],"about":[{"href":"https:\/\/www.europesays.com\/no\/wp-json\/wp\/v2\/types\/post"}],"author":[{"embeddable":true,"href":"https:\/\/www.europesays.com\/no\/wp-json\/wp\/v2\/users\/2"}],"replies":[{"embeddable":true,"href":"https:\/\/www.europesays.com\/no\/wp-json\/wp\/v2\/comments?post=339473"}],"version-history":[{"count":0,"href":"https:\/\/www.europesays.com\/no\/wp-json\/wp\/v2\/posts\/339473\/revisions"}],"wp:featuredmedia":[{"embeddable":true,"href":"https:\/\/www.europesays.com\/no\/wp-json\/wp\/v2\/media\/339474"}],"wp:attachment":[{"href":"https:\/\/www.europesays.com\/no\/wp-json\/wp\/v2\/media?parent=339473"}],"wp:term":[{"taxonomy":"category","embeddable":true,"href":"https:\/\/www.europesays.com\/no\/wp-json\/wp\/v2\/categories?post=339473"},{"taxonomy":"post_tag","embeddable":true,"href":"https:\/\/www.europesays.com\/no\/wp-json\/wp\/v2\/tags?post=339473"}],"curies":[{"name":"wp","href":"https:\/\/api.w.org\/{rel}","templated":true}]}}