{"id":339479,"date":"2026-08-31T21:10:19","date_gmt":"2026-08-31T21:10:19","guid":{"rendered":"https:\/\/www.europesays.com\/no\/339479\/"},"modified":"2026-08-31T21:10:19","modified_gmt":"2026-08-31T21:10:19","slug":"mann-pagrepet-etter-skyting-pa-rave-festival-i-sveits","status":"publish","type":"post","link":"https:\/\/www.europesays.com\/no\/339479\/","title":{"rendered":"Mann p\u00e5grepet etter skyting p\u00e5 rave-festival i Sveits"},"content":{"rendered":"<p class=\"kicker t16 tm16 font-NotoSans\" style=\"\">Verden<\/p>\n<p class=\"subtitle font-NotoSans\" style=\"\">En mann i 40-\u00e5rene er p\u00e5grepet for masseskytingen p\u00e5 en rave-festival i den sveitsiske byen Aarau. En 22 \u00e5r gammel italiensk kvinne ble drept.<\/p>\n<p>Det er sveitsisk politi som opplyser om p\u00e5gripelsen.<\/p>\n<p>Masseskytingen skjedde i 2.30-tiden natt til s\u00f8ndag p\u00e5 rave-festivalen Aarau Rave VOL. 7 p\u00e5 en travbane i byen.<\/p>\n<p>En 22 \u00e5r gammel italiensk kvinne ble drept p\u00e5 stedet, og fire menn og en kvinne, alle mellom 24 og 27 \u00e5r, ble skadet. Alle ble innlagt p\u00e5 sykehus, noen av dem med alvorlige skader.<\/p>\n<p>If\u00f8lge politiet er det for tidlig \u00e5 si noe om motivet bak ugjerningen. Det er ikke fastsl\u00e5tt at det dreier seg om et terrorangrep, og politiet etterforsker hypoteser om en mulig sl\u00e5sskamp.<\/p>\n<p>Politiet har uttalt at de forel\u00f8pig antar at det var \u00e9n enkelt gjerningsperson som sto bak skytingen.<\/p>\n","protected":false},"excerpt":{"rendered":"Verden En mann i 40-\u00e5rene er p\u00e5grepet for masseskytingen p\u00e5 en rave-festival i den sveitsiske byen Aarau. En&hellip;\n","protected":false},"author":2,"featured_media":339480,"comment_status":"","ping_status":"","sticky":false,"template":"","format":"standard","meta":{"footnotes":"","_share_on_mastodon":"0"},"categories":[12],"tags":[20,21,24,25,15,22,23,13,30,28,29,14,16,26,27,42,43,44,45],"class_list":["post-339479","post","type-post","status-publish","format-standard","has-post-thumbnail","category-verden","tag-breaking-news","tag-breakingnews","tag-featured-news","tag-featurednews","tag-headlines","tag-latest-news","tag-latestnews","tag-news","tag-no","tag-norge","tag-norway","tag-nyheter","tag-overskrifter","tag-top-stories","tag-topstories","tag-verden","tag-world","tag-world-news","tag-worldnews"],"share_on_mastodon":{"url":"https:\/\/pubeurope.com\/@no\/117192178051835874","error":""},"_links":{"self":[{"href":"https:\/\/www.europesays.com\/no\/wp-json\/wp\/v2\/posts\/339479","targetHints":{"allow":["GET"]}}],"collection":[{"href":"https:\/\/www.europesays.com\/no\/wp-json\/wp\/v2\/posts"}],"about":[{"href":"https:\/\/www.europesays.com\/no\/wp-json\/wp\/v2\/types\/post"}],"author":[{"embeddable":true,"href":"https:\/\/www.europesays.com\/no\/wp-json\/wp\/v2\/users\/2"}],"replies":[{"embeddable":true,"href":"https:\/\/www.europesays.com\/no\/wp-json\/wp\/v2\/comments?post=339479"}],"version-history":[{"count":0,"href":"https:\/\/www.europesays.com\/no\/wp-json\/wp\/v2\/posts\/339479\/revisions"}],"wp:featuredmedia":[{"embeddable":true,"href":"https:\/\/www.europesays.com\/no\/wp-json\/wp\/v2\/media\/339480"}],"wp:attachment":[{"href":"https:\/\/www.europesays.com\/no\/wp-json\/wp\/v2\/media?parent=339479"}],"wp:term":[{"taxonomy":"category","embeddable":true,"href":"https:\/\/www.europesays.com\/no\/wp-json\/wp\/v2\/categories?post=339479"},{"taxonomy":"post_tag","embeddable":true,"href":"https:\/\/www.europesays.com\/no\/wp-json\/wp\/v2\/tags?post=339479"}],"curies":[{"name":"wp","href":"https:\/\/api.w.org\/{rel}","templated":true}]}}