{"id":339485,"date":"2026-08-31T21:18:20","date_gmt":"2026-08-31T21:18:20","guid":{"rendered":"https:\/\/www.europesays.com\/no\/339485\/"},"modified":"2026-08-31T21:18:20","modified_gmt":"2026-08-31T21:18:20","slug":"kommentar-kong-harald-er-mer-enn-et-symbol-for-norske-soldater","status":"publish","type":"post","link":"https:\/\/www.europesays.com\/no\/339485\/","title":{"rendered":"Kommentar: Kong Harald er mer enn et symbol for norske soldater"},"content":{"rendered":"\n<p class=\"_prefix_nfjwc_1 layout-padded\">Meninger<br \/>Kommentar<\/p>\n<p class=\"_lead_145nj_2 _lead_6fko5_53 layout-component text-serif-m layout-normal text-serif-l _lead_1k67c_21 layout-component layout-normal layout-padded layout-padded\">For norske soldater er kongen mer enn et symbol. Det forst\u00e5r man kanskje f\u00f8rst n\u00e5r man tar p\u00e5 seg kongens kl\u00e6r.<\/p>\n<p>Utenrikskommentator i VG som har jobbet med diplomati, sikkerhet og humanit\u00e6re sp\u00f8rsm\u00e5l i to ti\u00e5r. <\/p>\n<p>Jeg har blant annet jobbet i Forsvaret, ved den norske ambassaden, i FN og for internasjonale organisasjoner. <\/p>\n<p>Jeg har bodd i Midt\u00f8sten, S\u00f8r-Asia, Afrikas Horn og USA, og har operativ erfaring fra flere krigs- og konfliktomr\u00e5der. <\/p>\n<p>Jeg har en mastergrad i sikkerhetsstudier fra King\u2019s College London. Jeg skriver fra Oslo og Washington DC.  <\/p>\n<p><a href=\"https:\/\/www.vg.no\/nyheter\/i\/K8q8JX\/mailto:ayesha.wolasmal@schibsted.com\" class=\"_button_6bkpv_2 button-label-large _filled_6bkpv_106 _button_1xhag_75\" rel=\"nofollow noopener\" target=\"_blank\">E-post<\/a><img alt=\"HM Kong Harald bes\u00f8kte 07.03.16 vinter\u00f8velsen Cold Response i Tr\u00f8ndelag. Foto: Torbj\u00f8rn Kjosvold \/ Forsvaret\" class=\"_image_jw3bv_65 layout-component layout-wide\" data-fullscreen- data-track-element-type=\"Article image fullscreen\" data-track-name=\"ImageFullscreen\" fetchpriority=\"high\" decoding=\"sync\" loading=\"eager\" height=\"3141\" itemprop=\"image\"  src=\"https:\/\/www.europesays.com\/no\/wp-content\/uploads\/2026\/08\/629281b0-9440-3eea-b15a-268ca6551aad.jpeg\"  style=\"object-position:0% 0%\" width=\"4799\"\/>HM Kong Harald bes\u00f8kte 07.03.16 vinter\u00f8velsen Cold Response i Tr\u00f8ndelag. Foto: Torbj\u00f8rn Kjosvold \/ ForsvaretMandag 31. august kl. 21:59     <\/p>\n<p class=\"_paragraph_145nj_4 _paragraph_6fko5_10 layout-component text-serif-m layout-normal text-serif-m layout-padded\">Jeg husker f\u00f8rste gang jeg tok p\u00e5 meg Forsvarets \u00f8rkenuniform. I utenlandstjeneste for Norge.<\/p>\n<p class=\"_paragraph_145nj_4 _paragraph_6fko5_10 layout-component text-serif-m layout-normal text-serif-m layout-padded\">Med uniformen p\u00e5 kroppen og det norske flagget p\u00e5 skulderen sank alvoret inn.<\/p>\n<p class=\"_paragraph_145nj_4 _paragraph_6fko5_10 layout-component text-serif-m layout-normal text-serif-m layout-padded\">Jeg var ikke i tvil om hvem jeg var i tjeneste for i Kongens kl\u00e6r. Det var den lune, st\u00f8dige og kloke mannen hele Norge hadde vokst opp med.<\/p>\n<p><img alt=\"Kong Harald, oktober 2005  Foto: Jan-Morten Bj\u00f8rnbakk \/ NTB\" class=\"_image_jw3bv_65 layout-component layout-normal\" data-fullscreen- data-track-element-type=\"Article image fullscreen\" data-track-name=\"ImageFullscreen\" decoding=\"async\" loading=\"lazy\" height=\"2080\" itemprop=\"image\"  src=\"https:\/\/www.europesays.com\/no\/wp-content\/uploads\/2026\/08\/1f2c3da4-1ddd-3393-88da-990502a2ccc8.jpeg\"  style=\"object-position:0% 0%\" width=\"2835\"\/>Kong Harald, oktober 2005  Foto: Jan-Morten Bj\u00f8rnbakk \/ NTB<\/p>\n<p class=\"_paragraph_145nj_4 _paragraph_6fko5_10 layout-component text-serif-m layout-normal text-serif-m layout-padded\">For meg hadde Norge ett ansikt.<\/p>\n<p class=\"_paragraph_145nj_4 _paragraph_6fko5_10 layout-component text-serif-m layout-normal text-serif-m layout-padded\">Det var <a href=\"https:\/\/www.vg.no\/tag\/kong-harald?utm_source=vg-article&amp;utm_medium=auto-tagger&amp;utm_campaign=K8q8JX\" class=\"_link_145nj_39\" rel=\"nofollow noopener\" target=\"_blank\">kong Harald<\/a>.<\/p>\n<p class=\"_paragraph_145nj_4 _paragraph_6fko5_10 layout-component text-serif-m layout-normal text-serif-m layout-padded\">Norske soldater dro ikke i krig for en statsminister. Politikere kommer og g\u00e5r. Begrunnelsene for en krig kan ogs\u00e5 endre seg. Det som fremst\u00e5r som n\u00f8dvendig n\u00e5r soldatene sendes ut, kan se annerledes ut i ettertid.<\/p>\n<p class=\"_paragraph_145nj_4 _paragraph_6fko5_10 layout-component text-serif-m layout-normal text-serif-m layout-padded\">Kong Harald ble konge for en ny generasjon nordmenn som ble sendt i krig.<\/p>\n<p><img alt=\"B\u00e5rene med de fire norske drepte soldatene blir fraktet fra Camp Nidaros til flystripen i Mazar-e Sharif i Nord-Afghanistan i 2010. B\u00e5rer sv\u00f8pt i det norske flagg l\u00f8ftes av soldater p\u00e5 hver sin lastebil.  Foto: Gorm Kallestad \/ NTB\" class=\"_image_jw3bv_65 layout-component layout-normal\" data-fullscreen- data-track-element-type=\"Article image fullscreen\" data-track-name=\"ImageFullscreen\" decoding=\"async\" loading=\"lazy\" height=\"2373\" itemprop=\"image\"  src=\"https:\/\/www.europesays.com\/no\/wp-content\/uploads\/2026\/08\/8bce18f9-77cd-332b-9dc6-c4cd24d1b377.jpeg\"  style=\"object-position:0% 0%\" width=\"3396\"\/>B\u00e5rene med de fire norske drepte soldatene blir fraktet fra Camp Nidaros til flystripen i Mazar-e Sharif i Nord-Afghanistan i 2010. B\u00e5rer sv\u00f8pt i det norske flagg l\u00f8ftes av soldater p\u00e5 hver sin lastebil.  Foto: Gorm Kallestad \/ NTB<\/p>\n<p class=\"_paragraph_145nj_4 _paragraph_6fko5_10 layout-component text-serif-m layout-normal text-serif-m layout-padded\">De skj\u00f8t og ble beskutt. De ble s\u00e5ret. Noen kom ikke hjem i live.<\/p>\n<p class=\"_paragraph_145nj_4 _paragraph_6fko5_10 layout-component text-serif-m layout-normal text-serif-m layout-padded\">Og der sto kongen.<\/p>\n<p class=\"_paragraph_145nj_4 _paragraph_6fko5_10 layout-component text-serif-m layout-normal text-serif-m layout-padded\">Kongen er landets \u00f8verste befalingsmann. For oss som har tjenestegjort i Forsvaret, er ikke forholdet til Kongen bare symbolsk. Man g\u00e5r i kongens kl\u00e6r. Man hilser til kongen.<\/p>\n<p><img alt=\"Hans Majestet Kong Harald tenner Forsvarets minnelys under minne- og forb\u00f8nnsgudstjenesten i Akershus slottskirke p\u00e5 Akershus festning i forbindelse med Forsvarets minnedag 2010. Til venstre st\u00e5r Feltprost Alf P.  Foto: Torbj\u00f8rn Kjosvold \/ Forsvaret\" class=\"_image_jw3bv_65 layout-component layout-normal\" data-fullscreen- data-track-element-type=\"Article image fullscreen\" data-track-name=\"ImageFullscreen\" decoding=\"async\" loading=\"lazy\" height=\"2988\" itemprop=\"image\"  src=\"https:\/\/www.europesays.com\/no\/wp-content\/uploads\/2026\/08\/0e649d62-078a-3375-8001-0ea89ab95f36.jpeg\"  style=\"object-position:0% 0%\" width=\"4508\"\/>Hans Majestet Kong Harald tenner Forsvarets minnelys under minne- og forb\u00f8nnsgudstjenesten i Akershus slottskirke p\u00e5 Akershus festning i forbindelse med Forsvarets minnedag 2010. Til venstre st\u00e5r Feltprost Alf P.  Foto: Torbj\u00f8rn Kjosvold \/ Forsvaret<\/p>\n<p class=\"_paragraph_145nj_4 _paragraph_6fko5_10 layout-component text-serif-m layout-normal text-serif-m layout-padded\">Kong Harald m\u00f8tte soldatene. Han m\u00f8tte veteranene og de s\u00e5rede. Han dekorerte dem som hadde utmerket seg i strid. Han m\u00f8tte familiene som ventet hjemme. Han tr\u00f8stet dem som hadde mistet en s\u00f8nn, en datter, en ektefelle eller en forelder.<\/p>\n<p><img alt=\"Kong Harald (t.v.) mottok i audiens Bj\u00f8rg Gjestvang, enken etter Trond Andr\u00e9 Bolle som mottok Krigskorset post mortem, \u2013 og parets s\u00f8nn, H\u00e5kon Bolle p\u00e5 Slottet i 2011.  Foto: Lise \u00c5serud \/ NTB\" class=\"_image_jw3bv_65 layout-component layout-normal\" data-fullscreen- data-track-element-type=\"Article image fullscreen\" data-track-name=\"ImageFullscreen\" decoding=\"async\" loading=\"lazy\" height=\"3140\" itemprop=\"image\"  src=\"https:\/\/www.europesays.com\/no\/wp-content\/uploads\/2026\/08\/057eeb32-8f46-3edf-9e07-12209bf8cf6d.jpeg\"  style=\"object-position:0% 0%\" width=\"4288\"\/>Kong Harald (t.v.) mottok i audiens Bj\u00f8rg Gjestvang, enken etter Trond Andr\u00e9 Bolle som mottok Krigskorset post mortem, \u2013 og parets s\u00f8nn, H\u00e5kon Bolle p\u00e5 Slottet i 2011.  Foto: Lise \u00c5serud \/ NTB<img alt=\"L\u00f8ytnant Lars Kristian Lauritzen mottar krigskorset med sverd av kong Harald. Kongen legger ned krans ved Nasjonalmonumentet og deler ut krigskorset under markeringen av frigj\u00f8ringsdagen og den nasjonale veterandagen, Akershus festning i 2013.  Foto: Cornelius Poppe \/ NTB\" class=\"_image_jw3bv_65 layout-component layout-normal\" data-fullscreen- data-track-element-type=\"Article image fullscreen\" data-track-name=\"ImageFullscreen\" decoding=\"async\" loading=\"lazy\" height=\"3456\" itemprop=\"image\"  src=\"https:\/\/www.europesays.com\/no\/wp-content\/uploads\/2026\/08\/f579066a-012f-3c19-81e1-5c7517b08b41.jpeg\"  style=\"object-position:0% 0%\" width=\"5184\"\/>L\u00f8ytnant Lars Kristian Lauritzen mottar krigskorset med sverd av kong Harald. Kongen legger ned krans ved Nasjonalmonumentet og deler ut krigskorset under markeringen av frigj\u00f8ringsdagen og den nasjonale veterandagen, Akershus festning i 2013.  Foto: Cornelius Poppe \/ NTB<\/p>\n<p class=\"_paragraph_145nj_4 _paragraph_6fko5_10 layout-component text-serif-m layout-normal text-serif-m layout-padded\">P\u00e5 milit\u00e6rbaser, p\u00e5 norske skip og p\u00e5 ambassader rundt om i verden henger bildene av kongeparet.<\/p>\n<p class=\"_paragraph_145nj_4 _paragraph_6fko5_10 layout-component text-serif-m layout-normal text-serif-m layout-padded\">For dem som tjenestegj\u00f8r langt hjemmefra, er bildene en stadig p\u00e5minnelse om hvem vi er der p\u00e5 vegne av.<\/p>\n<p class=\"_paragraph_145nj_4 _paragraph_6fko5_10 layout-component text-serif-m layout-normal text-serif-m layout-padded\">Kongen har sett denne gjengen. Han har snakket om dem i talene sine. Om soldatene, diplomatene og andre som representerer Norge ute i verden.<\/p>\n<p><img alt=\"Kong Harald holder nytt\u00e5rstalen 2023 p\u00e5 Slottet.  Foto: Fredrik Varfjell \/ NTB\" class=\"_image_jw3bv_65 layout-component layout-normal\" data-fullscreen- data-track-element-type=\"Article image fullscreen\" data-track-name=\"ImageFullscreen\" decoding=\"async\" loading=\"lazy\" height=\"4262\" itemprop=\"image\"  src=\"https:\/\/www.europesays.com\/no\/wp-content\/uploads\/2026\/08\/2a4d66f3-cbe9-3a8a-86fa-07bf784d7bf6.jpeg\"  style=\"object-position:0% 0%\" width=\"6393\"\/>Kong Harald holder nytt\u00e5rstalen 2023 p\u00e5 Slottet.  Foto: Fredrik Varfjell \/ NTB<\/p>\n<p class=\"_paragraph_145nj_4 _paragraph_6fko5_10 layout-component text-serif-m layout-normal text-serif-m layout-padded\">Krig er blodig alvor. Det handler om liv og d\u00f8d.<\/p>\n<p class=\"_paragraph_145nj_4 _paragraph_6fko5_10 layout-component text-serif-m layout-normal text-serif-m layout-padded\">Nettopp derfor trenger en soldat en h\u00f8yere himmel. En bevissthet om hva det er vi kjemper for. Om hvem vi representerer.<\/p>\n<p class=\"_paragraph_145nj_4 _paragraph_6fko5_10 layout-component text-serif-m layout-normal text-serif-m layout-padded\">For meg l\u00e5 svaret i kongens kl\u00e6r og i flagget p\u00e5 skulderen.<\/p>\n<p><img alt=\"Norske soldater i \u00f8rkenuniform, Afghanistan, September 2012  Foto: Lise \u00c5serud \/ NTB\" class=\"_image_jw3bv_65 layout-component layout-normal\" data-fullscreen- data-track-element-type=\"Article image fullscreen\" data-track-name=\"ImageFullscreen\" decoding=\"async\" loading=\"lazy\" height=\"3456\" itemprop=\"image\"  src=\"https:\/\/www.europesays.com\/no\/wp-content\/uploads\/2026\/08\/d0083061-9341-3b9b-b39a-86f9e29449d4.jpeg\"  style=\"object-position:0% 0%\" width=\"5184\"\/>Norske soldater i \u00f8rkenuniform, Afghanistan, September 2012  Foto: Lise \u00c5serud \/ NTB<\/p>\n<p class=\"_paragraph_145nj_4 _paragraph_6fko5_10 layout-component text-serif-m layout-normal text-serif-m layout-padded\">Det er kanskje ikke s\u00e5 rart at jeg ofte h\u00f8rer at vi nordmenn er utsatt for en slags positiv, kollektiv indoktrinering.<\/p>\n<p class=\"_paragraph_145nj_4 _paragraph_6fko5_10 layout-component text-serif-m layout-normal text-serif-m layout-padded\">Det er noe i det.<\/p>\n<p class=\"_paragraph_145nj_4 _paragraph_6fko5_10 layout-component text-serif-m layout-normal text-serif-m layout-padded\">F\u00f8r vi vet hvem statsministeren er, vet vi hva en konge er. F\u00f8rst m\u00f8ter vi konger og dronninger, prinser og prinsesser i eventyrene. S\u00e5 oppdager vi at Norge faktisk har en konge p\u00e5 ordentlig.<\/p>\n<p><img alt=\"Kongen og Dronningen p\u00e5 slottsbalkongen  Foto: Frode Hansen \/ VG\" class=\"_image_jw3bv_65 layout-component layout-normal\" data-fullscreen- data-track-element-type=\"Article image fullscreen\" data-track-name=\"ImageFullscreen\" decoding=\"async\" loading=\"lazy\" height=\"3404\" itemprop=\"image\"  src=\"https:\/\/www.europesays.com\/no\/wp-content\/uploads\/2026\/08\/76793c82-4eb1-3f40-86ab-5f2def75e10f.jpeg\"  style=\"object-position:0% 0%\" width=\"5106\"\/>Kongen og Dronningen p\u00e5 slottsbalkongen  Foto: Frode Hansen \/ VG<\/p>\n<p class=\"_paragraph_145nj_4 _paragraph_6fko5_10 layout-component text-serif-m layout-normal text-serif-m layout-padded\">Han bor p\u00e5 Slottet.<\/p>\n<p class=\"_paragraph_145nj_4 _paragraph_6fko5_10 layout-component text-serif-m layout-normal text-serif-m layout-padded\">Og hver 17. mai kommer han ut p\u00e5 balkongen.<\/p>\n<p class=\"_paragraph_145nj_4 _paragraph_6fko5_10 layout-component text-serif-m layout-normal text-serif-m layout-padded\">Vi st\u00e5r nedenfor med flaggene v\u00e5re og ser opp. Vi hilser til kongen. Kongen hilser tilbake.<\/p>\n<p class=\"_paragraph_145nj_4 _paragraph_6fko5_10 layout-component text-serif-m layout-normal text-serif-m layout-padded\">Utlendinger reagerer p\u00e5 nordmenns uanstrengte forhold til det norske flagget.<\/p>\n<p class=\"_paragraph_145nj_4 _paragraph_6fko5_10 layout-component text-serif-m layout-normal text-serif-m layout-padded\">Vi bruker det overalt.<\/p>\n<p><img alt=\"Foto: Espen Sj\u00f8lingstad Hoen \/ VG\" class=\"_image_jw3bv_65 layout-component layout-normal\" data-fullscreen- data-track-element-type=\"Article image fullscreen\" data-track-name=\"ImageFullscreen\" decoding=\"async\" loading=\"lazy\" height=\"3456\" itemprop=\"image\"  src=\"https:\/\/www.europesays.com\/no\/wp-content\/uploads\/2026\/08\/24ed18fe-978a-314b-a5c1-acfe945c9f81.jpeg\"  style=\"object-position:0% 0%\" width=\"5184\"\/>Foto: Espen Sj\u00f8lingstad Hoen \/ VG<\/p>\n<p class=\"_paragraph_145nj_4 _paragraph_6fko5_10 layout-component text-serif-m layout-normal text-serif-m layout-padded\">Noen steder er mennesker nesten blitt redde for sitt eget flagg. Et flagg kan forbindes med erobring og overlegenhet. Det kan bli et politisk signal, en markering av hvem som h\u00f8rer til og hvem som ikke gj\u00f8r det.<\/p>\n<p class=\"_paragraph_145nj_4 _paragraph_6fko5_10 layout-component text-serif-m layout-normal text-serif-m layout-padded\">Slik har jeg aldri opplevd det norske flagget. Hverken p\u00e5 utenlandsoppdrag eller hjemme. <\/p>\n<p class=\"_paragraph_145nj_4 _paragraph_6fko5_10 layout-component text-serif-m layout-normal text-serif-m layout-padded\">For meg har det v\u00e6rt et ufarlig flagg.<\/p>\n<p class=\"_paragraph_145nj_4 _paragraph_6fko5_10 layout-component text-serif-m layout-normal text-serif-m layout-padded\">V\u00e5r nasjonalisme har ikke v\u00e6rt aggressiv.<\/p>\n<p class=\"_paragraph_145nj_4 _paragraph_6fko5_10 layout-component text-serif-m layout-normal text-serif-m layout-padded\">Kong Harald har mye av \u00e6ren for det.<\/p>\n<p><img alt=\"Kong Harald, mai 1993.  Foto: Nicolai Prebensen \/ VG\" class=\"_image_jw3bv_65 layout-component layout-normal\" data-fullscreen- data-track-element-type=\"Article image fullscreen\" data-track-name=\"ImageFullscreen\" decoding=\"async\" loading=\"lazy\" height=\"2163\" itemprop=\"image\"  src=\"https:\/\/www.europesays.com\/no\/wp-content\/uploads\/2026\/08\/39ca687b-6166-30b8-814e-a77d92666723.jpeg\"  style=\"object-position:0% 0%\" width=\"2965\"\/>Kong Harald, mai 1993.  Foto: Nicolai Prebensen \/ VG<\/p>\n<p class=\"_paragraph_145nj_4 _paragraph_6fko5_10 layout-component text-serif-m layout-normal text-serif-m layout-padded\">Og kanskje er det nettopp dette som forklarer stoltheten jeg f\u00f8lte som ung soldat i kongens kl\u00e6r, med flagget p\u00e5 skulderen.<\/p>\n<p class=\"_paragraph_145nj_4 _paragraph_6fko5_10 layout-component text-serif-m layout-normal text-serif-m layout-padded\">Da Nato og de norske styrkene trakk seg ut av Afghanistan i 2021, hang bildet av kongeparet i foajeen p\u00e5 det norskledede milit\u00e6rsykehuset.<\/p>\n<p class=\"_paragraph_145nj_4 _paragraph_6fko5_10 layout-component text-serif-m layout-normal text-serif-m layout-padded\">Rammen var dobbelt s\u00e5 stor som portrettet av Joe Biden, USAs president og v\u00e5r viktigste allierte i krigen mot terror.<\/p>\n<p class=\"_paragraph_145nj_4 _paragraph_6fko5_10 layout-component text-serif-m layout-normal text-serif-m layout-padded\">Det sto ikke helt i forhold til st\u00f8rrelsen p\u00e5 landene v\u00e5re. Norge er et lite land. USA er verdens mektigste milit\u00e6rmakt.<\/p>\n<p class=\"_paragraph_145nj_4 _paragraph_6fko5_10 layout-component text-serif-m layout-normal text-serif-m layout-padded\">Likevel f\u00f8ltes proporsjonene helt riktige.<\/p>\n<p class=\"_paragraph_145nj_4 _paragraph_6fko5_10 layout-component text-serif-m layout-normal text-serif-m layout-padded\">For oss nordmenn var det kongen vi hilste til. Kongeportrettet var det siste vi tok med oss. <\/p>\n<p><img alt=\"I foajeen p\u00e5 den norskledede milit\u00e6rflyplassen i Kabul, Afghanistan.  Foto: Ayesha Wolasmal\" class=\"_image_jw3bv_65 layout-component layout-normal\" data-fullscreen- data-track-element-type=\"Article image fullscreen\" data-track-name=\"ImageFullscreen\" decoding=\"async\" loading=\"lazy\" height=\"1600\" itemprop=\"image\"  src=\"https:\/\/www.europesays.com\/no\/wp-content\/uploads\/2026\/08\/2c594bef-fb45-380a-9e85-5f8a42adc516.jpeg\"  style=\"object-position:0% 0%\" width=\"1200\"\/>I foajeen p\u00e5 den norskledede milit\u00e6rflyplassen i Kabul, Afghanistan.  Foto: Ayesha Wolasmal   Dette er en kommentar. Kommentaren gir uttrykk for skribentens holdning. <\/p>\n","protected":false},"excerpt":{"rendered":"MeningerKommentar For norske soldater er kongen mer enn et symbol. Det forst\u00e5r man kanskje f\u00f8rst n\u00e5r man tar&hellip;\n","protected":false},"author":2,"featured_media":339486,"comment_status":"","ping_status":"","sticky":false,"template":"","format":"standard","meta":{"footnotes":"","_share_on_mastodon":"0"},"categories":[10],"tags":[20,21,24,25,15,26105,474,22,23,13,30,28,29,14,16,26,27],"class_list":["post-339485","post","type-post","status-publish","format-standard","has-post-thumbnail","category-norge","tag-breaking-news","tag-breakingnews","tag-featured-news","tag-featurednews","tag-headlines","tag-kong-harald-5","tag-krig","tag-latest-news","tag-latestnews","tag-news","tag-no","tag-norge","tag-norway","tag-nyheter","tag-overskrifter","tag-top-stories","tag-topstories"],"share_on_mastodon":{"url":"https:\/\/pubeurope.com\/@no\/117192210320802640","error":""},"_links":{"self":[{"href":"https:\/\/www.europesays.com\/no\/wp-json\/wp\/v2\/posts\/339485","targetHints":{"allow":["GET"]}}],"collection":[{"href":"https:\/\/www.europesays.com\/no\/wp-json\/wp\/v2\/posts"}],"about":[{"href":"https:\/\/www.europesays.com\/no\/wp-json\/wp\/v2\/types\/post"}],"author":[{"embeddable":true,"href":"https:\/\/www.europesays.com\/no\/wp-json\/wp\/v2\/users\/2"}],"replies":[{"embeddable":true,"href":"https:\/\/www.europesays.com\/no\/wp-json\/wp\/v2\/comments?post=339485"}],"version-history":[{"count":0,"href":"https:\/\/www.europesays.com\/no\/wp-json\/wp\/v2\/posts\/339485\/revisions"}],"wp:featuredmedia":[{"embeddable":true,"href":"https:\/\/www.europesays.com\/no\/wp-json\/wp\/v2\/media\/339486"}],"wp:attachment":[{"href":"https:\/\/www.europesays.com\/no\/wp-json\/wp\/v2\/media?parent=339485"}],"wp:term":[{"taxonomy":"category","embeddable":true,"href":"https:\/\/www.europesays.com\/no\/wp-json\/wp\/v2\/categories?post=339485"},{"taxonomy":"post_tag","embeddable":true,"href":"https:\/\/www.europesays.com\/no\/wp-json\/wp\/v2\/tags?post=339485"}],"curies":[{"name":"wp","href":"https:\/\/api.w.org\/{rel}","templated":true}]}}