{"id":339521,"date":"2026-08-31T22:46:58","date_gmt":"2026-08-31T22:46:58","guid":{"rendered":"https:\/\/www.europesays.com\/no\/339521\/"},"modified":"2026-08-31T22:46:58","modified_gmt":"2026-08-31T22:46:58","slug":"usikkert-om-dronning-mette-marit-deltar-nar-kong-haakon-avlegger-ed-i-stortinget","status":"publish","type":"post","link":"https:\/\/www.europesays.com\/no\/339521\/","title":{"rendered":"Usikkert om dronning Mette-Marit deltar n\u00e5r kong Haakon avlegger ed i Stortinget"},"content":{"rendered":"<p>Tirsdag 1. september klokka 13:00 skal kong Haakon (53) avlegge ed for Stortinget. Der vil stortingspresident Masud Gharahkhani (43) lese opp beskjeden Stortinget fikk fra Statsministerens kontor, om kong Haralds d\u00f8d og tronskifte.<\/p>\n<p>    <a itemprop=\"url\" href=\"https:\/\/www.dagbladet.no\/nyheter\/beskjed-til-norges-nye-konge-invitasjonen-star\/85076187\" rel=\"nofollow noopener\" target=\"_blank\"><\/p>\n<p>        <img loading=\"lazy\" decoding=\"async\" src=\"https:\/\/www.europesays.com\/no\/wp-content\/uploads\/2026\/08\/1788216413_374_85077069.webp\" width=\"147\" height=\"98\" alt=\"\" class=\"lazyload\" style=\"--aspect-ratio-image: 1.50; \"\/><\/p>\n<p>        &#8211; Hadde v\u00e6rt hyggelig<\/p>\n<p>    <\/a><\/p>\n<p>Det er ventet at kong Haakon &#8211; i likhet med sin far i 1991 &#8211; vil holde en kort tale, i forbindelse med edsavleggelsen. Det vil ogs\u00e5 stortingspresidenten gj\u00f8re.<\/p>\n<p><a href=\"https:\/\/tv.nrk.no\/serie\/kongefamilien\/sesong\/1991\/episode\/FNYH70003391\" rel=\"nofollow noopener\" target=\"_blank\">I NRKs nettspiller<\/a> kan man finne video fra kong Haralds edsavleggelse i 1991. Den gangen sto det et enormt folkehav mellom Slottet og Stortinget, som h\u00e5pet p\u00e5 \u00e5 f\u00e5 et glimt av det dav\u00e6rende kongeparet.<\/p>\n<p>Dronning Sonja var naturligvis med.<\/p>\n<p>Den gangen steg det ferske kongeparet ut av bilen sin, rett foran Stortinget. Det var ikke tid til \u00e5 snu seg og vinke til folket &#8211; det var heller ikke det som var hensikten.<\/p>\n<p>Dronningstolen fikk b\u00f8rstet st\u00f8v av seg den januar-dagen &#8211; den hadde nemlig ikke blitt brukt siden 26. januar 1922.<\/p>\n<p>        <img loading=\"lazy\" decoding=\"async\" src=\"https:\/\/www.europesays.com\/no\/wp-content\/uploads\/2026\/08\/85084483.webp\" width=\"667\" height=\"454\" alt=\"\" class=\"\" style=\"--aspect-ratio-image: 1.47; \"\/><\/p>\n<p>\n        HISTORISK: 21. januar 1991 avla kong Harald sin ed i Stortinget. N\u00e5 skal hans s\u00f8nn, kong Haakon, gj\u00f8re det samme. Foto: Knut Snare \/ Aftenposten \/ NTB\n    <\/p>\n<p>Usikkerhet rundt Sonja<\/p>\n<p>N\u00e5 er det kong Haakon VIII som skal avlegge ed p\u00e5 Stortinget. Dette f\u00f8lger Grunnloven paragraf ni.<\/p>\n<p data-lab-italic=\"italic\" class=\"italic m-italic\">\u00abS\u00e5 snart kongen, som myndig, tiltrer regjeringen, avlegger han f\u00f8lgende ed for Stortinget: &#8216;Jeg lover og sverger \u00e5 ville regjere kongeriket Norge i overensstemmelse med dets konstitusjon og lover, s\u00e5 sant hjelpe meg Gud den allmektige og allvitende!&#8217;<\/p>\n<p>        S\u00d8RGEGUDSTJENESTE: Her forlater kongefamilien s\u00f8rgegudstjenesten for kong Harald i Asker kirke s\u00f8ndag. Video: Karolina Grace\/Dagbladet TV \/ NRK<\/p>\n<p data-lab-italic=\"italic\" class=\"italic m-italic\">Er intet storting p\u00e5 den tid samlet, nedlegges eden skriftlig i statsr\u00e5det og gjentas h\u00f8ytidelig av kongen p\u00e5 f\u00f8rste storting.\u00bb<\/p>\n<p data-lab-italic=\"\" class=\"no_italic m-no_italic\">&#8211; Edsavleggelsen er en seremoni som i store trekk f\u00f8lger etter rammen for Stortingets \u00e5pning, hvor stortingspresidenten vil holde en minnetale over kong Harald V, og en hilsningstale til kong Haakon VIII. S\u00e5 vil kong Haakon avlegge eden p\u00e5 Grunnloven, forklarer Ole-J\u00f8rgen Schulsrud-Hansen, historiker og TV 2s kongehusekspert.<\/p>\n<p>        <img loading=\"lazy\" decoding=\"async\" itemprop=\"image\" src=\"https:\/\/www.europesays.com\/no\/wp-content\/uploads\/2026\/08\/84418564.webp\" width=\"180\" height=\"180\" alt=\"\"\/><\/p>\n<p>                    Ole-J\u00f8rgen Schulsrud-Hansen<br \/>\n                        Ole-J\u00f8rgen<br \/>\n                        Schulsrud-Hansen<\/p>\n<p>                    Ole-J\u00f8rgen Schulsrud-Hansen<br \/>\n                        Historiker og kongehusekspert<\/p>\n<p>Foto: Agnete Brun \/ Kagge forlag<\/p>\n<p data-lab-italic=\"italic\" class=\"italic m-italic\">&#8211; Hva er dronningens rolle i det rommet den dagen?<\/p>\n<p data-lab-italic=\"\" class=\"no_italic m-no_italic\">&#8211; Dronningens rolle er rett og slett \u00e5 bare v\u00e6re til stede. Det ble diskutert fram og tilbake om dronningen skulle v\u00e6re med b\u00e5de under edsavleggelsen og i Stortingets \u00e5pning, etter at kong Harald og dronning Sonja ble kongepar i 1991. Det ble da til at dronningen skulle v\u00e6re der, og n\u00e5 vil vi ogs\u00e5 f\u00e5 se kronprinsesse Ingrid Alexandra der &#8211; vil jeg tro. Hun er jo myndig, og kan tiltre som regent, om det skulle v\u00e6re n\u00f8dvendig.<\/p>\n<p>        <img loading=\"lazy\" decoding=\"async\" src=\"https:\/\/www.europesays.com\/no\/wp-content\/uploads\/2026\/08\/85084693.webp\" width=\"686\" height=\"460\" alt=\"\" class=\"\" style=\"--aspect-ratio-image: 1.49; \"\/><\/p>\n<p>\n        KAN DUKKE OPP: Kronprinsesse Ingrid Alexandra kan sto ved sin fars side p\u00e5 Stortinget tirsdag. Foto: Dylan Martinez \/ Reuters \/ NTB\n    <\/p>\n<p data-lab-italic=\"\" class=\"no_italic m-no_italic\">I 1991 var ikke dav\u00e6rende kronprins Haakon med p\u00e5 kong Haralds edavleggelse, men det er rett og slett fordi han bare var 17 \u00e5r gammel &#8211; og ikke myndig.<\/p>\n<p>&#8211; Ikke n\u00f8dvendig<\/p>\n<p data-lab-italic=\"\" class=\"no_italic m-no_italic\">Dronning Maud var til stede under kong Haakons edsavleggelse helt tilbake i 1905. S\u00e5 hvorfor oppsto det diskusjon rundt dronning Sonjas deltakese, 86 \u00e5r seinere?<\/p>\n<p>    <a itemprop=\"url\" href=\"https:\/\/www.dagbladet.no\/nyheter\/tusenvis-strommer-til-slottsplassen\/85084459\" rel=\"nofollow noopener\" target=\"_blank\"><\/p>\n<p>        <img loading=\"lazy\" decoding=\"async\" src=\"https:\/\/www.europesays.com\/no\/wp-content\/uploads\/2026\/08\/1788216416_710_85084506.webp\" width=\"147\" height=\"98\" alt=\"\" class=\"lazyload\" style=\"--aspect-ratio-image: 1.50; \"\/><\/p>\n<p>        Tusenvis str\u00f8mmer til Slottsplassen<\/p>\n<p>    <\/a><\/p>\n<p data-lab-italic=\"\" class=\"no_italic m-no_italic\">&#8211; Det var rett og slett fordi det s\u00e5 lenge siden, og det var s\u00e5 lenge siden vi hadde hatt en dronning. Dronning Maud d\u00f8de i 1938, og under kong Olav var jo ikke noen dronning med. Hans kronprinsesse hadde jo d\u00f8dd f\u00f8r han ble konge, s\u00e5 han var enkemann. Jeg tror det var p\u00e5 bakgrunn av at man tenkte at dronningen p\u00e5 en eller annen m\u00e5te ikke hadde noen plass i Stortinget, forklarer Schulsrud-Hansen for Dagbladet.<\/p>\n<p data-lab-italic=\"\" class=\"no_italic m-no_italic\">Det er enda ikke kjent om dronning Mette-Marit (53) kommer til \u00e5 v\u00e6re med den nye kongen under edsavleggelsen. Dagbladet har v\u00e6rt i kontakt med Slottet, og spurt om dronningen vil delta.<\/p>\n<p>        <img loading=\"lazy\" decoding=\"async\" src=\"https:\/\/www.europesays.com\/no\/wp-content\/uploads\/2026\/08\/85084472.webp\" width=\"686\" height=\"186\" alt=\"\" class=\"\" style=\"--aspect-ratio-image: 3.69; \"\/><\/p>\n<p>\n        Faksimile: Kongehuset.no\n    <\/p>\n<p data-lab-italic=\"\" class=\"no_italic m-no_italic\">De henviser til det offisielle programmet, som i skrivende stund ikke er oppdatert med edsavleggelsen.<\/p>\n<p data-lab-italic=\"\" class=\"no_italic m-no_italic\">Schulsrud-Hansen sier at det godt kan hende hun deltar, men at det er ren spekulasjon.<\/p>\n<p data-lab-italic=\"\" class=\"no_italic m-no_italic\">&#8211; Jeg vil tro at det som kanskje prioriteres mest, er gravferden som skal avholdes.<\/p>\n<p data-lab-italic=\"italic\" class=\"italic m-italic\">&#8211; Er det n\u00f8dvendig at hun er med?<\/p>\n<p>        SE TALEN: L\u00f8rdag kveld holdt kong Haakon sin aller f\u00f8rste tale til det norske folk som monark. Video: NRK<\/p>\n<p data-lab-italic=\"\" class=\"no_italic m-no_italic\">&#8211; Nei, det er jo ikke n\u00f8dvendig, dronningen har jo ingen funksjon i statsapparatet, sier han, og legger til at det likevel er en seremoni det er naturlig for dronningen \u00e5 delta p\u00e5 &#8211; dersom hun har helse til det.<\/p>\n<p>Markerer slutten p\u00e5 tronskifte<\/p>\n<p data-lab-italic=\"\" class=\"no_italic m-no_italic\">Se og H\u00f8rs kongehusekspert Caroline Vagle peker p\u00e5 hvor viktig dronning Sonja var for kong Harald under gjerningen hans &#8211; og at det startet med tronskifte.<\/p>\n<p>        <img loading=\"lazy\" decoding=\"async\" itemprop=\"image\" src=\"https:\/\/www.europesays.com\/no\/wp-content\/uploads\/2026\/08\/1788216418_431_85025066.webp\" width=\"180\" height=\"180\" alt=\"\"\/><\/p>\n<p>                    Caroline Vagle<br \/>\n                        Caroline<br \/>\n                        Vagle<\/p>\n<p>                    Caroline Vagle<br \/>\n                        Se og H\u00f8rs kongehusekspert<\/p>\n<p>Foto: Espen Solli \/ Se og H\u00f8r<\/p>\n<p data-lab-italic=\"\" class=\"no_italic m-no_italic\">&#8211; Dronning Sonja var med da Harald gjorde det, slik hun har st\u00e5tt ved hans side hele veien, siden den dagen han ble konge. Det var en enorm st\u00f8tte for ham i alle \u00e5r. Harald fikk dele gjerningen med sin kj\u00e6re kone i motsetning til sin far som var enkemann &#8211; og har sagt at det har betydd alt for ham.<\/p>\n<p data-lab-italic=\"\" class=\"no_italic m-no_italic\">Hun tror at kong Haakon vil v\u00e6re like avhengig av st\u00f8tte fra si kone.<\/p>\n<p data-lab-italic=\"\" class=\"no_italic m-no_italic\">&#8211; Hun kommer p\u00e5 samme m\u00e5te til \u00e5 v\u00e6re en uvurderlig st\u00f8tte for v\u00e5r n\u00e5v\u00e6rende konge, men p\u00e5 grunn av helsesituasjonen vil hun ikke kunne delta fysisk i like stor grad som Sonja gjorde &#8211; i hvert fall ikke i n\u00e6rmeste framtid, sier hun, og fortsetter:<\/p>\n<p>        <img loading=\"lazy\" decoding=\"async\" src=\"https:\/\/www.europesays.com\/no\/wp-content\/uploads\/2026\/08\/85084705.webp\" width=\"686\" height=\"981\" alt=\"\" class=\"\" style=\"--aspect-ratio-image: 0.70; \"\/><\/p>\n<p>\n        KOMMER HUN?: &#8211; Jeg h\u00e5per det, sier kongehusekspert Caroline Vagle. Foto: Lise \u00c5serud \/ NTB\n    <\/p>\n<p data-lab-italic=\"\" class=\"no_italic m-no_italic\">&#8211; Hun var for eksempel ikke med p\u00e5 s\u00f8ndagens s\u00f8rgegudstjeneste. Men det er sagt at hun vil v\u00e6re til stede p\u00e5 enkelte andre arrangementer i forbindelse med kong Haralds bortgang. Og kanskje er det nettopp ved edsavleggelsen? Jeg h\u00e5per det. <\/p>\n<p data-lab-italic=\"\" class=\"no_italic m-no_italic\">Edsavleggelsen er den siste seremonien i det vi omtaler som tronskifte.<\/p>\n<p data-lab-italic=\"\" class=\"no_italic m-no_italic\">&#8211; N\u00e5r den er gjennomf\u00f8rt er det som i Grunnloven beskrives som et tronskifte overst\u00e5tt, sier Schulsrud-Hansen.<\/p>\n<p data-lab-italic=\"\" class=\"no_italic m-no_italic\">&#8211; Gravferden som skjer seinere er ikke en seremoni som faller innenfor tronskifte &#8211; den er bare en naturlig f\u00f8lge av det samme.<\/p>\n","protected":false},"excerpt":{"rendered":"Tirsdag 1. september klokka 13:00 skal kong Haakon (53) avlegge ed for Stortinget. Der vil stortingspresident Masud Gharahkhani&hellip;\n","protected":false},"author":2,"featured_media":339522,"comment_status":"","ping_status":"","sticky":false,"template":"","format":"standard","meta":{"footnotes":"","_share_on_mastodon":"0"},"categories":[5],"tags":[20,21,26098,1560,26160,24,25,15,19,479,26072,26069,22,23,17,18,13,30,28,29,14,16,333,26,27],"class_list":["post-339521","post","type-post","status-publish","format-standard","has-post-thumbnail","category-overskrifter","tag-breaking-news","tag-breakingnews","tag-dronning-mette-marit","tag-dronning-sonja","tag-edsavleggelse","tag-featured-news","tag-featurednews","tag-headlines","tag-hovedoppslag","tag-kjendis","tag-kong-haakon","tag-kong-harald-dod","tag-latest-news","tag-latestnews","tag-main-news","tag-mainnews","tag-news","tag-no","tag-norge","tag-norway","tag-nyheter","tag-overskrifter","tag-stortinget","tag-top-stories","tag-topstories"],"share_on_mastodon":{"url":"https:\/\/pubeurope.com\/@no\/117192560126790658","error":""},"_links":{"self":[{"href":"https:\/\/www.europesays.com\/no\/wp-json\/wp\/v2\/posts\/339521","targetHints":{"allow":["GET"]}}],"collection":[{"href":"https:\/\/www.europesays.com\/no\/wp-json\/wp\/v2\/posts"}],"about":[{"href":"https:\/\/www.europesays.com\/no\/wp-json\/wp\/v2\/types\/post"}],"author":[{"embeddable":true,"href":"https:\/\/www.europesays.com\/no\/wp-json\/wp\/v2\/users\/2"}],"replies":[{"embeddable":true,"href":"https:\/\/www.europesays.com\/no\/wp-json\/wp\/v2\/comments?post=339521"}],"version-history":[{"count":0,"href":"https:\/\/www.europesays.com\/no\/wp-json\/wp\/v2\/posts\/339521\/revisions"}],"wp:featuredmedia":[{"embeddable":true,"href":"https:\/\/www.europesays.com\/no\/wp-json\/wp\/v2\/media\/339522"}],"wp:attachment":[{"href":"https:\/\/www.europesays.com\/no\/wp-json\/wp\/v2\/media?parent=339521"}],"wp:term":[{"taxonomy":"category","embeddable":true,"href":"https:\/\/www.europesays.com\/no\/wp-json\/wp\/v2\/categories?post=339521"},{"taxonomy":"post_tag","embeddable":true,"href":"https:\/\/www.europesays.com\/no\/wp-json\/wp\/v2\/tags?post=339521"}],"curies":[{"name":"wp","href":"https:\/\/api.w.org\/{rel}","templated":true}]}}