{"id":339581,"date":"2026-09-01T00:57:19","date_gmt":"2026-09-01T00:57:19","guid":{"rendered":"https:\/\/www.europesays.com\/no\/339581\/"},"modified":"2026-09-01T00:57:19","modified_gmt":"2026-09-01T00:57:19","slug":"kanadiere-boikotter-amerikanske-varer-etter-trumps-trussel","status":"publish","type":"post","link":"https:\/\/www.europesays.com\/no\/339581\/","title":{"rendered":"Kanadiere boikotter amerikanske varer etter Trumps trussel"},"content":{"rendered":"\n<ul class=\"_list_145nj_3 _list_64s2r_85 _unordered_145nj_106 text-sans-m\">\n<li class=\"_item_145nj_30\">Forholdet mellom USA og Canada er p\u00e5 et nytt bunniv\u00e5 etter handelskollaps.<\/li>\n<li class=\"_item_145nj_30\">Kanadiere boikotter amerikanske varer og selger sine Apple-produkter.<\/li>\n<li class=\"_item_145nj_30\">President Trumps omd\u00f8ping av Lake Ontario til \u00abLake America\u00bb, skapte kanadisk raseri.<\/li>\n<li class=\"_item_145nj_30\">Olje-og gassindustrien er forel\u00f8pig unntatt straffetoll.<\/li>\n<\/ul>\n<p>Vis mer <\/p>\n<p class=\"_paragraph_145nj_4 _paragraph_6fko5_10 layout-component text-serif-m layout-normal text-serif-m layout-padded\">Mye tyder p\u00e5 at president Donald Trump har undervurdert folkeviljen i landet som ligger ovenfor USAs enorme grense i nord. <\/p>\n<p class=\"_paragraph_145nj_4 _paragraph_6fko5_10 layout-component text-serif-m layout-normal text-serif-m layout-padded\">Tradisjonelt er <a href=\"https:\/\/www.vg.no\/tag\/canada?utm_source=vg-article&amp;utm_medium=auto-tagger&amp;utm_campaign=e7X2bM\" class=\"_link_145nj_39\" rel=\"nofollow noopener\" target=\"_blank\">Canada<\/a> og USA hverandres beste handelspartnere og ifjor solgte de to landene hverandre varer og tjenester for til sammen <a href=\"https:\/\/www.vg.no\/nyheter\/i\/Pde9z7\/usa-og-canada-klarte-ikke-aa-inngaa-avtale-straffer-hverandre-med-toll\" data-track-element-type=\"Link\" data-track-id=\"link:Pde9z7\" class=\"_link_145nj_39\" rel=\"nofollow noopener\" target=\"_blank\">880 milliarder dollar<\/a>.<\/p>\n<p class=\"_paragraph_145nj_4 _paragraph_6fko5_10 layout-component text-serif-m layout-normal text-serif-m layout-padded\">Men, etter at handelssamtalene mellom de to tidligere bestevennene kollapset forrige helg, har forholdet rast ned til et nytt bunniv\u00e5. <\/p>\n<p><img alt=\"Canadas statsminister Mark Carney og USAs president Donald Trump under G7-toppm\u00f8tet i Evian-les-Bains i Frankrike tirsdag 16. juni. N\u00e5 er det ingen kontakt.  Foto: Christopher Katsarov \/ Pa Photos \/ NTB\" class=\"_image_jw3bv_65 layout-component layout-normal\" data-fullscreen- data-track-element-type=\"Article image fullscreen\" data-track-name=\"ImageFullscreen\" decoding=\"async\" loading=\"lazy\" height=\"3659\" itemprop=\"image\"  src=\"https:\/\/www.europesays.com\/no\/wp-content\/uploads\/2026\/09\/692112f7-57fd-338e-b179-6da5f2c42a75.jpeg\"  style=\"object-position:0% 0%\" width=\"5489\"\/>Canadas statsminister Mark Carney og USAs president Donald Trump under G7-toppm\u00f8tet i Evian-les-Bains i Frankrike tirsdag 16. juni. N\u00e5 er det ingen kontakt.  Foto: Christopher Katsarov \/ Pa Photos \/ NTB<\/p>\n<p class=\"_paragraph_145nj_4 _paragraph_6fko5_10 layout-component text-serif-m layout-normal text-serif-m layout-padded\">Det startet med at <a href=\"https:\/\/www.vg.no\/nyheter\/i\/Pde9z7\/usa-og-canada-klarte-ikke-aa-inngaa-avtale-straffer-hverandre-med-toll\" data-track-element-type=\"Link\" data-track-id=\"link:Pde9z7\" class=\"_link_145nj_39\" rel=\"nofollow noopener\" target=\"_blank\">Canada trakk seg<\/a> fra forhandlingene og Trump varslet umiddelbar innf\u00f8ring av 50 prosent toll p\u00e5 kanadiske varer for 20 milliarder dollar. <\/p>\n<p class=\"_paragraph_145nj_4 _paragraph_6fko5_10 layout-component text-serif-m layout-normal text-serif-m layout-padded\">Canadas statsminister Mark Carney svarte raskt med \u00e5 matche tollen <a href=\"https:\/\/www.vg.no\/nyheter\/i\/Pde9z7\/usa-og-canada-klarte-ikke-aa-inngaa-avtale-straffer-hverandre-med-toll\" data-track-element-type=\"Link\" data-track-id=\"link:Pde9z7\" class=\"_link_145nj_39\" rel=\"nofollow noopener\" target=\"_blank\">\u00abdollar for dollar\u00bb<\/a>. <\/p>\n<p class=\"_paragraph_145nj_4 _paragraph_6fko5_10 layout-component text-serif-m layout-normal text-serif-m layout-padded\">Da Trump signerte en presidentordre om \u00e5 d\u00f8pe om Lake Ontario, den store innsj\u00f8en mellom de to landene, til <a href=\"https:\/\/www.vg.no\/nyheter\/i\/Rjqbn2\/trump-lake-ontario-blir-lake-america\" data-track-element-type=\"Link\" data-track-id=\"link:Rjqbn2\" class=\"_link_145nj_39\" rel=\"nofollow noopener\" target=\"_blank\">\u00abLake America\u00bb<\/a>, eksploderte de anti-amerikanske f\u00f8lelsene i Canada.<\/p>\n<p><img alt=\"Det kanadiske selskapet Jackpine startet salget av Lake Ontario-hatter bare timer etter Trumps kunngj\u00f8ring.  Foto: Jackpine\" class=\"_image_jw3bv_65 layout-component layout-normal\" data-fullscreen- data-track-element-type=\"Article image fullscreen\" data-track-name=\"ImageFullscreen\" decoding=\"async\" loading=\"lazy\" height=\"444\" itemprop=\"image\"  src=\"https:\/\/www.europesays.com\/no\/wp-content\/uploads\/2026\/09\/fb3220d5-a233-38ad-a34a-1cc26931e8d5.png\"  style=\"object-position:0% 0%\" width=\"790\"\/>Det kanadiske selskapet Jackpine startet salget av Lake Ontario-hatter bare timer etter Trumps kunngj\u00f8ring.  Foto: Jackpine<\/p>\n<p class=\"_paragraph_145nj_4 _paragraph_6fko5_10 layout-component text-serif-m layout-normal text-serif-m layout-padded\">\u2013 <a href=\"https:\/\/www.politico.com\/news\/2026\/08\/30\/doug-ford-lake-america-ontario-01056411\" class=\"_link_145nj_39\" rel=\"nofollow noopener\" target=\"_blank\">Ingen kommer til \u00e5 kalle det Lake of America<\/a>. Det har v\u00e6rt Lake Ontario i hundrevis av \u00e5r. Det kommer til \u00e5 fortsette \u00e5 v\u00e6re Lake Ontario\u00bb, sa Doug Ford, provinsstatsminister i Ontario i et tilsvar i Politico.<\/p>\n<p class=\"_paragraph_145nj_4 _paragraph_6fko5_10 layout-component text-serif-m layout-normal text-serif-m layout-padded\">Men, Google <a href=\"https:\/\/www.cbc.ca\/news\/canada\/google-updates-maps-lake-ontario-9.7325922\" class=\"_link_145nj_39\" rel=\"nofollow noopener\" target=\"_blank\">har allerede oppdatert<\/a> sine kart med Lake America.<\/p>\n<p class=\"_paragraph_145nj_4 _paragraph_6fko5_10 layout-component text-serif-m layout-normal text-serif-m layout-padded\">Ford la intet i mellom i sin beskjed til president Trump: <\/p>\n<p class=\"_paragraph_145nj_4 _paragraph_6fko5_10 layout-component text-serif-m layout-normal text-serif-m layout-padded\">Handelskrigen har n\u00e5 utl\u00f8st en massiv folkelig boikott i Canada. Slagordet \u00abElbows Up!\u00bb (opp med albuene!) \u2013 hentet fra ishockey og som betyr \u00e5 ta til motm\u00e6le \u2013 dukker opp overalt.<\/p>\n<p class=\"_paragraph_145nj_4 _paragraph_6fko5_10 layout-component text-serif-m layout-normal text-serif-m layout-padded\">Uttrykket dukket f\u00f8rst (i denne sammenhengen) opp i fjor v\u00e5r, da Trump truet med \u00e5 gj\u00f8re Canada til USAs 51. stat.<\/p>\n<p class=\"_paragraph_145nj_4 _paragraph_6fko5_10 layout-component text-serif-m layout-normal text-serif-m layout-padded\"><strong class=\"_strong_145nj_25\">LES MER:<\/strong> <a href=\"https:\/\/www.vg.no\/nyheter\/i\/Ey9PRl\/usa-canada-kanadiere-vil-heller-gi-donald-trump-en-albuetakling-enn-aa-bli-usas-51-stat\" data-track-element-type=\"Link\" data-track-id=\"link:Ey9PRl\" class=\"_link_145nj_39\" rel=\"nofollow noopener\" target=\"_blank\">Slik svarer Canada p\u00e5 Trump-trussel<\/a><\/p>\n<p><img alt=\"Opp med albuene! N\u00e5 er Elbows Up-kampanjen i gang igjen.  Foto: Thomas Nilsson \/ VG\" class=\"_image_jw3bv_65 layout-component layout-normal\" data-fullscreen- data-track-element-type=\"Article image fullscreen\" data-track-name=\"ImageFullscreen\" decoding=\"async\" loading=\"lazy\" height=\"3200\" itemprop=\"image\"  src=\"https:\/\/www.europesays.com\/no\/wp-content\/uploads\/2026\/09\/f4cfacad-205b-3e60-a9f0-d4bd641f9bab.jpeg\"  style=\"object-position:0% 0%\" width=\"4800\"\/>Opp med albuene! N\u00e5 er Elbows Up-kampanjen i gang igjen.  Foto: Thomas Nilsson \/ VG\u2013 B\u00f8lle i skoleg\u00e5rden<\/p>\n<p class=\"_paragraph_145nj_4 _paragraph_6fko5_10 layout-component text-serif-m layout-normal text-serif-m layout-padded\">Mer enn 3500 kanadiere har delt med  The Guardian hvordan de har lagt om livene sine for \u00e5 unng\u00e5 amerikanske varer og tjenester.<\/p>\n<p class=\"_paragraph_145nj_4 _paragraph_6fko5_10 layout-component text-serif-m layout-normal text-serif-m layout-padded\">\u2013 Trumps oppf\u00f8rsel mot Canada minner mye om b\u00f8llen i skoleg\u00e5rden som skriker og tramper med beina n\u00e5r han ikke f\u00e5r den fryktreaksjonen han forventer, sier William McDonald (38), dieselmekaniker fra Thunder Bay, til nyhetsmediet.<\/p>\n<p class=\"_paragraph_145nj_4 _paragraph_6fko5_10 layout-component text-serif-m layout-normal text-serif-m layout-padded\">Han har byttet ut amerikansk \u00f8l med kanadisk, noe som koster ham 1000 kanadiske dollar ekstra i \u00e5ret. Elizabeth Lorenz (68), pensjonert l\u00e6rer i British Columbia, har begynt \u00e5 dyrke sine egne s\u00f8tpoteter i hagen, siden bare amerikanske er tilgjengelige i butikkene.<\/p>\n<p> <img alt=\"Bare dager etter at Trump truet med \u00e5 gj\u00f8re Canada til USAs 51. delstat, kom \u00abkj\u00f8p kanadisk\u00bb-skiltene opp i butikkene. Dette bildet er tatt i april i 2025.  Foto: J\u00f8rn E. Kaalstad\" class=\"_image_jw3bv_65 layout-component layout-normal\" data-fullscreen- data-track-element-type=\"Article image fullscreen\" data-track-name=\"ImageFullscreen\" decoding=\"async\" loading=\"lazy\" height=\"3165\" itemprop=\"image\"  src=\"https:\/\/www.europesays.com\/no\/wp-content\/uploads\/2026\/09\/68dcf392-1f40-3b7f-b2e8-0613dfbbcb5a.jpeg\"  style=\"object-position:0% 0%\" width=\"4249\"\/>Bare dager etter at Trump truet med \u00e5 gj\u00f8re Canada til USAs 51. delstat, kom \u00abkj\u00f8p kanadisk\u00bb-skiltene opp i butikkene. Dette bildet er tatt i april i 2025.  Foto: J\u00f8rn E. KaalstadSterk boikott-vilje<\/p>\n<p class=\"_paragraph_145nj_4 _paragraph_6fko5_10 layout-component text-serif-m layout-normal text-serif-m layout-padded\">IT-konsulenten James Buchan (36) fra Halifax har solgt alt av Apple-produkter \u2013 MacBook, iPhone, AirTags og AirPods \u2013 og byttet ut e-postleverand\u00f8r, kart-app og kalender med europeiske alternativer.<\/p>\n<p class=\"_paragraph_145nj_4 _paragraph_6fko5_10 layout-component text-serif-m layout-normal text-serif-m layout-padded\">\u2013 Jeg savner ikke iPhonen eller Macen min i det hele tatt, sier han til\u00a0<a href=\"https:\/\/www.theguardian.com\/business\/2026\/aug\/29\/if-its-made-in-the-us-i-dont-buy-it-canadians-on-boycotting-trumps-america\" class=\"_link_145nj_39\" rel=\"nofollow noopener\" target=\"_blank\">The Guardian<\/a>.<\/p>\n<p class=\"_paragraph_145nj_4 _paragraph_6fko5_10 layout-component text-serif-m layout-normal text-serif-m layout-padded\"><strong class=\"_strong_145nj_25\">En Angus Reid-unders\u00f8kelse fra juli viste at <a href=\"https:\/\/angusreid.org\/trump-carney-50-percent-threat\/\" class=\"_link_145nj_39\" rel=\"nofollow noopener\" target=\"_blank\">70 prosent av kanadiske kunder<\/a> sier de vil unng\u00e5 \u00e5 kj\u00f8pe amerikanske landbruksprodukter. <\/strong><\/p>\n<p><img alt=\"Foto: Justin Tang \/ Pa Photos \/ NTB\" class=\"_image_jw3bv_65 layout-component layout-normal\" data-fullscreen- data-track-element-type=\"Article image fullscreen\" data-track-name=\"ImageFullscreen\" decoding=\"async\" loading=\"lazy\" height=\"5479\" itemprop=\"image\"  src=\"https:\/\/www.europesays.com\/no\/wp-content\/uploads\/2026\/09\/7cbbb614-53b1-3bbd-bb84-f0759ceb07d7.jpeg\"  style=\"object-position:0% 0%\" width=\"7744\"\/>Foto: Justin Tang \/ Pa Photos \/ NTB<\/p>\n<p class=\"_paragraph_145nj_4 _paragraph_6fko5_10 layout-component text-serif-m layout-normal text-serif-m layout-padded\">Alkoholboikotten er sv\u00e6rt sterk, og vil vare lenge, if\u00f8lge CBC. <\/p>\n<p class=\"_paragraph_145nj_4 _paragraph_6fko5_10 layout-component text-serif-m layout-normal text-serif-m layout-padded\">Etter at de fleste canadiske provinsene <a href=\"https:\/\/www.cbc.ca\/news\/world\/fact-check-white-house-trade-tariffs-9.7320445\" class=\"_link_145nj_39\" rel=\"nofollow noopener\" target=\"_blank\">fjernet amerikansk alkoholholdig drikke<\/a>  fra butikkhyllene, falt salget med omtrent to tredeler. En m\u00e5ling i CBC viser at <a href=\"https:\/\/www.cbc.ca\/player\/play\/video\/9.7313043\" class=\"_link_145nj_39\" rel=\"nofollow noopener\" target=\"_blank\">69 prosent av canadierne<\/a> sier de fortsatt vil boikotte amerikansk alkohol &#8211; selv etter at den kommer tilbake i butikkene.<\/p>\n<p><img alt=\"Foto: GEOFF ROBINS \/ AFP \/ NTB\" class=\"_image_jw3bv_65 layout-component layout-normal\" data-fullscreen- data-track-element-type=\"Article image fullscreen\" data-track-name=\"ImageFullscreen\" decoding=\"async\" loading=\"lazy\" height=\"4000\" itemprop=\"image\"  src=\"https:\/\/www.europesays.com\/no\/wp-content\/uploads\/2026\/09\/29dd44e9-4b2f-3084-a7cf-32ab121a1113.jpeg\"  style=\"object-position:0% 0%\" width=\"6000\"\/>Foto: GEOFF ROBINS \/ AFP \/ NTBStraffe-duellen<\/p>\n<p class=\"_paragraph_145nj_4 _paragraph_6fko5_10 layout-component text-serif-m layout-normal text-serif-m layout-padded\">Handelskrigen har utviklet seg til en lang liste av gjensidige straffetiltak:<\/p>\n<ul class=\"_list_145nj_3 _list_6fko5_9 _unordered_145nj_106 layout-component text-serif-m layout-normal text-serif-m layout-padded\">\n<li class=\"_item_145nj_30\"><strong class=\"_strong_145nj_25\">USA innf\u00f8rer 50 prosent toll<\/strong>\u00a0p\u00e5 kanadiske varer for 20 milliarder dollar.<\/li>\n<li class=\"_item_145nj_30\"><strong class=\"_strong_145nj_25\">Canada svarer <\/strong>med mottoll p\u00e5 over 700 amerikanske produkter til en verdi av 27,6 milliarder kanadiske dollar fra 8. september, melder\u00a0<a href=\"https:\/\/globalnews.ca\/news\/12039115\/canada-tweaks-list-counter-tariffs\/\" class=\"_link_145nj_39\" rel=\"nofollow noopener\" target=\"_blank\">Global News<\/a>.<\/li>\n<li class=\"_item_145nj_30\"><strong class=\"_strong_145nj_25\">Trump truer med \u00e5 doble tollen<\/strong>\u00a0p\u00e5 kanadiskproduserte biler og bildeler som ikke er CUSMA-kompatibleCUSMA-kompatibleDet betyr at varen oppfyller reglene i frihandelsavtalen mellom Canada, USA og Mexico har rett til tollfrihet eller redusert toll. i det nye \u00e5ret, if\u00f8lge\u00a0<a href=\"https:\/\/www.cbc.ca\/news\/politics\/canada-u-s-tariffs-auto-sector-manufacturing-9.7323154\" class=\"_link_145nj_39\" rel=\"nofollow noopener\" target=\"_blank\">CBC News<\/a>.<\/li>\n<li class=\"_item_145nj_30\"><strong class=\"_strong_145nj_25\">Kanadiske mottoll p\u00e5 50 prosent<\/strong>\u00a0rammer blant annet trekull, amerikansk kobbertr\u00e5d, trykt materiale, gipsartikler og glassbeholdere, if\u00f8lge\u00a0<a href=\"https:\/\/globalnews.ca\/news\/12039115\/canada-tweaks-list-counter-tariffs\/\" class=\"_link_145nj_39\" rel=\"nofollow noopener\" target=\"_blank\">Global News<\/a>.<\/li>\n<li class=\"_item_145nj_30\"><strong class=\"_strong_145nj_25\">Amerikansk toll p\u00e5 kanadisk st\u00e5l, aluminium og biler<\/strong>\u00a0har allerede v\u00e6rt p\u00e5 plass i over ett \u00e5r, if\u00f8lge <a href=\"https:\/\/www.nytimes.com\/2026\/08\/29\/world\/canada\/carney-trump-trade-war-tariffs-canada-us.html?searchResultPosition=3\" class=\"_link_145nj_39\" rel=\"nofollow noopener\" target=\"_blank\">The New York Times<\/a>.<\/li>\n<li class=\"_item_145nj_30\"><strong class=\"_strong_145nj_25\">Trump d\u00f8per om Lake Ontario<\/strong>\u00a0til \u00abLake America\u00bb ved presidentordre.<\/li>\n<li class=\"_item_145nj_30\"><strong class=\"_strong_145nj_25\">Visepresident JD Vance<\/strong>\u00a0kalte Canada \u00aben delstat\u00bb under en tale i Maine.<\/li>\n<li class=\"_item_145nj_30\"><strong class=\"_strong_145nj_25\">Kanadisk boikott<\/strong>\u00a0rammer Netflix, AmazonPrime, AppleTV, Disney+, Tesla, Jack Daniel\u2019s, X, Facebook og Instagram.<\/li>\n<li class=\"_item_145nj_30\"><strong class=\"_strong_145nj_25\">Ontario-minister sl\u00e5r tilbake<\/strong>: Doug Ford avduket et skilt med teksten \u00abLake Ontario now and forever\u00bb.<\/li>\n<li class=\"_item_145nj_30\"><strong class=\"_strong_145nj_25\">Utfordrer F-35-avtalen<\/strong>: Enkelte kanadiere krever n\u00e5 at regjeringen trekker seg fra avtalen om \u00e5 kj\u00f8pe opptil 88 amerikanske F-35 kampfly, if\u00f8lge The New York Times.<\/li>\n<\/ul>\n<p class=\"_paragraph_145nj_4 _paragraph_6fko5_10 layout-component text-serif-m layout-normal text-serif-m layout-padded\">Det kanadiske nettstedet <a href=\"https:\/\/www.ctvnews.ca\/world\/trumps-tariffs\/article\/are-you-boycotting-us-products-over-trumps-latest-tariffs-let-us-know\/\" class=\"_link_145nj_39\" rel=\"nofollow noopener\" target=\"_blank\">CTV News spurte leserne<\/a> om de ville boikotte amerikanske varer p\u00e5 grunn av handelskrigen. Flere enn 200 lesere svarte p\u00e5 oppfordringen, og de fleste av dem sa at de har boikottet amerikanske varer, tjenester og droppet feriereiser til USA.<\/p>\n<p class=\"_paragraph_145nj_4 _paragraph_6fko5_10 layout-component text-serif-m layout-normal text-serif-m layout-padded\">For mange kanadiere er tilliten brutt for godt.<\/p>\n<p class=\"_paragraph_145nj_4 _paragraph_6fko5_10 layout-component text-serif-m layout-normal text-serif-m layout-padded\"><strong class=\"_strong_145nj_25\">\u2013 Jeg vil ikke g\u00e5 tilbake til \u00e5 kj\u00f8pe amerikanske produkter, selv om regimet endres, fordi USA er up\u00e5litelig og utroverdig, sier Sarika (61), akademiker fra Vancouver, til<\/strong>\u00a0<strong class=\"_strong_145nj_25\"><a href=\"https:\/\/www.theguardian.com\/business\/2026\/aug\/29\/if-its-made-in-the-us-i-dont-buy-it-canadians-on-boycotting-trumps-america\" class=\"_link_145nj_39\" rel=\"nofollow noopener\" target=\"_blank\">The Guardian<\/a>.<\/strong><\/p>\n<p>Bilindustrien er kjernen<\/p>\n<p class=\"_paragraph_145nj_4 _paragraph_6fko5_10 layout-component text-serif-m layout-normal text-serif-m layout-padded\">If\u00f8lge The New York Times var det spesielt handelsminister Howard Lutnick som destabiliserte forhandlingene ved gjentatte ganger \u00e5 presse p\u00e5 for toll p\u00e5 st\u00e5l, biler og bildeler.<\/p>\n<p class=\"_paragraph_145nj_4 _paragraph_6fko5_10 layout-component text-serif-m layout-normal text-serif-m layout-padded\">USAs handelsrepresentant Jamieson Greer bekrefter i et eksklusivt intervju med CBC News at bilindustrien er et hovedstridspunkt.<\/p>\n<p class=\"_paragraph_145nj_4 _paragraph_6fko5_10 layout-component text-serif-m layout-normal text-serif-m layout-padded\">\u2013 Vi har et stort gap i produksjonssysselsettingen v\u00e5r her, og biler er en stor del av det, sier Greer til\u00a0<a href=\"https:\/\/www.cbc.ca\/news\/politics\/canada-u-s-tariffs-auto-sector-manufacturing-9.7323154\" class=\"_link_145nj_39\" rel=\"nofollow noopener\" target=\"_blank\">CBC News<\/a>.<\/p>\n<p><img alt=\"Bildet er fra produksjonslinjen ved et Honda-produksjonsanlegg i Alliston, Ontario, tatt i april 2023.  Foto: Cole Burston \/ Pa Photos \/ NTB\" class=\"_image_jw3bv_65 layout-component layout-normal\" data-fullscreen- data-track-element-type=\"Article image fullscreen\" data-track-name=\"ImageFullscreen\" decoding=\"async\" loading=\"lazy\" height=\"3316\" itemprop=\"image\"  src=\"https:\/\/www.europesays.com\/no\/wp-content\/uploads\/2026\/09\/0a45f792-5ddc-3d2f-b0d0-e5a7fc109622.jpeg\"  style=\"object-position:0% 0%\" width=\"4974\"\/>Bildet er fra produksjonslinjen ved et Honda-produksjonsanlegg i Alliston, Ontario, tatt i april 2023.  Foto: Cole Burston \/ Pa Photos \/ NTB<\/p>\n<p class=\"_paragraph_145nj_4 _paragraph_6fko5_10 layout-component text-serif-m layout-normal text-serif-m layout-padded\">Mark Wiseman, Canadas ambassad\u00f8r i USA, sier til Reuters at Canada ikke kan akseptere en avtale som ikke beskytter bilindustrien.<\/p>\n<p class=\"_paragraph_145nj_4 _paragraph_6fko5_10 layout-component text-serif-m layout-normal text-serif-m layout-padded\">Hver dag krysser varer for \u00e9n milliard dollar elven mellom Detroit og Windsor, som sammen utgj\u00f8r hjertet av Nord-Amerikas bilindustri, skriver\u00a0<a href=\"https:\/\/www.theguardian.com\/us-news\/2026\/aug\/28\/trump-canada-trade-war-detroit-michigan\" class=\"_link_145nj_39\" rel=\"nofollow noopener\" target=\"_blank\">The Guardian<\/a>. Bildeler krysser i snitt grensen seks ganger f\u00f8r de havner i et ferdig produkt.<\/p>\n<p>Oljeindustrien fredet &#8211; forel\u00f8pig<\/p>\n<p class=\"_paragraph_145nj_4 _paragraph_6fko5_10 layout-component text-serif-m layout-normal text-serif-m layout-padded\">\u00c9n sektor har Trump s\u00e5 langt latt v\u00e6re i fred: olje- og gassindustrien.<\/p>\n<p class=\"_paragraph_145nj_4 _paragraph_6fko5_10 layout-component text-serif-m layout-normal text-serif-m layout-padded\">If\u00f8lge The New York Times har den kanadiske \u00f8konomien blitt skjermet fordi Trump lot noen av Canadas mest verdifulle eksportvarer v\u00e6re utenfor tolllisten \u2013 inkludert olje, gass og tilsetningsstoffet kaliumkarbonat.<\/p>\n<p class=\"_paragraph_145nj_4 _paragraph_6fko5_10 layout-component text-serif-m layout-normal text-serif-m layout-padded\">Tall fra Statistics Canada viste fredag at kanadisk \u00f8konomi vokste med tilsvarende 3,3 prosent \u00e5rsrate i andre kvartal, drevet av \u00f8kt eksport og bilproduksjon.<\/p>\n<p class=\"_paragraph_145nj_4 _paragraph_6fko5_10 layout-component text-serif-m layout-normal text-serif-m layout-padded\">En \u00f8konom advarer likevel om at situasjonen kan bli langt verre.<\/p>\n<p class=\"_paragraph_145nj_4 _paragraph_6fko5_10 layout-component text-serif-m layout-normal text-serif-m layout-padded\"><strong class=\"_strong_145nj_25\">\u2013 Den virkelige trusselen er at de to landene stuper hodestups inn i det og innf\u00f8rer toll p\u00e5 olje, energi og r\u00e5varer som sl\u00e5r hardere enn hummer, sier Patrick Anderson til<\/strong>\u00a0<strong class=\"_strong_145nj_25\"><a href=\"https:\/\/www.theguardian.com\/us-news\/2026\/aug\/28\/trump-canada-trade-war-detroit-michigan\" class=\"_link_145nj_39\" rel=\"nofollow noopener\" target=\"_blank\">The Guardian<\/a>.<\/strong><\/p>\n<p><img alt=\"Dette er et dronebilde av  Westridge Marine Terminal, endestasjonen for det kanadiske statseide Trans Mountain-r\u00f8rledningsutvidelsesprosjektet i Burnaby, Britisk Columbia.  Foto: Chris Helgren \/ Reuters \/ NTB\" class=\"_image_jw3bv_65 layout-component layout-normal\" data-fullscreen- data-track-element-type=\"Article image fullscreen\" data-track-name=\"ImageFullscreen\" decoding=\"async\" loading=\"lazy\" height=\"3948\" itemprop=\"image\"  src=\"https:\/\/www.europesays.com\/no\/wp-content\/uploads\/2026\/09\/daff51b1-a8f3-37ce-8cb8-1f2912061f97.jpeg\"  style=\"object-position:0% 0%\" width=\"5272\"\/>Dette er et dronebilde av  Westridge Marine Terminal, endestasjonen for det kanadiske statseide Trans Mountain-r\u00f8rledningsutvidelsesprosjektet i Burnaby, Britisk Columbia.  Foto: Chris Helgren \/ Reuters \/ NTB<\/p>\n<p class=\"_paragraph_145nj_4 _paragraph_6fko5_10 layout-component text-serif-m layout-normal text-serif-m layout-padded\">Mark Carney sier <a href=\"https:\/\/www.cbc.ca\/news\/politics\/carney-full-remarks-us-trade-talks-suspended-9.7317033\" class=\"_link_145nj_39\" rel=\"nofollow noopener\" target=\"_blank\">USA er avhengig<\/a> av kanadisk eksport \u00abog viser til at Canada leverer 99 prosent av USAs import av naturgass og 60 prosent av r\u00e5olje-importen. <\/p>\n<p class=\"_paragraph_145nj_4 _paragraph_6fko5_10 layout-component text-serif-m layout-normal text-serif-m layout-padded\">Men CBC peker p\u00e5 at, selv om tallene er riktige, s\u00e5 er den amerikanske egenproduksjonen s\u00e5 stor at importen <a href=\"https:\/\/www.cbc.ca\/news\/world\/trade-war-natural-gas-9.7321566\" class=\"_link_145nj_39\" rel=\"nofollow noopener\" target=\"_blank\">bare er en liten del<\/a> av det totale amerikanske naturgassforbruket \u2013 omtrent \u00e5tte prosent.<\/p>\n<p class=\"_paragraph_145nj_4 _paragraph_6fko5_10 layout-component text-serif-m layout-normal text-serif-m layout-padded\"><strong class=\"_strong_145nj_25\">S\u00e5 en stopp i olje- og natureksporten vil trolig ramme Canada mer enn USA. <\/strong><\/p>\n<p class=\"_paragraph_145nj_4 _paragraph_6fko5_10 layout-component text-serif-m layout-normal text-serif-m layout-padded\">Keystone XLKeystone XLKeystone XL skulle frakte rundt 830.000 fat olje daglig fra Alberta mot amerikanske raffinerier ved Gulfkysten. USA importerer allerede over 4 millioner fat canadisk olje daglig, rundt 60 prosent av all amerikansk r\u00e5oljeimport, en plan om en fremtidig r\u00f8rledning fra Alberta til amerikanske raffinerier ved Gulfkysten har v\u00e6rt et trumfkort for Canada og del av forhandlingene. Men Carney mente Trump-administrasjonen krevde for mye uten \u00e5 gi Canada nok tilbake, og trakk dette kortet, if\u00f8lge New York Times.<\/p>\n<p>Fortsatt sikkerhetssamarbeid<\/p>\n<p class=\"_paragraph_145nj_4 _paragraph_6fko5_10 layout-component text-serif-m layout-normal text-serif-m layout-padded\">Til tross for det anspente forholdet, understreker Canadas utenriksminister Anita Anand at samarbeidet p\u00e5 sikkerhetsomr\u00e5det fortsetter.<\/p>\n<p class=\"_paragraph_145nj_4 _paragraph_6fko5_10 layout-component text-serif-m layout-normal text-serif-m layout-padded\">\u2013 Jeg vil fortsette \u00e5 samarbeide med min motpart i USA om bilaterale sp\u00f8rsm\u00e5l n\u00e5r det er n\u00f8dvendig, enten det er om arktisk sikkerhet, regional sikkerhet i Haiti, eller cyber-svindelsentre, sier Anand if\u00f8lge\u00a0<a href=\"https:\/\/globalnews.ca\/news\/12039115\/canada-tweaks-list-counter-tariffs\/\" class=\"_link_145nj_39\" rel=\"nofollow noopener\" target=\"_blank\">Global News<\/a>.<\/p>\n<p><img alt=\"Detg er ingen tvil p\u00e5 kanadisk side hva den enorme innsj\u00f8en heter.  Foto: Keito Newman \/ Pa Photos \/ NTB\" class=\"_image_jw3bv_65 layout-component layout-normal\" data-fullscreen- data-track-element-type=\"Article image fullscreen\" data-track-name=\"ImageFullscreen\" decoding=\"async\" loading=\"lazy\" height=\"3342\" itemprop=\"image\"  src=\"https:\/\/www.europesays.com\/no\/wp-content\/uploads\/2026\/09\/49979beb-a4ed-3f90-972b-ee8208fbff92.jpeg\"  style=\"object-position:0% 0%\" width=\"5013\"\/>Detg er ingen tvil p\u00e5 kanadisk side hva den enorme innsj\u00f8en heter.  Foto: Keito Newman \/ Pa Photos \/ NTB    <img decoding=\"async\" alt=\"Tips oss illustrasjon\" src=\"https:\/\/www.europesays.com\/no\/wp-content\/uploads\/2026\/09\/1788224239_704_pssst-small.webp\"\/>    <\/p>\n<p class=\"title-serif-s\">Har du tips?<\/p>\n<p class=\"text-sans-m\">Send oss informasjon, bilder eller video.<\/p>\n<p>  <a href=\"https:\/\/www.vg.no\/tips-oss\" rel=\"nofollow noopener\" target=\"_blank\"> Tips oss <\/a>      <\/p>\n","protected":false},"excerpt":{"rendered":"Forholdet mellom USA og Canada er p\u00e5 et nytt bunniv\u00e5 etter handelskollaps. Kanadiere boikotter amerikanske varer og selger&hellip;\n","protected":false},"author":2,"featured_media":339582,"comment_status":"","ping_status":"","sticky":false,"template":"","format":"standard","meta":{"footnotes":"","_share_on_mastodon":"0"},"categories":[12],"tags":[31,20,21,1456,55,24,25,15,22,23,8321,13,30,28,29,14,16,26,27,42,43,44,45],"class_list":["post-339581","post","type-post","status-publish","format-standard","has-post-thumbnail","category-verden","tag-breaking","tag-breaking-news","tag-breakingnews","tag-canada","tag-donald-trump","tag-featured-news","tag-featurednews","tag-headlines","tag-latest-news","tag-latestnews","tag-mark-carney","tag-news","tag-no","tag-norge","tag-norway","tag-nyheter","tag-overskrifter","tag-top-stories","tag-topstories","tag-verden","tag-world","tag-world-news","tag-worldnews"],"share_on_mastodon":{"url":"https:\/\/pubeurope.com\/@no\/117193071156689007","error":""},"_links":{"self":[{"href":"https:\/\/www.europesays.com\/no\/wp-json\/wp\/v2\/posts\/339581","targetHints":{"allow":["GET"]}}],"collection":[{"href":"https:\/\/www.europesays.com\/no\/wp-json\/wp\/v2\/posts"}],"about":[{"href":"https:\/\/www.europesays.com\/no\/wp-json\/wp\/v2\/types\/post"}],"author":[{"embeddable":true,"href":"https:\/\/www.europesays.com\/no\/wp-json\/wp\/v2\/users\/2"}],"replies":[{"embeddable":true,"href":"https:\/\/www.europesays.com\/no\/wp-json\/wp\/v2\/comments?post=339581"}],"version-history":[{"count":0,"href":"https:\/\/www.europesays.com\/no\/wp-json\/wp\/v2\/posts\/339581\/revisions"}],"wp:featuredmedia":[{"embeddable":true,"href":"https:\/\/www.europesays.com\/no\/wp-json\/wp\/v2\/media\/339582"}],"wp:attachment":[{"href":"https:\/\/www.europesays.com\/no\/wp-json\/wp\/v2\/media?parent=339581"}],"wp:term":[{"taxonomy":"category","embeddable":true,"href":"https:\/\/www.europesays.com\/no\/wp-json\/wp\/v2\/categories?post=339581"},{"taxonomy":"post_tag","embeddable":true,"href":"https:\/\/www.europesays.com\/no\/wp-json\/wp\/v2\/tags?post=339581"}],"curies":[{"name":"wp","href":"https:\/\/api.w.org\/{rel}","templated":true}]}}