{"id":339605,"date":"2026-09-01T01:22:52","date_gmt":"2026-09-01T01:22:52","guid":{"rendered":"https:\/\/www.europesays.com\/no\/339605\/"},"modified":"2026-09-01T01:22:52","modified_gmt":"2026-09-01T01:22:52","slug":"vw-id-buzz-blir-bobil","status":"publish","type":"post","link":"https:\/\/www.europesays.com\/no\/339605\/","title":{"rendered":"VW ID. Buzz blir bobil"},"content":{"rendered":"<p class=\"kicker text-red color_mobile_text-red hasTextColor hasTextColorMobile\" style=\"\">Verdenspremiere:\u00a0<\/p>\n<p class=\"subtitle \" style=\"\">Si hei til ID. California Cruise, og ja, den er selvf\u00f8lgelig elektrisk.<\/p>\n<p>\n    Foto: Volkswagen\n  <\/p>\n<p>(Elbil24): Den har lenge v\u00e6rt<br \/>\netterspurt, og i mellomtiden er det flere som har laget sin egen versjon. Jeg<br \/>\nsnakker da naturligvis om en camper-utgave av den elektriske VW ID.Buzz.<\/p>\n<p>N\u00e5 har<br \/>\nderimot Volkswagen selv vist frem det som da m\u00e5 anses for \u00e5 v\u00e6re originalen, og<br \/>\ndet er divisjonen for nyttekj\u00f8ret\u00f8y hos Volkswagen som n\u00e5 endelig har avduket ID.<br \/>\nCalifornia Cruise. Det skjedde p\u00e5 den store caravanmessen i D\u00fcsseldorf, som g\u00e5r<br \/>\nav stabelen \u00e5rlig.<\/p>\n<p>Den ikoniske<br \/>\ncampingbilen blir n\u00e5 100 % elektrisk basert p\u00e5 ID. Buzz \u2013 og dette er bare<br \/>\nstarten p\u00e5 en hel serie elektriske bobiler.<\/p>\n<p>    <a itemprop=\"url\" href=\"https:\/\/www.elbil24.no\/pro\/smarte-elbil-funksjoner-vi-elsker\/79163492\" rel=\"nofollow noopener\" target=\"_blank\"><\/p>\n<p>        <img loading=\"lazy\" decoding=\"async\" src=\"https:\/\/www.europesays.com\/no\/wp-content\/uploads\/2026\/09\/79195787.webp\" width=\"180\" height=\"81\" alt=\"\" class=\"lazyload\" style=\"--aspect-ratio-image: 2.22; \"\/><\/p>\n<p>        Smarte elbil-funksjoner vi elsker<\/p>\n<p>    <\/a><\/p>\n<p>Campingentusiaster<br \/>\nog elbilfans \u2013 spesielt i VW-milj\u00f8et &#8211; har ventet i spenning helt siden<br \/>\nlanseringen av ID. Buzz. Med lanseringen av ID. California markerer VW p\u00e5 sett<br \/>\nog vis en helt ny tidsalder for den legendariske bobilfamilien, hvor den<br \/>\nvelkjente frihetsf\u00f8lelsen fra \u00abBulli\u00bb kombineres med en elektrisk drivlinje. <\/p>\n<p>At markedet sikter<br \/>\ni den retning har vi skrevet om f\u00f8r, for p\u00e5 samme messe st\u00e5r det ogs\u00e5 en annen<br \/>\nelektrisk bobil, der tre produsenter har g\u00e5tt sammen om \u00e5 lage en prototype.\u00a0<\/p>\n<p>        <img loading=\"lazy\" decoding=\"async\" src=\"https:\/\/www.europesays.com\/no\/wp-content\/uploads\/2026\/09\/85088849.webp\" width=\"688\" height=\"393\" alt=\"\" class=\"\" style=\"--aspect-ratio-image: 1.75; \"\/><\/p>\n<p>\n        Foto: VW\n    <\/p>\n<p>R\u00f8tter fra 1988, i<br \/>\nelektrisk drakt<\/p>\n<p>Helt siden den<br \/>\nf\u00f8rste generasjonen debuterte i 1988 har Volkswagen California st\u00e5tt for<br \/>\nkompakte bobiler, med smart hverdagsnytte og stor fleksibilitet.<\/p>\n<p>ID. California<br \/>\nCruise bygger videre p\u00e5 denne arven, og henter spesielt inspirasjon fra de<br \/>\npopul\u00e6re Beach-modellene, hvor fokus ligger p\u00e5 et allsidig og fleksibelt<br \/>\ninteri\u00f8r.<\/p>\n<p>Men VW er som sagt<br \/>\nikke alene om \u00e5 tenke flerbruk p\u00e5 denne m\u00e5ten, for ogs\u00e5 Kia jobber med \u00e5 lage<br \/>\nen tilsvarende l\u00f8sning for sin Kia PV5, en elektrisk varebil som ogs\u00e5 byr p\u00e5<br \/>\nstore muligheter. <\/p>\n<p>    <a itemprop=\"url\" href=\"https:\/\/www.elbil24.no\/nyheter\/kia-satser-pa-turglede-med-ev9-og-pv5\/82217552\" rel=\"nofollow noopener\" target=\"_blank\"><\/p>\n<p>        <img loading=\"lazy\" decoding=\"async\" src=\"https:\/\/www.europesays.com\/no\/wp-content\/uploads\/2026\/09\/82217585.webp\" width=\"180\" height=\"81\" alt=\"\" class=\"lazyload\" style=\"--aspect-ratio-image: 2.22; \"\/><\/p>\n<p>        Kia satser p\u00e5 turglede med EV9 og PV5<\/p>\n<p>    <\/a><\/p>\n<p>Den nye modellen fra<br \/>\nVW er basert p\u00e5 ID. Buzz Pro, og kj\u00f8perne vil kunne velge mellom b\u00e5de kort og<br \/>\nlang akselavstand, som i praksis ogs\u00e5 gj\u00f8r utslag p\u00e5 innvendig plass. Utvendig<br \/>\nskiller nykomlingen seg ut med spesielle \u00abCruise\u00bb-designstriper langs sidene,<br \/>\nCalifornia-skrift p\u00e5 hekken, samt eksklusive setetrekk med integrert modellogo.<\/p>\n<p>        <img loading=\"lazy\" decoding=\"async\" src=\"https:\/\/www.europesays.com\/no\/wp-content\/uploads\/2026\/09\/85088861.webp\" width=\"688\" height=\"393\" alt=\"\" class=\"\" style=\"--aspect-ratio-image: 1.75; \"\/><\/p>\n<p>\n        Foto: Volkswagen\n    <\/p>\n<p>Komfortabel for to<\/p>\n<p>Innvendig er ID.<br \/>\nCalifornia Cruise skreddersydd for spontane helgeturer og lengre bilferier.<br \/>\nKj\u00f8ret\u00f8yet byr p\u00e5 en komplett soveplass for to personer, der sengen m\u00e5ler 2,03<br \/>\nmeter i lengden og 1,20 meter i bredden. For \u00e5 sikre nattes\u00f8vnen har Volkswagen<br \/>\nutviklet en ni centimeter tykk madrass som enkelt brettes sammen n\u00e5r bilen<br \/>\nskal kj\u00f8res. De mest kreative kundene finner sikkert egne l\u00f8sninger for \u00e5 f\u00e5<br \/>\nandre l\u00f8sninger, om man \u00f8nsker det.<\/p>\n<p>Alt av n\u00f8dvendig<br \/>\ncampingutstyr f\u00f8lger med som standard og har sine faste oppbevaringsplasser i<br \/>\nbilen. Dette inkluderer spesialtilpassede ventilasjonsgitter for sidevinduene<br \/>\nforan, blendingsgardiner for samtlige vinduer \u2013 ogs\u00e5 for det valgfrie<br \/>\npanoramaglasstaket \u2013 samt to campingstoler og et sammenleggbart campingbord.<\/p>\n<p>    <a itemprop=\"url\" href=\"https:\/\/www.elbil24.no\/nyheter\/varebil-personbil-og-bobil-i-ett\/84899249\" rel=\"nofollow noopener\" target=\"_blank\"><\/p>\n<p>        <img loading=\"lazy\" decoding=\"async\" src=\"https:\/\/www.europesays.com\/no\/wp-content\/uploads\/2026\/09\/84899262.webp\" width=\"180\" height=\"81\" alt=\"\" class=\"lazyload\" style=\"--aspect-ratio-image: 2.22; \"\/><\/p>\n<p>        Varebil, personbil og bobil i ett? <\/p>\n<p>    <\/a><\/p>\n<p>Blant de mest<br \/>\npraktiske nyhetene finner vi en nylaget California-modus. Via en egen<br \/>\nstyreenhet i bodelen kan man enkelt tilpasse belysningen, aktivere kontinuerlig<br \/>\nstr\u00f8mtilf\u00f8rsel til USB-portene og gj\u00f8re kupeen klar for natten.<\/p>\n<p>Klimaanlegget kan<br \/>\nvarme opp eller kj\u00f8le ned kupeen etter behov mens bilen st\u00e5r parkert. Avhengig<br \/>\nav batteriets ladetilstand og utetemperatur kan systemet opprettholde en<br \/>\nbehagelig sovetemperatur i inntil 48 timer i strekk \u2013 helt uten motorst\u00f8y, selvsagt.<\/p>\n<p>Energien hentes fra det store driftsbatteriet dersom du st\u00e5r s\u00e5kalt off-grid,<br \/>\nalts\u00e5 ikke koblet til str\u00f8mnettet, s\u00e5 det er viktig at du p\u00e5 forh\u00e5nd planlegger<br \/>\n\u00e5 strande for natten med nok str\u00f8m p\u00e5 batteriet. <\/p>\n<p>        <img loading=\"lazy\" decoding=\"async\" src=\"https:\/\/www.europesays.com\/no\/wp-content\/uploads\/2026\/09\/85088867.webp\" width=\"688\" height=\"393\" alt=\"\" class=\"\" style=\"--aspect-ratio-image: 1.75; \"\/><\/p>\n<p>\u00abInnlagt str\u00f8m\u00bb<\/p>\n<p>Siden bilen er<br \/>\nbygget p\u00e5 en ren elbilplattform, utnyttes fremdriftsbatteriet ogs\u00e5 som en<br \/>\nkraftfull, mobil str\u00f8mbank. Takket v\u00e6re Vehicle-to-Load-funksjonen (V2L) leverer<br \/>\nbilen en kontinuerlig effekt p\u00e5 inntil 2 000 watt, med en toppeffekt p\u00e5 3,6 kW.<br \/>\nDette gj\u00f8r det mulig \u00e5 drifte alt fra kaffetraktere, vannkokere og b\u00e6rbare<br \/>\ninduksjonsplater til kj\u00f8lebokser, eller kanskje du trenger \u00e5 lade el-syklene<br \/>\ndine? Alt kan gj\u00f8res med str\u00f8m hentet fra bilen, uten at dette lenger kan anses<br \/>\nsom noe nytt. <\/p>\n<p>Vi har selv v\u00e6rt<br \/>\np\u00e5 tur der elbilen faktisk har v\u00e6rt str\u00f8mkilde for ei hel hytte, s\u00e5 mulighetene<br \/>\ner mange. <\/p>\n<p>    <a itemprop=\"url\" href=\"https:\/\/www.elbil24.no\/nyttig\/her-lader-elbilen-opp-hytta\/77280514\" rel=\"nofollow noopener\" target=\"_blank\"><\/p>\n<p>        <img loading=\"lazy\" decoding=\"async\" src=\"https:\/\/www.europesays.com\/no\/wp-content\/uploads\/2026\/09\/77293713.webp\" width=\"180\" height=\"81\" alt=\"\" class=\"lazyload\" style=\"--aspect-ratio-image: 2.22; \"\/><\/p>\n<p>        Her \u00ablader\u00bb elbilen opp hytta<\/p>\n<p>    <\/a><\/p>\n<p>Selve<br \/>\nturplanleggingen i bilen har ogs\u00e5 blitt enklere. I den oppdaterte<br \/>\nCalifornia-appen foresl\u00e5r ruteplanleggeren n\u00e5 automatisk egnede ladestopp<br \/>\ntilpasset campingturen.<\/p>\n<p>I tillegg st\u00f8tter bilen Plug &amp; Charge via<br \/>\nVolkswagen-appen, slik at ladingen starter automatisk s\u00e5 snart kabelen plugges<br \/>\ni p\u00e5 kompatible ladestasjoner. Dette krever dog et abonnement, og det er ikke<br \/>\nhugget i stein at det er denne l\u00f8sningen du \u00f8nsker. Men den er definitivt<br \/>\npraktisk. <\/p>\n<p class=\"font-weight-bold m-font-weight-bold\" data-lab-font_weight=\"font-weight-bold\">Se flere praktiske l\u00f8sninger her:\u00a0<\/p>\n<p>Pris og levering<\/p>\n<p>ID. California<br \/>\nCruise leveres velutstyrt fra fabrikk med b\u00e5de interi\u00f8r- og komfortpakke<br \/>\ninkludert som standard. Prisene i Tyskland starter p\u00e5 60\u00a0761 euro, noe som<br \/>\ntilsvarer rundt 710 000 kroner. <\/p>\n<p>De f\u00f8rste<br \/>\nkundeleveringene er planlagt til tidlig i 2027. Volkswagen understreker at<br \/>\ndette bare er startskuddet: Fram mot 2028 skal<br \/>\nmodellfamilien utvides trinnvis med flere helelektriske California-varianter.<\/p>\n","protected":false},"excerpt":{"rendered":"Verdenspremiere:\u00a0 Si hei til ID. California Cruise, og ja, den er selvf\u00f8lgelig elektrisk. Foto: Volkswagen (Elbil24): Den har&hellip;\n","protected":false},"author":2,"featured_media":339606,"comment_status":"","ping_status":"","sticky":false,"template":"","format":"standard","meta":{"footnotes":"","_share_on_mastodon":"0"},"categories":[56],"tags":[4915,11629,60,24489,26163,61,267,18985,26164,62,30,28,29,14,13840],"class_list":["post-339605","post","type-post","status-publish","format-standard","has-post-thumbnail","category-naeringsliv","tag-4915","tag-bobil","tag-business","tag-campingbil","tag-caravanmesse","tag-economy","tag-elbil","tag-id-buzz","tag-id-california-cruise","tag-naeringsliv","tag-no","tag-norge","tag-norway","tag-nyheter","tag-vw"],"share_on_mastodon":{"url":"https:\/\/pubeurope.com\/@no\/117193173614093124","error":""},"_links":{"self":[{"href":"https:\/\/www.europesays.com\/no\/wp-json\/wp\/v2\/posts\/339605","targetHints":{"allow":["GET"]}}],"collection":[{"href":"https:\/\/www.europesays.com\/no\/wp-json\/wp\/v2\/posts"}],"about":[{"href":"https:\/\/www.europesays.com\/no\/wp-json\/wp\/v2\/types\/post"}],"author":[{"embeddable":true,"href":"https:\/\/www.europesays.com\/no\/wp-json\/wp\/v2\/users\/2"}],"replies":[{"embeddable":true,"href":"https:\/\/www.europesays.com\/no\/wp-json\/wp\/v2\/comments?post=339605"}],"version-history":[{"count":0,"href":"https:\/\/www.europesays.com\/no\/wp-json\/wp\/v2\/posts\/339605\/revisions"}],"wp:featuredmedia":[{"embeddable":true,"href":"https:\/\/www.europesays.com\/no\/wp-json\/wp\/v2\/media\/339606"}],"wp:attachment":[{"href":"https:\/\/www.europesays.com\/no\/wp-json\/wp\/v2\/media?parent=339605"}],"wp:term":[{"taxonomy":"category","embeddable":true,"href":"https:\/\/www.europesays.com\/no\/wp-json\/wp\/v2\/categories?post=339605"},{"taxonomy":"post_tag","embeddable":true,"href":"https:\/\/www.europesays.com\/no\/wp-json\/wp\/v2\/tags?post=339605"}],"curies":[{"name":"wp","href":"https:\/\/api.w.org\/{rel}","templated":true}]}}