{"id":339683,"date":"2026-09-01T05:07:54","date_gmt":"2026-09-01T05:07:54","guid":{"rendered":"https:\/\/www.europesays.com\/no\/339683\/"},"modified":"2026-09-01T05:07:54","modified_gmt":"2026-09-01T05:07:54","slug":"politikk-innlandet-far-refs-etter-innlegg-respektlost","status":"publish","type":"post","link":"https:\/\/www.europesays.com\/no\/339683\/","title":{"rendered":"Politikk, Innlandet | F\u00e5r refs etter innlegg: \u2013 Respektl\u00f8st"},"content":{"rendered":"\n<p>Fredag besluttet Stortingets presidentskap at all politisk virksomhet i regi av Stortinget avlyses eller utsettes til etter gravferden til Hans Majestet Kong Harald V.<\/p>\n<p>Mandag kan Nettavisen fortelle at det finnes en politisk veileder for partiene p\u00e5 Stortinget etter kongens d\u00f8d.<\/p>\n<p>\u00abVi oppfordrer til \u00e5 stanse all aktivitet som ikke anses strengt n\u00f8dvendig frem til begravelsen. Dette vil blant annet omfatte politiske eksterne m\u00f8ter, reiser, utadrettet arrangementer og medieaktiviteter\u00bb, heter det i en epost sendt til stortingspolitikerne.<\/p>\n<p>Brevet ble etter det Nettavisen kjenner til skrevet av Arbeiderpartiet og Fremskrittspartiet f\u00f8r kong Haralds d\u00f8d, og klargjort med de andre partiene p\u00e5 Stortinget.<\/p>\n<p>  <a href=\"https:\/\/www.ostlendingen.no\/80-69-320396\" class=\"related-teaser has-image article--c-MkAkR\" rel=\"nofollow noopener\" target=\"_blank\"><\/p>\n<p>    <img decoding=\"async\" width=\"155\"  loading=\"lazy\"  src=\"https:\/\/www.europesays.com\/no\/wp-content\/uploads\/2026\/09\/IMG_8764.JPG\" alt=\"\" class=\"brick-c-cFOWSL\" style=\"\"\/><\/p>\n<p>\n            Les ogs\u00e5<\/p>\n<p>            M\u00f8tte opp i Elverum kirke for \u00e5 minnes kong Harald\n        <\/p>\n<p>  <\/a><br \/>\n  Vedum la ut EU-innlegg<\/p>\n<p>Men i helgen la Senterparti-leder Trygve Slagsvold Vedum likevel ut <a href=\"https:\/\/www.facebook.com\/profile.php?id=100044497806858&amp;locale=nb_NO\" rel=\"Follow nofollow noopener\" target=\"_blank\">et innlegg p\u00e5 Facebook<\/a> etter EU-valget p\u00e5 Island.<\/p>\n<p>\u00abGratulerer, Island! Klokt valg \u00e5 si nei til \u00e5 starte medlemskapsforhandlinger med EU. Dette handler om \u00e5 ta vare p\u00e5 folkestyret og retten til \u00e5 styre eget land. Islendingene har sagt klart fra: De vil beholde nasjonal kontroll over energi, fiskeri og landbruk\u00bb, skrev Vedum, som ogs\u00e5 sendte ut en pressemelding etter EU-valget.<\/p>\n<p>   <img decoding=\"async\" width=\"1260\" height=\"740\" fetchpriority=\"low\"  loading=\"lazy\"  src=\"https:\/\/www.europesays.com\/no\/wp-content\/uploads\/2026\/09\/vedum1.jpg\" alt=\"\" class=\"brick-c-cFOWSL\" style=\"--brick-image-ratio: 1260 \/ 740;\"\/><\/p>\n<p>      Sp-leder Trygve Slagsvold Vedum la ut dette innlegget om EU-valget p\u00e5 Island i helgen.<br \/>\n      Foto: Skjermdump Facebook\n    <\/p>\n<p><b>Vedums innlegg skaper n\u00e5 reaksjoner fra flere hold. <\/b><\/p>\n<p>\u00abHei, Trygve. Dette synes jeg er respektl\u00f8st overfor Kongehuset. Dette er et politisk innlegg i sosiale medier. Det syns jeg du burde holdt deg for god for\u00bb, skriver politisk r\u00e5dgiver i MDGs stortingsgruppe, Haakon Lindahl, under innlegget.<\/p>\n<p>Lindahl viser til enigheten mellom partiene p\u00e5 Stortinget om \u00e5 sette all politisk virksomhet i bero inntil Kong Haralds begravelse.<\/p>\n<p>  <a href=\"https:\/\/www.ostlendingen.no\/80-69-320249\" class=\"related-teaser has-image article--c-MkAkR\" rel=\"nofollow noopener\" target=\"_blank\"><\/p>\n<p>    <img decoding=\"async\" width=\"155\"  loading=\"lazy\"  src=\"https:\/\/www.europesays.com\/no\/wp-content\/uploads\/2026\/09\/hjemme.JPG\" alt=\"\" class=\"brick-c-cFOWSL\" style=\"\"\/><\/p>\n<p>\n            Les ogs\u00e5<\/p>\n<p>            Da \u00d8sten (22) snudde seg, fikk han beskjeden som betydde alt: \u2013 Alle hadde han i tankene\n        <\/p>\n<p>  <\/a><br \/>\n  F\u00e5r H\u00f8yre-refs<\/p>\n<p>H\u00f8yres generalsekret\u00e6r, Tom Erlend Skaug, reagerer ogs\u00e5. Han skriver p\u00e5 Facebook at han synes utspillet er \u00abegentlig mest trist\u00bb.<\/p>\n<p>\u2013 Jeg oppfatter Vedum sitt innlegg som et politisk innlegg. Ingen andre partier har kommentert Islands folkeavstemning om EU p\u00e5 Facebook, sier Skaug til <a href=\"https:\/\/www.aftenposten.no\/norge\/politikk\/i\/BxqAy9\/partiene-ble-enige-om-borgfred-til-kongen-er-begravet-saa-sa-island-nei-til-eu\" rel=\"Follow nofollow noopener\" target=\"_blank\">Aftenposten, <\/a>som ogs\u00e5 omtaler saken.<\/p>\n<p>Enigheten fra Stortinget legger opp til \u00e5 stanse f\u00f8lgende aktiviteter, med mindre de \u00abvurderes som strengt n\u00f8dvendige\u00bb:<\/p>\n<ul>\n<li>Reiser og bedriftsbes\u00f8k.<\/li>\n<li>Politiske m\u00f8ter med eksterne akt\u00f8rer.<\/li>\n<li>Utadrettede arrangementer som stand, kontingentringing, vervekampanjer, nominasjonsm\u00f8ter mm.<\/li>\n<li>Politiske utspill, leserinnlegg, debattdeltakelse og annen politisk kommunikasjon.<\/li>\n<li>Politiske innlegg i sosiale medier<\/li>\n<li>Sosiale arrangementer.<\/li>\n<\/ul>\n<p>Flere som reagerer<\/p>\n<p>Det er flere andre som ogs\u00e5 reagerer p\u00e5 Vedums innlegg.<\/p>\n<p>\u00abSynes det blir litt feil at du proklamerer dette n\u00e5r alle partiet er enige om at i disse dager skal det ikke v\u00e6re noen politiske innspill. Der har du tr\u00e5kka feil etter min mening\u00bb, skriver en under hans innlegg p\u00e5 Facebook.<\/p>\n<p>\u00abD\u00e5rlig stil \u00e5 drive med politiske utspill midt i landesorgen og n\u00e5r de politiske partiene har blitt enige om \u00e5 droppe det frem til gravferden av respekt for kongens bortgang\u00bb, skriver en annen.<\/p>\n<p>  <a href=\"https:\/\/www.ostlendingen.no\/80-69-319748\" class=\"related-teaser has-image article--c-MkAkR\" rel=\"nofollow noopener\" target=\"_blank\"><\/p>\n<p>    <img decoding=\"async\" width=\"155\"  loading=\"lazy\"  src=\"https:\/\/www.europesays.com\/no\/wp-content\/uploads\/2026\/09\/Markering pa  Terningmoen.jpg\" alt=\"\" class=\"brick-c-cFOWSL\" style=\"\"\/><\/p>\n<p>\n            Bildeserie<\/p>\n<p>            Mista sin leder: Full oppstilling i Elverum\n        <\/p>\n<p>  <\/a><br \/>\n  Sp: \u2013 Kommenterer p\u00e5 en dempet m\u00e5te<\/p>\n<p>Ole Andr\u00e9 Myhrvold, generalsekret\u00e6r for Senterpartiet, sier til Aftenposten at de ikke vil komme med utspill mot sine politiske motstandere.<\/p>\n<p>\u2013 S\u00e5 kommenterer vi p\u00e5 en dempet m\u00e5te p\u00e5 store begivenheter som Islands nei til \u00e5 forhandle med EU om medlemskap, skriver han, og peker p\u00e5 at utenriksminister Espen Barth Eide ogs\u00e5 har kommentert Islands nei.<\/p>\n<p>I helgen sa H\u00f8yre f\u00f8lgende til Nettavisen om hvordan de vil opptre de neste ukene:<\/p>\n<p>\u2013 Alle partier p\u00e5 Stortinget er enige om \u00e5 stanse alle politiske utspill, politisk kommunikasjon og debatter frem til tidligst Hans Majestet Kong Harald Vs begravelse. Av respekt for situasjonen kommer vi derfor ikke til \u00e5 kommentere politiske henvendelser, sa kommunikasjonssjef i H\u00f8yre, Jacob M\u00e6hle.<\/p>\n<p>Nettavisen har bedt om en kommentar til saken fra Vedum, men har forel\u00f8pig ikke f\u00e5tt svar.<\/p>\n<p><a class=\"brick-c-hOTghF\" href=\"#skip-\">Hopp over karusellen.<\/a><\/p>\n<p data-static=\"\" class=\"brick-c-fgNmNC\" id=\"carousel-title-\">Innholdskarusell med 20 artikler.<\/p>\n<ul data-static=\"\" aria-label=\"Navigasjon for innholdskarusell\" class=\"carousel-nav\">\n<li>\n<\/li>\n<li>\n<\/li>\n<\/ul>\n","protected":false},"excerpt":{"rendered":"Fredag besluttet Stortingets presidentskap at all politisk virksomhet i regi av Stortinget avlyses eller utsettes til etter gravferden&hellip;\n","protected":false},"author":2,"featured_media":339684,"comment_status":"","ping_status":"","sticky":false,"template":"","format":"standard","meta":{"footnotes":"","_share_on_mastodon":"0"},"categories":[5],"tags":[36,20,21,24,25,15,19,813,22,23,17,18,13,30,28,29,14,16,41,1510,26,27],"class_list":["post-339683","post","type-post","status-publish","format-standard","has-post-thumbnail","category-overskrifter","tag-art","tag-breaking-news","tag-breakingnews","tag-featured-news","tag-featurednews","tag-headlines","tag-hovedoppslag","tag-innlandet","tag-latest-news","tag-latestnews","tag-main-news","tag-mainnews","tag-news","tag-no","tag-norge","tag-norway","tag-nyheter","tag-overskrifter","tag-politikk","tag-story","tag-top-stories","tag-topstories"],"share_on_mastodon":{"url":"https:\/\/pubeurope.com\/@no\/117194058372284349","error":""},"_links":{"self":[{"href":"https:\/\/www.europesays.com\/no\/wp-json\/wp\/v2\/posts\/339683","targetHints":{"allow":["GET"]}}],"collection":[{"href":"https:\/\/www.europesays.com\/no\/wp-json\/wp\/v2\/posts"}],"about":[{"href":"https:\/\/www.europesays.com\/no\/wp-json\/wp\/v2\/types\/post"}],"author":[{"embeddable":true,"href":"https:\/\/www.europesays.com\/no\/wp-json\/wp\/v2\/users\/2"}],"replies":[{"embeddable":true,"href":"https:\/\/www.europesays.com\/no\/wp-json\/wp\/v2\/comments?post=339683"}],"version-history":[{"count":0,"href":"https:\/\/www.europesays.com\/no\/wp-json\/wp\/v2\/posts\/339683\/revisions"}],"wp:featuredmedia":[{"embeddable":true,"href":"https:\/\/www.europesays.com\/no\/wp-json\/wp\/v2\/media\/339684"}],"wp:attachment":[{"href":"https:\/\/www.europesays.com\/no\/wp-json\/wp\/v2\/media?parent=339683"}],"wp:term":[{"taxonomy":"category","embeddable":true,"href":"https:\/\/www.europesays.com\/no\/wp-json\/wp\/v2\/categories?post=339683"},{"taxonomy":"post_tag","embeddable":true,"href":"https:\/\/www.europesays.com\/no\/wp-json\/wp\/v2\/tags?post=339683"}],"curies":[{"name":"wp","href":"https:\/\/api.w.org\/{rel}","templated":true}]}}