{"id":339701,"date":"2026-09-01T05:47:15","date_gmt":"2026-09-01T05:47:15","guid":{"rendered":"https:\/\/www.europesays.com\/no\/339701\/"},"modified":"2026-09-01T05:47:15","modified_gmt":"2026-09-01T05:47:15","slug":"nissan-avslutter-produksjonen-av-ariya","status":"publish","type":"post","link":"https:\/\/www.europesays.com\/no\/339701\/","title":{"rendered":"Nissan avslutter produksjonen av Ariya"},"content":{"rendered":"<p>        Saken oppsummert<\/p>\n<ul lang=\"nb-NO\">\n<li>Nissan har stoppet produksjonen av Ariya i Europa.<\/li>\n<li>Den popul\u00e6re elbilen fikk dermed et kort liv.<\/li>\n<li>Bakgrunnen er kutt og omstilling hos Nissan globalt.<\/li>\n<li>Likevel blir Ariya fortsatt tilgjengelig i Norge en stund.<\/li>\n<\/ul>\n<p class=\"italic ai-disclaimer\" data-lab-italic=\"italic\">Oppsummeringen er laget med kunstig intelligens (KI) fra OpenAI. Innholdet er kvalitetssikret av TV 2s journalister. <a target=\"_blank\" href=\"https:\/\/hjelp.tv2.no\/info\/artikkel\/slik-jobber-vi-med-ki-i-tv-2\" title=\"Les om hvordan vi jobber med KI\" rel=\"nofollow noopener\">Les om hvordan vi jobber med KI<\/a><\/p>\n<p>Etter enn rekke forsinkelser, kom endelig Nissan Ariya p\u00e5 markedet i 2022. Den kom sent, men godt. Modellen ble nemlig raskt popul\u00e6r, ikke minst i Norge. <\/p>\n<p>Totalt har det blitt solgt mer enn 12.000 eksemplarer av den elektriske SUV-en her til lands, og fortsatt ruller det mange biler ut fra norske forhandlere.\u00a0<\/p>\n<p>Men snart er det slutt.\u00a0<\/p>\n<p>        <img class=\"image__img lazyload\" itemprop=\"image\" title=\"Foto: Nissan\" alt=\"FACELIFT: S\u00e5 sent som i mai fikk Ariya sin f\u00f8rste facelift. Foto: Nissan\" width=\"675\" height=\"379\" bad-src=\"https:\/\/www.europesays.com\/no\/wp-content\/uploads\/2026\/09\/19179520.webp\" fetchpriority=\"auto\" \/><\/p>\n<p>      FACELIFT: S\u00e5 sent som i mai fikk Ariya sin f\u00f8rste facelift.<br \/>\n         Foto: Nissan<\/p>\n<p>Har avsluttet produksjonen<\/p>\n<p>Broom kan nemlig avsl\u00f8re at Nissan Ariya fikk et temmelig kort liv.\u00a0<\/p>\n<p>\u2013 Det er riktig at produksjonen av Ariya for det europeiske markedet er avsluttet, bekrefter Stian Thrane til oss.<\/p>\n<p>Han er kommunikasjonssjef for Nissan i Norge.<\/p>\n<p>Ogs\u00e5 det danske nettstedet <a href=\"https:\/\/mobilsiden.dk\/nyheder\/opkoblede-biler\/nissan\/nu-er-det-allerede-slut-nissan-ariya-udgaar\" rel=\"nofollow noopener\" target=\"_blank\">Mobilsiden.dk<\/a> har f\u00e5tt samme bekreftelse fra Nissan-ledelsen i Danmark.\u00a0<\/p>\n<p>S\u00e5 sent som i mai ble det annonsert at modellen f\u00e5r sin f\u00f8rste (og sannsynllgvis siste) facelift. Derfor kommer nyheten om at produksjonen er avsluttet, som en stor overraskelse p\u00e5 mange.\u00a0<\/p>\n<p>Ser man ting i perspektiv, gir det kanskje mer mening. Nylig bekreftet nemlig Nissan at de vil <a href=\"https:\/\/www.tv2.no\/broom\/stopper-stor-elbil-satsing\/18974563\/\" rel=\"nofollow noopener\" target=\"_blank\">redusere antallet modeller globalt fra 56 til 45<\/a>. <\/p>\n<p>Det skjer som f\u00f8lge av den vanskelige finansielle situasjonen bilprodusenten st\u00e5r i, der kostnadskutt og restrukturering er viktige ingredienser.<\/p>\n<p>I tillegg til \u00e5 avslutte produksjonen av Ariya, har Nissan ogs\u00e5 lagt planene om en elektrisk utgave av Qashqai <a href=\"https:\/\/www.tv2.no\/broom\/stopper-stor-elbil-satsing\/18974563\/\" rel=\"nofollow noopener\" target=\"_blank\">p\u00e5 is<\/a>.\u00a0<\/p>\n<p><a href=\"https:\/\/www.tv2.no\/\/broom\/na-flytter-kineserne-inn\/18917383\/\" rel=\"nofollow noopener\" target=\"_blank\">N\u00e5 flytter kineserne inn<\/a><\/p>\n<p>        <img class=\"image__img lazyload\" itemprop=\"image\" title=\"Foto: Broom\" alt=\"VIKTIGST: P\u00e5 sikt vil det v\u00e6re nye Leaf som blir den viktigste modellen for Nissan i Norge. Foto: Broom\" width=\"978\" height=\"551\" bad-src=\"https:\/\/www.europesays.com\/no\/wp-content\/uploads\/2026\/09\/19179503.webp\" fetchpriority=\"auto\" \/><\/p>\n<p>      VIKTIGST: P\u00e5 sikt vil det v\u00e6re nye Leaf som blir den viktigste modellen for Nissan i Norge.<br \/>\n         Foto: Broom<\/p>\n<p>To alternativer igjen<\/p>\n<p>At Ariya forsvinner, betyr at norske Nissan-kunder har to elektriske modeller igjen \u00e5 velge mellom: Den noe mindre Leaf, som i praksis har blitt en helt ny modell\u00a0\u2013 og den langt mer kompakte Micra.<\/p>\n<p>Den norske import\u00f8ren understreker samtidig at tilgangen p\u00e5 eksisterende biler er god, og vil ogs\u00e5 v\u00e6re det i tiden som kommer.<\/p>\n<p>\u2013 Norge har f\u00e5tt sikret et godt volum av den nye Ariya-modellen, noe som gir oss et solid grunnlag for \u00e5 m\u00f8te ettersp\u00f8rselen i markedet fremover, sier Thrane.<\/p>\n<p>Det er forel\u00f8pig ikke kjent om Ariya f\u00e5r en oppf\u00f8lger, men Nissan skal ha planer om flere elektriske modeller litt lenger fram i tid.\u00a0<\/p>\n<p>\u2013 Vi har jo nylig introdusert nye Leaf og Micra, og kommer tilbake til detaljer om andre modeller senere i \u00e5r, sier Thrane.<\/p>\n<p><a href=\"https:\/\/www.tv2.no\/broom\/nye-tider-for-bilmerket-i-norge\/18932379\/\" rel=\"nofollow noopener\" target=\"_blank\">Nye tider for Nissan i Norge<\/a><\/p>\n<p>Dette er nytt<\/p>\n<p>Nylig oppgraderte Ariya har blant annet f\u00e5tt endringer i fronten, bedre fj\u00e6ringsoppsett, ny midtkonsoll med \u00f8kt lagringsplass, oppgradert infotainmentsystem samt tr\u00e5dl\u00f8s mobillader av \u00abnyeste generasjon\u00bb.\u00a0<\/p>\n<p>Nytt er ogs\u00e5 st\u00f8tte for V2L, som gj\u00f8r det mulig \u00e5 forsyne elektriske apparater med str\u00f8m via ladeporten (inntil 3,6 kW).<\/p>\n<p>Bilen kommer i tre utgaver, og b\u00e5de med forhjulsdrift og firehjulsdrift. Prisene starter p\u00e5 350.600 kroner for den billigste utgaven.\u00a0<\/p>\n<p>Det finnes ogs\u00e5 en god del biler p\u00e5 bruktmarkedet, og modellen ser ut til \u00e5 holde seg godt i pris. Eierne er ogs\u00e5 i stor grad forn\u00f8yde, noe du kan lese mer om i denne saken:<\/p>\n","protected":false},"excerpt":{"rendered":"Saken oppsummert Nissan har stoppet produksjonen av Ariya i Europa. Den popul\u00e6re elbilen fikk dermed et kort liv.&hellip;\n","protected":false},"author":2,"featured_media":339702,"comment_status":"","ping_status":"","sticky":false,"template":"","format":"standard","meta":{"footnotes":"","_share_on_mastodon":"0"},"categories":[56],"tags":[60,61,62,30,28,29],"class_list":["post-339701","post","type-post","status-publish","format-standard","has-post-thumbnail","category-naeringsliv","tag-business","tag-economy","tag-naeringsliv","tag-no","tag-norge","tag-norway"],"share_on_mastodon":{"url":"https:\/\/pubeurope.com\/@no\/117194210907020017","error":""},"_links":{"self":[{"href":"https:\/\/www.europesays.com\/no\/wp-json\/wp\/v2\/posts\/339701","targetHints":{"allow":["GET"]}}],"collection":[{"href":"https:\/\/www.europesays.com\/no\/wp-json\/wp\/v2\/posts"}],"about":[{"href":"https:\/\/www.europesays.com\/no\/wp-json\/wp\/v2\/types\/post"}],"author":[{"embeddable":true,"href":"https:\/\/www.europesays.com\/no\/wp-json\/wp\/v2\/users\/2"}],"replies":[{"embeddable":true,"href":"https:\/\/www.europesays.com\/no\/wp-json\/wp\/v2\/comments?post=339701"}],"version-history":[{"count":0,"href":"https:\/\/www.europesays.com\/no\/wp-json\/wp\/v2\/posts\/339701\/revisions"}],"wp:featuredmedia":[{"embeddable":true,"href":"https:\/\/www.europesays.com\/no\/wp-json\/wp\/v2\/media\/339702"}],"wp:attachment":[{"href":"https:\/\/www.europesays.com\/no\/wp-json\/wp\/v2\/media?parent=339701"}],"wp:term":[{"taxonomy":"category","embeddable":true,"href":"https:\/\/www.europesays.com\/no\/wp-json\/wp\/v2\/categories?post=339701"},{"taxonomy":"post_tag","embeddable":true,"href":"https:\/\/www.europesays.com\/no\/wp-json\/wp\/v2\/tags?post=339701"}],"curies":[{"name":"wp","href":"https:\/\/api.w.org\/{rel}","templated":true}]}}