{"id":339709,"date":"2026-09-01T05:52:23","date_gmt":"2026-09-01T05:52:23","guid":{"rendered":"https:\/\/www.europesays.com\/no\/339709\/"},"modified":"2026-09-01T05:52:23","modified_gmt":"2026-09-01T05:52:23","slug":"lionel-richie-77-innlagt-pa-intensivavdeling","status":"publish","type":"post","link":"https:\/\/www.europesays.com\/no\/339709\/","title":{"rendered":"Lionel Richie (77) innlagt p\u00e5 intensivavdeling"},"content":{"rendered":"\n<p class=\"_lead_145nj_2 _lead_6fko5_53 layout-component text-serif-m layout-normal text-serif-l layout-component layout-wide layout-padded _wide_17hqh_1 layout-padded\">Artisten trengte stol p\u00e5 scenen under helgens konsert.<\/p>\n<p><img alt=\"Lionel Richie fotografert i april 2026. Foto: Evan Agostini \/ AP \/ NTB\" class=\"_image_jw3bv_65 layout-component layout-wide\" data-fullscreen- data-track-element-type=\"Article image fullscreen\" data-track-name=\"ImageFullscreen\" fetchpriority=\"high\" decoding=\"sync\" loading=\"eager\" height=\"2499\" itemprop=\"image\"  src=\"https:\/\/www.europesays.com\/no\/wp-content\/uploads\/2026\/09\/5e1aa93d-1cf5-3356-8156-ad428bb9a1ae.jpeg\"  style=\"object-position:0% 0%\" width=\"3500\"\/>Lionel Richie fotografert i april 2026. Foto: Evan Agostini \/ AP \/ NTB<\/p>\n<ul aria-hidden=\"true\" class=\"_images_ntbth_112\">\n<li><a class=\"_link_ntbth_117\" href=\"https:\/\/www.vg.no\/forfatter\/maren-olava-ask-hutt\" style=\"z-index:1\" title=\"Maren Olava H\u00fctt\" rel=\"nofollow noopener\" target=\"_blank\"><img alt=\"Bilde av Maren Olava H\u00fctt\" class=\"_image_ntbth_93\" fetchpriority=\"low\" loading=\"lazy\" decoding=\"async\" itemprop=\"image\"  src=\"https:\/\/www.europesays.com\/no\/wp-content\/uploads\/2026\/09\/30e9fc31-ebe1-4c78-96da-d76800c2c568.png\"  width=\"480\"\/><\/a><\/li>\n<\/ul>\n<p> Oppdatert mandag 31. august kl. 22:56    <\/p>\n<ul class=\"_list_145nj_3 _list_64s2r_85 _unordered_145nj_106 text-sans-m\">\n<li class=\"_item_145nj_30\">Lionel Richie er innlagt p\u00e5 intensivavdeling<\/li>\n<li class=\"_item_145nj_30\">Artisten slet under en konsert og m\u00e5tte sitte under \u00abAll Night Long\u00bb.<\/li>\n<li class=\"_item_145nj_30\">Legene mistenker lett dehydrering, og Richie h\u00e5per p\u00e5 utskrivelse tirsdag.<\/li>\n<li class=\"_item_145nj_30\">Tidligere i \u00e5r har Richie hatt lignende helseproblemer p\u00e5 scenen.<\/li>\n<\/ul>\n<p>Vis mer <\/p>\n<p class=\"_paragraph_145nj_4 _paragraph_6fko5_10 layout-component text-serif-m layout-normal text-serif-m layout-padded\">Den amerikanske superstjernen Lionel Richie er innlagt p\u00e5 intensivavdelingen ved et sykehus i St. Louis, melder <a href=\"https:\/\/www.tmz.com\/2026\/08\/31\/lionel-richie-hospitalized\/\" class=\"_link_145nj_39\" rel=\"nofollow noopener\" target=\"_blank\">TMZ<\/a>.<\/p>\n<p class=\"_paragraph_145nj_4 _paragraph_6fko5_10 layout-component text-serif-m layout-normal text-serif-m layout-padded\">If\u00f8lge nettstedets kilder sjekket 77-\u00e5ringen seg inn p\u00e5 sykehuset selv etter en konsert l\u00f8rdag p\u00e5 The Muny i Forest Park for \u00e5 ta noen pr\u00f8ver. Legene unders\u00f8ker n\u00e5 om \u00e5rsaken kan v\u00e6re lett dehydrering, og Richie h\u00e5per \u00e5 bli utskrevet tirsdag.<\/p>\n<p class=\"_paragraph_145nj_4 _paragraph_6fko5_10 layout-component text-serif-m layout-normal text-serif-m layout-padded\">Vitner forteller til TMZ at artisten tydelig slet mot slutten av showet. Han skal ha bedt teamet sitt om \u00e5 hente en stol, slik at han kunne sitte ned mens han fremf\u00f8rte sin siste l\u00e5t, \u00abAll Night Long\u00bb.<\/p>\n<p>Har skjedd f\u00f8r<\/p>\n<p class=\"_paragraph_145nj_4 _paragraph_6fko5_10 layout-component text-serif-m layout-normal text-serif-m layout-padded\">Det er ikke f\u00f8rste gang i \u00e5r at Richie f\u00e5r helseproblemer p\u00e5 scenen. I juni ble han fraktet til sykehus etter at han ble syk under \u00e5pningskonserten p\u00e5 sin nordamerikanske turn\u00e9 i St. Paul, Minnesota, skriver <a href=\"https:\/\/pagesix.com\/2026\/08\/31\/celebrity-news\/lionel-richie-hospitalized-in-icu-after-st-louis-show-weeks-after-dizzy-spell\/\" class=\"_link_145nj_39\" rel=\"nofollow noopener\" target=\"_blank\">Page Six<\/a>.<\/p>\n<p class=\"_paragraph_145nj_4 _paragraph_6fko5_10 layout-component text-serif-m layout-normal text-serif-m layout-padded\">Under den konserten m\u00e5tte han flere ganger sette seg ned mens han sang \u00abDancing on the Ceiling\u00bb.<\/p>\n<p class=\"_paragraph_145nj_4 _paragraph_6fko5_10 layout-component text-serif-m layout-normal text-serif-m layout-padded\"><strong class=\"_strong_145nj_25\">\u2013 F\u00f8ler du deg svimmel, s\u00e5 sett deg ned, sa Richie til publikum den gangen.<\/strong><\/p>\n<p class=\"_paragraph_145nj_4 _paragraph_6fko5_10 layout-component text-serif-m layout-normal text-serif-m layout-padded\">Konserten ble avlyst, og saksofonist Dino Soldo fortalte publikum at Richie ikke f\u00f8lte seg bra. Siden avlyste han ogs\u00e5 to konserter i Chicago og Columbus.<\/p>\n<p class=\"_paragraph_145nj_4 _paragraph_6fko5_10 layout-component text-serif-m layout-normal text-serif-m layout-padded\">Senere forsikret han fansen om at han hadde det bra.<\/p>\n<p class=\"_paragraph_145nj_4 _paragraph_6fko5_10 layout-component text-serif-m layout-normal text-serif-m layout-padded\">\u2013 Takk for hver melding, hvert vennlige ord og for all kj\u00e6rligheten. Jeg har det bra, skrev han p\u00e5 Instagram.<\/p>\n<p class=\"_paragraph_145nj_4 _paragraph_6fko5_10 layout-component text-serif-m layout-normal text-serif-m layout-padded\">TMZ har fors\u00f8kt \u00e5 komme i kontakt med Richies talsperson uten hell. <\/p>\n<p class=\"_paragraph_145nj_4 _paragraph_6fko5_10 layout-component text-serif-m layout-normal text-serif-m layout-padded\">Lionel Richie har i flere \u00e5r v\u00e6rt dommer p\u00e5 <a href=\"https:\/\/www.vg.no\/tag\/american-idol?utm_source=vg-article&amp;utm_medium=auto-tagger&amp;utm_campaign=oElJaK\" class=\"_link_145nj_39\" rel=\"nofollow noopener\" target=\"_blank\">American Idol<\/a>. Slik gikk det da en av deltagerne fikk tilbakemelding av ham i 2021: <\/p>\n","protected":false},"excerpt":{"rendered":"Artisten trengte stol p\u00e5 scenen under helgens konsert. Lionel Richie fotografert i april 2026. Foto: Evan Agostini \/&hellip;\n","protected":false},"author":2,"featured_media":339710,"comment_status":"","ping_status":"","sticky":false,"template":"","format":"standard","meta":{"footnotes":"","_share_on_mastodon":"0"},"categories":[58],"tags":[17959,71,30,28,29,72,46],"class_list":["post-339709","post","type-post","status-publish","format-standard","has-post-thumbnail","category-underholdning","tag-american-idol","tag-entertainment","tag-no","tag-norge","tag-norway","tag-underholdning","tag-vgai"],"share_on_mastodon":{"url":"https:\/\/pubeurope.com\/@no\/117194231488221760","error":""},"_links":{"self":[{"href":"https:\/\/www.europesays.com\/no\/wp-json\/wp\/v2\/posts\/339709","targetHints":{"allow":["GET"]}}],"collection":[{"href":"https:\/\/www.europesays.com\/no\/wp-json\/wp\/v2\/posts"}],"about":[{"href":"https:\/\/www.europesays.com\/no\/wp-json\/wp\/v2\/types\/post"}],"author":[{"embeddable":true,"href":"https:\/\/www.europesays.com\/no\/wp-json\/wp\/v2\/users\/2"}],"replies":[{"embeddable":true,"href":"https:\/\/www.europesays.com\/no\/wp-json\/wp\/v2\/comments?post=339709"}],"version-history":[{"count":0,"href":"https:\/\/www.europesays.com\/no\/wp-json\/wp\/v2\/posts\/339709\/revisions"}],"wp:featuredmedia":[{"embeddable":true,"href":"https:\/\/www.europesays.com\/no\/wp-json\/wp\/v2\/media\/339710"}],"wp:attachment":[{"href":"https:\/\/www.europesays.com\/no\/wp-json\/wp\/v2\/media?parent=339709"}],"wp:term":[{"taxonomy":"category","embeddable":true,"href":"https:\/\/www.europesays.com\/no\/wp-json\/wp\/v2\/categories?post=339709"},{"taxonomy":"post_tag","embeddable":true,"href":"https:\/\/www.europesays.com\/no\/wp-json\/wp\/v2\/tags?post=339709"}],"curies":[{"name":"wp","href":"https:\/\/api.w.org\/{rel}","templated":true}]}}