{"id":339721,"date":"2026-09-01T06:10:11","date_gmt":"2026-09-01T06:10:11","guid":{"rendered":"https:\/\/www.europesays.com\/no\/339721\/"},"modified":"2026-09-01T06:10:11","modified_gmt":"2026-09-01T06:10:11","slug":"drivstoff-bensin-drivstoffprisene-har-skutt-i-vaeret-opp-sju-kroner-i-haugesund","status":"publish","type":"post","link":"https:\/\/www.europesays.com\/no\/339721\/","title":{"rendered":"Drivstoff, Bensin | Drivstoffprisene har skutt i v\u00e6ret \u2013 opp sju kroner i Haugesund"},"content":{"rendered":"\n<p><b>POLITIKK: <\/b>\u00d8kningen i avgiftene blir p\u00e5 4,71 kroner per liter for bensin og 4,51 kroner per liter for diesel, opplyser bransjeforeningen Drivkraft Norge til NTB.<\/p>\n<p>Mandag ettermiddag var det k\u00f8 ved bensinpumpene flere steder p\u00e5 Haugalandet. Et eksempel er Uno X i Karmsundgata. Her kostet bensin 19,79 kroner, og diesel 20,79 kroner mandag kveld. Tirsdag morgen er prisen hele 26,67 for bensin og 27,76 for diesel her.\u00a0<\/p>\n<p>P\u00e5 Flotmyr er prisen enda h\u00f8yere \u2013 27,63 for bensin og 29,32 (!) for diesel.\u00a0<\/p>\n<p>   <img decoding=\"async\" width=\"4032\" height=\"3024\" fetchpriority=\"low\"  loading=\"lazy\"  src=\"https:\/\/www.europesays.com\/no\/wp-content\/uploads\/2026\/09\/IMG_6707.JPG\" alt=\"\" class=\"brick-c-cFOWSL\" style=\"--brick-image-ratio: 4032 \/ 3024;\"\/><\/p>\n<p>      I K\u00d8: Mandag kveld benyttet flere anledningen til \u00e5 fylle tanken f\u00f8r avgiftene \u00f8kes igjen.<br \/>\n      Foto: Terje St\u00f8rksen\n    <\/p>\n<p>   <img decoding=\"async\" width=\"5712\" height=\"4284\" fetchpriority=\"low\"  loading=\"lazy\"  src=\"https:\/\/www.europesays.com\/no\/wp-content\/uploads\/2026\/09\/IMG_7073.jpg\" alt=\"\" class=\"brick-c-cFOWSL\" style=\"--brick-image-ratio: 5712 \/ 4284;\"\/><\/p>\n<p>      Slik ser det ut tirsdag morgen.<br \/>\n      Foto: Tone Lutcherath\n    <\/p>\n<p>Avgiftene har v\u00e6rt midlertidig kuttet fram til 1. september etter et vedtak i Stortinget f\u00f8r p\u00e5ske. I mai ble ogs\u00e5 CO2-avgift p\u00e5 diesel redusert.<\/p>\n<p>Den gang var det de borgerlige partiene i allianse med Senterpartiet som tvang fram avgiftskuttet &#8211; mot regjeringens vilje.<\/p>\n<p>P\u00e5 Shell Karmsundgata m\u00f8ter vi Lee Robertson.\u00a0<\/p>\n<p><b>\u2013 Vi glemte \u00e5 fylle tanken i g\u00e5r, s\u00e5 da m\u00e5tte det bli i dag, sier den blide mannen. <\/b><\/p>\n<p>\u2013 Hva tenker du om at det har \u00f8kt s\u00e5pass kraftig? <\/p>\n<p>\u2013 Det er jo ikke s\u00e5 g\u00f8y, men vi m\u00e5 jo ha bensin. Jeg gidder ikke bruke s\u00e5 mye energi p\u00e5 det, sier han smilende.\u00a0<\/p>\n<p>Full tank ble det ogs\u00e5.\u00a0<\/p>\n<p>   <img decoding=\"async\" width=\"5712\" height=\"4284\" fetchpriority=\"low\"  loading=\"lazy\"  src=\"https:\/\/www.europesays.com\/no\/wp-content\/uploads\/2026\/09\/IMG_7075 (1).jpg\" alt=\"\" class=\"brick-c-cFOWSL\" style=\"--brick-image-ratio: 5712 \/ 4284;\"\/><\/p>\n<p>      GLAD: Lee Robertson gidder ikke bruke s\u00e5 mye energi p\u00e5 bensinprisene, og tok det hele med godt hum\u00f8r.<br \/>\n      Foto: Tone Lutcherath\n    <\/p>\n<p>  Ble ikke forlenget<\/p>\n<p>Da Frp og Senterpartiet etter sommeren pr\u00f8vde \u00e5 f\u00e5 med seg de andre partiene p\u00e5 en forlengelse videre etter 1. september, sa H\u00f8yre nei, og det var ikke noe flertall i Stortinget.<\/p>\n<p><b>I etterkant sendte <a href=\"https:\/\/www.nationen.no\/advarer-hoyre-ledelsen-veldig-sjelden-at-vi-engasjerer-oss-sann-som-na\/s\/5-148-959389\" rel=\"Follow nofollow noopener\" target=\"_blank\">en rekke kommunelag<\/a> i H\u00f8yre protestbrev til partilederen. Kvinnherad og Fitjar var blant lokallagene som gjorde dette, men forel\u00f8pig har det ikke nyttet. <\/b><\/p>\n<p>Dermed g\u00e5r avgiftene tilbake til vanlig niv\u00e5.<\/p>\n<p>Kvinnherad-ordf\u00f8rer Vegard Bj\u00f8rnevik (H) pekte <a href=\"https:\/\/www.nationen.no\/advarer-hoyre-ledelsen-veldig-sjelden-at-vi-engasjerer-oss-sann-som-na\/s\/5-148-959389\" rel=\"Follow nofollow noopener\" target=\"_blank\">p\u00e5 at hans eget parti spilte en n\u00f8kkelrolle<\/a> i \u00e5 fronte avgiftskuttet i Stortinget i v\u00e5r, og mener partiledelsen n\u00e5 \u00abb\u00f8r st\u00e5 l\u00f8pet ut\u00bb.<\/p>\n<p>\u2013 Jeg er glad for at Ine Marie Eriksen S\u00f8reide sier at dersom krisen kommer tilbake, s\u00e5 vil de se p\u00e5 det igjen. Men jeg mener at krisen ikke har forlatt oss, understreker han til Nationen.\u00a0<\/p>\n<p><b>Partiene p\u00e5 Stortinget har g\u00e5tt inn i en s\u00f8rgeperiode etter kong Haralds d\u00f8d og har varslet at de vil avst\u00e5 fra politisk debatt fram til etter begravelsen. NTB har derfor ikke fors\u00f8kt \u00e5 innhente noen politiske kommentarer i forbindelse med avgiftshoppet.<\/b><\/p>\n<p>G\u00e5r opp for anlegg og b\u00e5ter ogs\u00e5<\/p>\n<p>Bakgrunnen for det midlertidige avgiftskuttet var krigen i Midt\u00f8sten, som sendte drivstoffprisene kraftig oppover i vinter.<\/p>\n<p>If\u00f8lge SSB l\u00e5 bensinprisen i snitt p\u00e5 19,59 kroner per liter i juli, inkludert avgiftskuttene, mens dieselen kostet 20,25 kroner.<\/p>\n<p><b>I mars, f\u00f8r avgiftskuttet, l\u00e5 prisene p\u00e5 23,50 kroner per liter for bensin og 24,54 kroner for diesel.<\/b><\/p>\n<p>Det er ikke bare drivstoffet til biltrafikken som har v\u00e6rt midlertidig kuttet. Stortinget vedtok ogs\u00e5 kutt i avgiftene for anleggsdiesel, i drivstoffavgiftene til fiske og fangst i n\u00e6re farvann og til innenriks sj\u00f8fart.<\/p>\n<p>Alle disse g\u00e5r n\u00e5 ogs\u00e5 opp til niv\u00e5et fra f\u00f8r det midlertidige kuttet.<\/p>\n","protected":false},"excerpt":{"rendered":"POLITIKK: \u00d8kningen i avgiftene blir p\u00e5 4,71 kroner per liter for bensin og 4,51 kroner per liter for&hellip;\n","protected":false},"author":2,"featured_media":339722,"comment_status":"","ping_status":"","sticky":false,"template":"","format":"standard","meta":{"footnotes":"","_share_on_mastodon":"0"},"categories":[5],"tags":[36,2859,20,21,12026,5933,24,25,1337,15,19,22,23,17,18,13,30,28,29,14,16,41,1510,26,27],"class_list":["post-339721","post","type-post","status-publish","format-standard","has-post-thumbnail","category-overskrifter","tag-art","tag-bensin","tag-breaking-news","tag-breakingnews","tag-diesel","tag-drivstoff","tag-featured-news","tag-featurednews","tag-haugesund","tag-headlines","tag-hovedoppslag","tag-latest-news","tag-latestnews","tag-main-news","tag-mainnews","tag-news","tag-no","tag-norge","tag-norway","tag-nyheter","tag-overskrifter","tag-politikk","tag-story","tag-top-stories","tag-topstories"],"share_on_mastodon":{"url":"https:\/\/pubeurope.com\/@no\/117194301566496822","error":""},"_links":{"self":[{"href":"https:\/\/www.europesays.com\/no\/wp-json\/wp\/v2\/posts\/339721","targetHints":{"allow":["GET"]}}],"collection":[{"href":"https:\/\/www.europesays.com\/no\/wp-json\/wp\/v2\/posts"}],"about":[{"href":"https:\/\/www.europesays.com\/no\/wp-json\/wp\/v2\/types\/post"}],"author":[{"embeddable":true,"href":"https:\/\/www.europesays.com\/no\/wp-json\/wp\/v2\/users\/2"}],"replies":[{"embeddable":true,"href":"https:\/\/www.europesays.com\/no\/wp-json\/wp\/v2\/comments?post=339721"}],"version-history":[{"count":0,"href":"https:\/\/www.europesays.com\/no\/wp-json\/wp\/v2\/posts\/339721\/revisions"}],"wp:featuredmedia":[{"embeddable":true,"href":"https:\/\/www.europesays.com\/no\/wp-json\/wp\/v2\/media\/339722"}],"wp:attachment":[{"href":"https:\/\/www.europesays.com\/no\/wp-json\/wp\/v2\/media?parent=339721"}],"wp:term":[{"taxonomy":"category","embeddable":true,"href":"https:\/\/www.europesays.com\/no\/wp-json\/wp\/v2\/categories?post=339721"},{"taxonomy":"post_tag","embeddable":true,"href":"https:\/\/www.europesays.com\/no\/wp-json\/wp\/v2\/tags?post=339721"}],"curies":[{"name":"wp","href":"https:\/\/api.w.org\/{rel}","templated":true}]}}