{"id":339739,"date":"2026-09-01T06:32:17","date_gmt":"2026-09-01T06:32:17","guid":{"rendered":"https:\/\/www.europesays.com\/no\/339739\/"},"modified":"2026-09-01T06:32:17","modified_gmt":"2026-09-01T06:32:17","slug":"norwegian-sas-og-finnair-dropper-dubai-i-vinter","status":"publish","type":"post","link":"https:\/\/www.europesays.com\/no\/339739\/","title":{"rendered":"Norwegian, SAS og Finnair dropper Dubai i vinter:"},"content":{"rendered":"<p class=\"kicker bg-cyan color_mobile_bg-cyan hasTextPadding mobile-hasTextPadding\" style=\"\">Flyruter kanselleres:<\/p>\n<p class=\"subtitle \" style=\"\">Norwegian, SAS og Finnair bekrefter at de dropper flyvninger til Dubai i vinter. Dette er \u00e5rsaken.\u00a0<\/p>\n<p>\n    BLIR VANSKELIG: Det vil bli vanskeligere for nordmenn \u00e5 ta et bad i bassenget p\u00e5 Anantara The Palm Dubai Resort i Dubai i vinter. Skandinaviske flyselskaper skroter sine ruter dit. Foto: Fadel Senna \/ AFP \/Scanpix\n  <\/p>\n<p>    Kort fortalt<\/p>\n<p lang=\"nb-NO\">Norwegian, SAS og Finnair dropper Dubai i vinter.<\/p>\n<p lang=\"nb-NO\">Sikkerhet og svak ettersp\u00f8rsel oppgis som \u00e5rsak.<\/p>\n<p lang=\"nb-NO\">Reisende f\u00e5r refusjon eller ombooking.<\/p>\n<p>      Vis mer<br \/>\n      Vis mindre<\/p>\n<p>        <a href=\"https:\/\/dinside.dagbladet.no\/norgesferie\" aria-label=\"\" target=\"_blank\" rel=\" noopener nofollow\"><\/p>\n<p>            <img decoding=\"async\" src=\"https:\/\/www.europesays.com\/no\/wp-content\/uploads\/2026\/09\/Norgesferie2026.png\" alt=\"\" loading=\"lazy\"\/><\/p>\n<p>        <\/a><\/p>\n<p>Dr\u00f8mmer du om en tur til Dubai i vinter? Da m\u00e5 du v\u00e6re forberedt p\u00e5 at dr\u00f8mmen kan ryke.<\/p>\n<p>Flyselskapet Norwegian bekrefter n\u00e5 at det ikke blir noen flyvninger til Dubai denne vinteren &#8211; og slutter seg dermed til SAS og Finnair, som begge nylig har skrotet sine planer om \u00e5 fly til \u00f8rkenemiratet i vintersesongen.<\/p>\n<p>Borte fra bookingsidene\t<\/p>\n<p>Norwegian har stanset billettsalget til Dubai World Central (ogs\u00e5 kjent som Al Maktoum International Airport) fra alle sine tre store nordiske hovedstadsflyplasser: Oslo, K\u00f8benhavn og Stockholm. Rutene er ogs\u00e5 fjernet fra flyselskapets egen bookingkalender.<\/p>\n<p>        Dagbladets reiselivsekspert Odd Roar Lange gir deg noen ferske reisetips. Video: Ljosland<\/p>\n<p>&#8211; Det stemmer at vi ikke kommer til \u00e5 fly til Dubai, fra henholdsvis Oslo, Stockholm og K\u00f8benhavn for kommende vintersesong. Den ville normalt hatt oppstart i slutten av oktober. Vi har utsatt oppstarten flere ganger, n\u00e5 sist til starten av desember, f\u00f8r vi forrige uke tok en endelig avgj\u00f8relse om ikke \u00e5 tilby Dubai-flyvinger kommende vintersesong, sier Catharina Solli til DinSide.<\/p>\n<p>Hun forklarer hvorfor:<\/p>\n<p>&#8211; \u00c5rsaken til at vi ikke starter opp flyvingene igjen, etter at vi avsluttet forrige sesong f\u00f8r planlagt sluttdato, er den ustabile sikkerhetssituasjonen i Midt\u00f8sten.\u00a0Ber\u00f8rte kunder er informert med tilbud om refusjon av reisen. Der refusjon ikke er et alternativ anbefaler vi kunder om \u00e5 ta direkte kontakt med oss. Totalt er det snakk om cirka 1500 kunder, sier Catharina Solli.<\/p>\n<p>Tidligere i \u00e5r ble alle avganger til og fra Dubai stanset i flere uker etter at USA og Israel angrep Iran, en situasjon som skapte kraftig turbulens for flytrafikken i hele Midt\u00f8sten.<\/p>\n<p>SAS skrotet ruten f\u00f8r den kom i lufta\t<\/p>\n<p>Aller mest oppsiktsvekkende er kanskje SAS&#8217; snuoperasjon. Selskapet skulle etter planen gj\u00f8re comeback i Dubai for f\u00f8rste gang siden 2011, med daglige flyvninger fra K\u00f8benhavn til Dubai World Central fra 25. oktober i \u00e5r, if\u00f8lge SAS&#8217; egen <a href=\"https:\/\/www.sasgroup.net\/newsroom\/press-releases\/2026\/sas-launches-new-longhaul-routes-to-dubai-and-thailand-for-winter-202627\/\" target=\"_blank\" rel=\"nofollow noopener\">pressemelding<\/a> fra januar.\u00a0<\/p>\n<p>Ruten skulle etter planen fortsette til slutten av mars 2027.<\/p>\n<p>N\u00e5 er hele satsingen str\u00f8ket fra vinterprogrammet &#8211; f\u00f8r den overhodet fikk fly en eneste tur, noe som f\u00f8rst ble kjent via flydatatjenesten <a href=\"https:\/\/www.aeroroutes.com\/eng\/260826-sknw26dwc\" target=\"_blank\" rel=\"nofollow noopener\">AeroRoutes<\/a>.\u00a0<\/p>\n<p>        <img loading=\"lazy\" decoding=\"async\" src=\"https:\/\/www.europesays.com\/no\/wp-content\/uploads\/2026\/09\/85087758.webp\" width=\"688\" height=\"393\" alt=\"Dubai\" class=\"\" style=\"--aspect-ratio-image: 1.75; \"\/><\/p>\n<p>\n        DYRERE: Konkurransen om flypassasjerer fra Norden til Dubai er helt borte. Det betyr dyrere billetter for de som vil reise. Foto: Fadel Senna\/AFP\/Scanpix\n    <\/p>\n<p>&#8211; SAS kommer ikke til \u00e5 lansere ruten CPH-DWC som opprinnelig planlagt for vinteren 26\/27. Hoved\u00e5rsaken er ustabiliteten som har preget Midt\u00f8sten-regionen, inkludert De forente arabiske emirater, de siste m\u00e5nedene, bekrefter pressesjef i SAS, \u00d8ystein Schmidt overfor DinSide.<\/p>\n<p>&#8211; Dette har f\u00f8rt til en tydelig svekkelse i ettersp\u00f8rselen etter reiser til Golf-regionen, og vi ser derfor ikke det kommersielle grunnlaget for \u00e5 starte ruten n\u00e5. Vi vil selvf\u00f8lgelig vurdere ruten p\u00e5 nytt i framtiden.<\/p>\n<p>    <a itemprop=\"url\" href=\"https:\/\/dinside.dagbladet.no\/reise\/turistskatt-disse-fem-har-sokt\/85063416\" rel=\"nofollow noopener\" target=\"_blank\"><\/p>\n<p>        <img loading=\"lazy\" decoding=\"async\" src=\"https:\/\/www.europesays.com\/no\/wp-content\/uploads\/2026\/09\/85068000.webp\" width=\"180\" height=\"81\" alt=\"FORBEREDER SEG: Lofoten forbereder seg p\u00e5 at neste \u00e5rs turister m\u00e5 betale turistskatt. Foto: Odd Roar Lange\" class=\"lazyload\" style=\"--aspect-ratio-image: 2.22; \"\/><\/p>\n<p>        Her blir det dyrere<\/p>\n<p>    <\/a><\/p>\n<p>\u00a0&#8211; Kanselleringer har blitt sendt ut i l\u00f8pet av de siste dagene, og passasjerer som har bestilt billett vil bli ivaretatt. De vil f\u00e5 valget mellom \u00e5 f\u00e5 refundert billetten sin, eller \u00e5 bli ombooket til andre flyselskaper, sier Schmidt.<\/p>\n<p>Finnair stanser hele vinteren\t<\/p>\n<p>Ogs\u00e5 det finske flaggskipet Finnair har trukket seg helt ut av Dubai for sesongen. Selskapet opplyser at alle flyvninger mellom Helsingfors og Dubai er kansellert fra 25. oktober 2026 til 27. mars 2027 &#8211; alts\u00e5 for hele vintersesongen, if\u00f8lge <a href=\"https:\/\/www.finnair.com\/en\/flight-information\/travel-updates\/finnair-suspends-dubai-flights-for-the-winter-season-2026-2027--4375394\" target=\"_blank\" rel=\"nofollow noopener\">Finnair selv<\/a>.\u00a0<\/p>\n<p>Begrunnelsen er den fortsatt ustabile sikkerhetssituasjonen i Midt\u00f8sten, som Finnair sier ikke viser klare tegn til \u00e5 bli bedre, melder <a href=\"https:\/\/www.euronews.com\/my-europe\/2026\/08\/25\/finnair-cancels-dubai-flights-for-entire-winter-season\" target=\"_blank\" rel=\"nofollow noopener\">Euronews<\/a>.<\/p>\n<p>    <a itemprop=\"url\" href=\"https:\/\/dinside.dagbladet.no\/reise\/ikke-en-vodkaknapp\/85053823\" rel=\"nofollow noopener\" target=\"_blank\"><\/p>\n<p>        <img loading=\"lazy\" decoding=\"async\" src=\"https:\/\/www.europesays.com\/no\/wp-content\/uploads\/2026\/09\/85053841.webp\" width=\"180\" height=\"81\" alt=\"rett over deg\" class=\"lazyload\" style=\"--aspect-ratio-image: 2.22; \"\/><\/p>\n<p>        &#8211; Ikke en vodkaknapp<\/p>\n<p>    <\/a><\/p>\n<p>Det er andre gang p\u00e5 et \u00e5r at Finnair m\u00e5 kansellere Dubai-ruten. Tidligere i vinter ble b\u00e5de Dubai- og Doha-flyvningene stanset i flere uker som f\u00f8lge av krigen mellom Israel og Iran.<\/p>\n<p>Hva betyr det for deg som har booket?\t<\/p>\n<p>Har du allerede kj\u00f8pt billett til Dubai denne vinteren med et av de tre selskapene, skal du f\u00e5 pengene tilbake eller tilbud om ombooking. Norwegian bekrefter at passasjerer som hadde bestilt billetter, f\u00e5r refundert dem i sin helhet.<\/p>\n<p>Vil du likevel til sola og \u00f8rkenen denne vinteren, m\u00e5 du se deg om etter andre selskaper &#8211; blant annet flyselskapet Emirates.<\/p>\n<p>        <img loading=\"lazy\" decoding=\"async\" src=\"https:\/\/www.europesays.com\/no\/wp-content\/uploads\/2026\/09\/85087776.webp\" width=\"980\" height=\"441\" alt=\"\" class=\"\" style=\"--aspect-ratio-image: 2.22; \"\/><\/p>\n<p>        Har du et Dubaitips til meg?<\/p>\n<p class=\"subtitle\">Hei, jeg heter Odd Roar Lange og er reiseekspert og -journalist for DinSide og Dagbladet. Har du et tips eller sp\u00f8rsm\u00e5l om reiser og ferie? Send det gjerne til meg. Tips, sp\u00f8rsm\u00e5l og bilder som kan brukes til en reportasje vil bli prioritert.<\/p>\n","protected":false},"excerpt":{"rendered":"Flyruter kanselleres: Norwegian, SAS og Finnair bekrefter at de dropper flyvninger til Dubai i vinter. Dette er \u00e5rsaken.\u00a0&hellip;\n","protected":false},"author":2,"featured_media":339740,"comment_status":"","ping_status":"","sticky":false,"template":"","format":"standard","meta":{"footnotes":"","_share_on_mastodon":"0"},"categories":[56],"tags":[60,3405,61,9471,1991,15632,62,30,28,29,2379,1992,3283,4226],"class_list":["post-339739","post","type-post","status-publish","format-standard","has-post-thumbnail","category-naeringsliv","tag-business","tag-dubai","tag-economy","tag-emirates","tag-ferie","tag-finnair","tag-naeringsliv","tag-no","tag-norge","tag-norway","tag-norwegian","tag-reise","tag-sas","tag-thetravelinspector"],"share_on_mastodon":{"url":"https:\/\/pubeurope.com\/@no\/117194388822930379","error":""},"_links":{"self":[{"href":"https:\/\/www.europesays.com\/no\/wp-json\/wp\/v2\/posts\/339739","targetHints":{"allow":["GET"]}}],"collection":[{"href":"https:\/\/www.europesays.com\/no\/wp-json\/wp\/v2\/posts"}],"about":[{"href":"https:\/\/www.europesays.com\/no\/wp-json\/wp\/v2\/types\/post"}],"author":[{"embeddable":true,"href":"https:\/\/www.europesays.com\/no\/wp-json\/wp\/v2\/users\/2"}],"replies":[{"embeddable":true,"href":"https:\/\/www.europesays.com\/no\/wp-json\/wp\/v2\/comments?post=339739"}],"version-history":[{"count":0,"href":"https:\/\/www.europesays.com\/no\/wp-json\/wp\/v2\/posts\/339739\/revisions"}],"wp:featuredmedia":[{"embeddable":true,"href":"https:\/\/www.europesays.com\/no\/wp-json\/wp\/v2\/media\/339740"}],"wp:attachment":[{"href":"https:\/\/www.europesays.com\/no\/wp-json\/wp\/v2\/media?parent=339739"}],"wp:term":[{"taxonomy":"category","embeddable":true,"href":"https:\/\/www.europesays.com\/no\/wp-json\/wp\/v2\/categories?post=339739"},{"taxonomy":"post_tag","embeddable":true,"href":"https:\/\/www.europesays.com\/no\/wp-json\/wp\/v2\/tags?post=339739"}],"curies":[{"name":"wp","href":"https:\/\/api.w.org\/{rel}","templated":true}]}}