{"id":339759,"date":"2026-09-01T06:46:27","date_gmt":"2026-09-01T06:46:27","guid":{"rendered":"https:\/\/www.europesays.com\/no\/339759\/"},"modified":"2026-09-01T06:46:27","modified_gmt":"2026-09-01T06:46:27","slug":"vurdering-av-appellen-til-iphone-17-for-lanseringen-av-iphone-18-betydelige-oppgraderinger-og-et-betydelig-prisfall","status":"publish","type":"post","link":"https:\/\/www.europesays.com\/no\/339759\/","title":{"rendered":"Vurdering av appellen til iPhone 17 f\u00f8r lanseringen av iPhone 18: Betydelige oppgraderinger og et betydelig prisfall."},"content":{"rendered":"<p>Data fra analytikere indikerer at iPhone 17 fortsetter \u00e5 holde sin posisjon som verdens mest solgte <a class=\"data-link\" data-org-href=\"https:\/\/www.vietnam.vn\/no\/tag\/smartphone\" href=\"https:\/\/www.vietnam.vn\/no\/tag\/smartphone\" title=\"smarttelefon\" target=\"_blank\" rel=\"nofollow noopener\">smarttelefon<\/a> i andre kvartal 2026. Takket v\u00e6re en strategi for \u00e5 redusere utstyrsgapet mellom standardversjonen og high-end Pro-serien, tok det amerikanske teknologiselskapet 49 % av den totale globale omsetningen, selv om leveransene bare utgjorde 23 % av markedsandelen. <\/p>\n<p><img decoding=\"async\" style=\"cursor:pointer\" src=\"https:\/\/www.europesays.com\/no\/wp-content\/uploads\/2026\/09\/1788229533936_img_a195526b.webp\" alt=\"iPhone 17 p\u00e5 lanseringstidspunktet\"\/> iPhone 17 p\u00e5 lanseringstidspunktet (Foto: PC Magazine) Betydelige tekniske forbedringer p\u00e5 iPhone 17-generasjonen.<\/p>\n<p> Hovedattraktionen med iPhone 17 kommer fra konfigurasjonsforbedringene som bringer enheten n\u00e6rmere en high-end-opplevelse. En stor flaskehals i tidligere generasjoner har blitt l\u00f8st med integreringen av den jevne 120Hz ProMotion-skjermteknologien og imponerende maksimal lysstyrke, noe som forbedrer den visuelle responsen i alle oppgaver.<\/p>\n<p> N\u00e5r det gjelder prosessorkraft, er enheten utstyrt med den nye generasjonen A19-prosessor, som leverer kraftig ytelse for b\u00e5de jobb og underholdning. Standard intern lagring er oppgradert til et startniv\u00e5 p\u00e5 256 GB, kombinert med et skarpt 48 MP kamerasystem, som fullt ut oppfyller lagrings- og fotograferingskravene til den gjennomsnittlige brukeren.<\/p>\n<tr> Spesifikasjoner Detaljer om funksjonene til iPhone 17.<\/tr>\n<tr>\n<td> Skjerm<\/td>\n<td> ProMotion 120Hz, imponerende maksimal lysstyrke.<\/td>\n<\/tr>\n<tr>\n<td> Mikroprosessorer<\/td>\n<td> <a class=\"data-link\" data-org-href=\"https:\/\/www.vietnam.vn\/no\/tag\/apple\" href=\"https:\/\/www.vietnam.vn\/no\/tag\/apple\" title=\"Eple\" target=\"_blank\" rel=\"nofollow noopener\">Apple<\/a> A19<\/td>\n<\/tr>\n<tr>\n<td> Opprinnelig internminne<\/td>\n<td> 256 GB<\/td>\n<\/tr>\n<tr>\n<td> Hovedkamera<\/td>\n<td> 48 MP<\/td>\n<\/tr>\n<p> Noen begrensninger og utfordringer i praktisk erfaring.<\/p>\n<p> Til tross for maskinvarestyrkene har enheten fortsatt visse ulemper. Apple fortsetter \u00e5 opprettholde det samme overordnede designet, noe som gj\u00f8r at enheten mangler et friskt og innovativt utseende sammenlignet med tidligere generasjoner. <\/p>\n<p><img decoding=\"async\" style=\"cursor:pointer\" src=\"https:\/\/www.europesays.com\/no\/wp-content\/uploads\/2026\/09\/1788229535014_img_75b14dbd.jpeg\" alt=\"iPhone 17-detaljer\"\/><\/p>\n<p> Ved kontinuerlig drift er den faktiske batterilevetiden bare tilstrekkelig for en typisk arbeidsdag. Enheten er ogs\u00e5 utsatt for ytelsesforringelse p\u00e5 grunn av \u00f8kte temperaturer n\u00e5r den kontinuerlig h\u00e5ndterer tunge oppgaver. Dessuten er kostnadene for reservedeler og offisielle reparasjonstjenester fortsatt h\u00f8ye.<\/p>\n<p> Prisjusteringer i Vietnam f\u00f8r lanseringen av iPhone 18.<\/p>\n<p> I det vietnamesiske markedet har prisen p\u00e5 denne modellen falt betraktelig sammenlignet med den f\u00f8rste lanseringen. Den splitter nye, forseglede 256 GB-versjonen koster for tiden mellom 23 og 24 millioner VND, mens brukte modeller koster mellom 18 og 19 millioner VND.<\/p>\n<p> Med prisene som har falt betydelig og ingen tegn til \u00e5 stige f\u00f8r lanseringen av neste generasjon iPhone 18, anses dette som et passende tidspunkt for forbrukere \u00e5 vurdere \u00e5 eie en enhet med stabil ytelse og spesifikasjoner som ligner p\u00e5 Pro-serien.<\/p>\n<p class=\"mb-0\"> Kilde: https:\/\/baonghean.vn\/danh-gia-suc-hut-iphone-17-truc-them-iphone-18-ra-mat-nang-cap-vuot-troi-va-muc-gia-ha-sau-10350238.html<\/p>\n","protected":false},"excerpt":{"rendered":"Data fra analytikere indikerer at iPhone 17 fortsetter \u00e5 holde sin posisjon som verdens mest solgte smarttelefon i&hellip;\n","protected":false},"author":2,"featured_media":339760,"comment_status":"","ping_status":"","sticky":false,"template":"","format":"standard","meta":{"footnotes":"","_share_on_mastodon":"0"},"categories":[57],"tags":[26173,26171,26172,6473,25425,30,28,29,65,63,64,66,70,69,67,68],"class_list":["post-339759","post","type-post","status-publish","format-standard","has-post-thumbnail","category-vitenskap-og-teknologi","tag-iphone17pris","tag-120hz-promotion-skjerm","tag-a19-brikke","tag-iphone-17","tag-iphone-18","tag-no","tag-norge","tag-norway","tag-science","tag-science-and-technology","tag-scienceandtechnology","tag-technology","tag-teknologi","tag-vitenskap","tag-vitenskap-og-teknologi","tag-vitenskapteknologi"],"share_on_mastodon":{"url":"https:\/\/pubeurope.com\/@no\/117194443935451764","error":""},"_links":{"self":[{"href":"https:\/\/www.europesays.com\/no\/wp-json\/wp\/v2\/posts\/339759","targetHints":{"allow":["GET"]}}],"collection":[{"href":"https:\/\/www.europesays.com\/no\/wp-json\/wp\/v2\/posts"}],"about":[{"href":"https:\/\/www.europesays.com\/no\/wp-json\/wp\/v2\/types\/post"}],"author":[{"embeddable":true,"href":"https:\/\/www.europesays.com\/no\/wp-json\/wp\/v2\/users\/2"}],"replies":[{"embeddable":true,"href":"https:\/\/www.europesays.com\/no\/wp-json\/wp\/v2\/comments?post=339759"}],"version-history":[{"count":0,"href":"https:\/\/www.europesays.com\/no\/wp-json\/wp\/v2\/posts\/339759\/revisions"}],"wp:featuredmedia":[{"embeddable":true,"href":"https:\/\/www.europesays.com\/no\/wp-json\/wp\/v2\/media\/339760"}],"wp:attachment":[{"href":"https:\/\/www.europesays.com\/no\/wp-json\/wp\/v2\/media?parent=339759"}],"wp:term":[{"taxonomy":"category","embeddable":true,"href":"https:\/\/www.europesays.com\/no\/wp-json\/wp\/v2\/categories?post=339759"},{"taxonomy":"post_tag","embeddable":true,"href":"https:\/\/www.europesays.com\/no\/wp-json\/wp\/v2\/tags?post=339759"}],"curies":[{"name":"wp","href":"https:\/\/api.w.org\/{rel}","templated":true}]}}