{"id":339773,"date":"2026-09-01T07:05:20","date_gmt":"2026-09-01T07:05:20","guid":{"rendered":"https:\/\/www.europesays.com\/no\/339773\/"},"modified":"2026-09-01T07:05:20","modified_gmt":"2026-09-01T07:05:20","slug":"naeringsliv-kong-harald-heidi-fikk-en-uvanlig-hektisk-helg-vi-er-nesten-tomme-for-hvite-roser","status":"publish","type":"post","link":"https:\/\/www.europesays.com\/no\/339773\/","title":{"rendered":"N\u00e6ringsliv, Kong Harald | Heidi fikk en uvanlig hektisk helg: \u2013 Vi er nesten tomme for hvite roser"},"content":{"rendered":"<p>      N\u00e6ringsliv, Kong Harald | Heidi fikk en uvanlig hektisk helg: \u2013 Vi er nesten tomme for hvite roser<\/p>\n<p>        <a href=\"#main-content-begin\" class=\"maelstrom-skip-link\"><br \/>\n    G\u00e5 til sidens hovedinnhold<br \/>\n<\/a><\/p>\n<p>   <img decoding=\"async\" width=\"5760\" height=\"3840\" fetchpriority=\"high\"  loading=\"eager\"  src=\"https:\/\/www.europesays.com\/no\/wp-content\/uploads\/2026\/09\/IMGL3642 (1).jpg\" alt=\"\" class=\"brick-c-cFOWSL\" style=\"--brick-image-ratio: 5760 \/ 3840;\"\/><\/p>\n<p>      Det ble en hektisk helg for Heidi Larsen og kollegene p\u00e5 Thon Senter Borg. N\u00e5r avisen kommer innom mandag morgen, har det roet seg, men enkelte blomster er det knapt noen igjen av.<br \/>\n      Foto: Anie Olsen\n    <\/p>\n<p>Publisert: 01.09.26 01:30<\/p>\n<p data-content=\"lead-text\" class=\"lead-text story article--c-eOZvhA\">\n<p>          Mange sarpinger handlet blomster lokalt f\u00f8r de satte kursen mot hovedstaden. Hos Mester Gr\u00f8nn p\u00e5 Borg merket de raskt den store p\u00e5gangen.\n      <\/p>\n<p>    Plussmerking. Denne artikkelen kan bare leses av abonnenter<\/p>\n<p>  For abonnenter<\/p>\n<p>    <a href=\"https:\/\/www.sa.no\/\" class=\"logo\" aria-label=\"G\u00e5 til Sarpsborg Arbeiderblad hovedside\" rel=\"nofollow noopener\" target=\"_blank\"><br \/>\n        <img decoding=\"async\" src=\"https:\/\/assets.acdn.no\/local\/v3\/publications\/www.sa.no\/gfx\/small.svg\" alt=\"G\u00e5 til Sarpsborg Arbeiderblad hovedside\" height=\"66\" width=\"auto\" loading=\"lazy\"\/><br \/>\n    <\/a><\/p>\n<p>Alt innhold og tilh\u00f8rende data p\u00e5 v\u00e5re nettsider er underlagt opphavsrett og kan ikke brukes uten samtykke. Dette gjelder ogs\u00e5 for all skraping, crawling, salg eller videredistribusjon.<\/p>\n<p>Sarpsborg Arbeiderblad \u00a9 2026<\/p>\n<p>    <a href=\"https:\/\/www.redaktor.no\/ressurser\/temaer\/redaktoransvar\" rel=\"noopener nofollow\" target=\"_blank\"><br \/>\n        <img decoding=\"async\" alt=\"G\u00e5 til redaktor.no for \u00e5 lese om redakt\u00f8ransvar\" class=\"redaktoransvar\" src=\"https:\/\/r.acdn.no\/brandheader\/default\/redaktoransvar.svg\" height=\"85\" width=\"85\" loading=\"lazy\"\/><br \/>\n    <\/a><\/p>\n","protected":false},"excerpt":{"rendered":"N\u00e6ringsliv, Kong Harald | Heidi fikk en uvanlig hektisk helg: \u2013 Vi er nesten tomme for hvite roser&hellip;\n","protected":false},"author":2,"featured_media":339774,"comment_status":"","ping_status":"","sticky":false,"template":"","format":"standard","meta":{"footnotes":"","_share_on_mastodon":"0"},"categories":[10],"tags":[20,21,24,25,15,22,23,13,30,28,29,14,16,26,27],"class_list":["post-339773","post","type-post","status-publish","format-standard","has-post-thumbnail","category-norge","tag-breaking-news","tag-breakingnews","tag-featured-news","tag-featurednews","tag-headlines","tag-latest-news","tag-latestnews","tag-news","tag-no","tag-norge","tag-norway","tag-nyheter","tag-overskrifter","tag-top-stories","tag-topstories"],"share_on_mastodon":{"url":"https:\/\/pubeurope.com\/@no\/117194517908020935","error":""},"_links":{"self":[{"href":"https:\/\/www.europesays.com\/no\/wp-json\/wp\/v2\/posts\/339773","targetHints":{"allow":["GET"]}}],"collection":[{"href":"https:\/\/www.europesays.com\/no\/wp-json\/wp\/v2\/posts"}],"about":[{"href":"https:\/\/www.europesays.com\/no\/wp-json\/wp\/v2\/types\/post"}],"author":[{"embeddable":true,"href":"https:\/\/www.europesays.com\/no\/wp-json\/wp\/v2\/users\/2"}],"replies":[{"embeddable":true,"href":"https:\/\/www.europesays.com\/no\/wp-json\/wp\/v2\/comments?post=339773"}],"version-history":[{"count":0,"href":"https:\/\/www.europesays.com\/no\/wp-json\/wp\/v2\/posts\/339773\/revisions"}],"wp:featuredmedia":[{"embeddable":true,"href":"https:\/\/www.europesays.com\/no\/wp-json\/wp\/v2\/media\/339774"}],"wp:attachment":[{"href":"https:\/\/www.europesays.com\/no\/wp-json\/wp\/v2\/media?parent=339773"}],"wp:term":[{"taxonomy":"category","embeddable":true,"href":"https:\/\/www.europesays.com\/no\/wp-json\/wp\/v2\/categories?post=339773"},{"taxonomy":"post_tag","embeddable":true,"href":"https:\/\/www.europesays.com\/no\/wp-json\/wp\/v2\/tags?post=339773"}],"curies":[{"name":"wp","href":"https:\/\/api.w.org\/{rel}","templated":true}]}}